{"id":922,"date":"2019-11-10T21:48:16","date_gmt":"2019-11-10T20:48:16","guid":{"rendered":"http:\/\/lbcomunicazione.org\/?p=922"},"modified":"2019-11-11T11:33:36","modified_gmt":"2019-11-11T10:33:36","slug":"approfondimento-sul-consi","status":"publish","type":"post","link":"https:\/\/lbcomunicazione.org\/index.php\/2019\/11\/10\/approfondimento-sul-consi\/","title":{"rendered":"Approfondimento sul ConS\u00ec"},"content":{"rendered":"<p>&#x270d;&#x270d;Approfondimento sul ConS\u00ec&#x270d;&#x270d; Articolo di Stefano Cargnelutti &#x270d;&#x270d; Gorizia&#x270d;&#x270d;<\/p>\n<p>&nbsp;<\/p>\n<h1><strong>Approfondimento sul <a href=\"https:\/\/con-si.it\">ConS\u00ec<\/a><\/strong><\/h1>\n<p><span style=\"font-weight: 400;\"><strong>Marted\u00ec 5 novembre c\u2019\u00e8 stato un incontro a Ruda<\/strong>, piccolo paesino nel Friuli Venezia Giulia, un incontro dove era presente il Dott. <strong>Fabrizio Azzolini<\/strong> (RR Veneto). Tema della serata: Approfondimento sul <a href=\"https:\/\/con-si.it\">ConS\u00ec<\/a> (<em>Consorzi Sicuri<\/em>).<\/span><\/p>\n<p><span style=\"font-weight: 400;\">L\u2019incontro, avvenuto su invito causa la limitata disponibilit\u00e0 di posti, \u00e8 stato registrato e reso pubblico a tutti attraverso il canale youtube <a href=\"https:\/\/www.youtube.com\/channel\/UChFtAMbNZVMGXZkLCRg8EIg\">Coemm &amp; Clemm TV<\/a> ,\u00a0<\/span><\/p>\n<p>&nbsp;<\/p>\n<h2><strong>I principali punti che si possono trovare guardando il video<\/strong><\/h2>\n<p><span style=\"font-weight: 400;\"><strong>Consorzio <a href=\"https:\/\/con-si.it\">ConS\u00ec<\/a>, in pratica \u00e8\u00a0 un\u2019associazione<\/strong> (clicca <a href=\"https:\/\/youtu.be\/RQBqk7AN6gQ?t=102\">QUI<\/a>) legata con il nome di <\/span><i><span style=\"font-weight: 400;\">consortium<\/span><\/i><span style=\"font-weight: 400;\">, per indicare un numero persone che lavorano per un unico obiettivo; un obiettivo che \u00e8 uno dei pilastri del progetto COEMM.<\/span><\/p>\n<p><span style=\"font-weight: 400;\">Azzolini spiega che<strong> il <a href=\"https:\/\/con-si.it\">ConS\u00ec<\/a> non \u00e8 una invenzione<\/strong>, ma \u00e8 una sintesi (clicca <a href=\"https:\/\/youtu.be\/RQBqk7AN6gQ?t=783\">QUI<\/a>) di tanti problemi e attivit\u00e0, &#8230;dopo averli studiati e messi in ordine, si \u00e8\u00a0 giunti al progetto del <a href=\"https:\/\/con-si.it\">ConS\u00ec<\/a>.<\/span><\/p>\n<p><span style=\"font-weight: 400;\"><strong>Nulla di rischioso<\/strong>, il rischio \u00e8 lo stesso che pu\u00f2 avere un comune padre di famiglia (clicca <a href=\"https:\/\/youtu.be\/RQBqk7AN6gQ?t=1032\">QUI<\/a>).\u00a0 <\/span><span style=\"font-weight: 400;\">Nel <a href=\"https:\/\/con-si.it\">ConS\u00ec<\/a> nessuno rischia nulla, nessuno rischia la casa o cose simili.<\/span><\/p>\n<p><span style=\"font-weight: 400;\"><strong>Nelle associazioni consorzio <a href=\"https:\/\/con-si.it\">ConS\u00ec<\/a> provinciali, potranno iscriversi tutti i PO<\/strong> (clicca <a href=\"https:\/\/youtu.be\/RQBqk7AN6gQ?t=355\">QUI<\/a>). Lo faranno iscrivendosi attraverso una apposita piattaforma dedicata (clicca <a href=\"https:\/\/youtu.be\/RQBqk7AN6gQ?t=4504\">QUI<\/a>).<\/span><\/p>\n<p>&nbsp;<\/p>\n<h2><strong>Quando verr\u00e0 distribuito il microcredito<\/strong><\/h2>\n<p><span style=\"font-weight: 400;\">Appena costituito il <a href=\"https:\/\/con-si.it\">ConS\u00ec<\/a> Nazionale, il tempo di organizzarsi e la distribuzione del microcredito avverr\u00e0 il prossimo anno (clicca <a href=\"https:\/\/youtu.be\/RQBqk7AN6gQ?t=1355\">QUI<\/a>).<\/span><\/p>\n<p>&nbsp;<\/p>\n<h2><strong>Chi saranno i rappresentanti nei <a href=\"https:\/\/con-si.it\">ConS\u00ec<\/a> Nazionale?<\/strong><\/h2>\n<p><span style=\"font-weight: 400;\">\u00c8 stato scelto che ci dovr\u00e0 essere un rappresentante per ogni regione (clicca <a href=\"https:\/\/youtu.be\/RQBqk7AN6gQ?t=2575\">QUI<\/a>); non verr\u00e0 quindi utilizzato il metodo proporzionale.<\/span><\/p>\n<p>&nbsp;<\/p>\n<h2><strong>Punto principale dei <a href=\"https:\/\/con-si.it\">ConS\u00ec<\/a> sono l&#8217;uso del cuore<\/strong><\/h2>\n<p><span style=\"font-weight: 400;\">Cos\u00ec dice il dott. Azzolini: anche i professionisti (avvocati, notai, commercialisti, \u2026) che costituiscono i vari <a href=\"https:\/\/con-si.it\">ConS\u00ec<\/a>, sono stati scelti e vanno scelti guardando il cuore; chi opera, non deve essere servito (clicca <a href=\"https:\/\/youtu.be\/RQBqk7AN6gQ?t=877\">QUI<\/a>), ma deve servire, ossia deve inserire nel proprio programma di lavoro anche la donazione di parte del proprio tempo per aiutare e costruire.\u00a0 <\/span><span style=\"font-weight: 400;\">Lo deve necessariamente mettere in programma, perch\u00e9 per un professionista dire che mette a disposizione del tempo libero, non serve a nulla, &#8230;un professionista affermato, di tempo libero non ne ha.<\/span><\/p>\n<h3><strong>Ogni persona che opera nel <a href=\"https:\/\/con-si.it\">ConS\u00ec<\/a>, deve lavorare con gli stessi principi del padre di famiglia.<\/strong><\/h3>\n<p>&nbsp;<\/p>\n<h2><strong>Chi pu\u00f2 entrare nei <a href=\"https:\/\/con-si.it\">ConS\u00ec<\/a> provinciali? <\/strong><\/h2>\n<p><span style=\"font-weight: 400;\">Tutti (clicca <a href=\"https:\/\/youtu.be\/RQBqk7AN6gQ?t=1985\">QUI<\/a>), tranne i falliti. Per iscriversi bisogner\u00e0 far parte di un <a href=\"http:\/\/www.coemm.org\/\">CLEMM<\/a>.<\/span><\/p>\n<p>&nbsp;<\/p>\n<h2><strong>Come funziona il <em>microcredito<\/em><\/strong><\/h2>\n<p><span style=\"font-weight: 400;\">Il <em>microcredito<\/em> funziona (clicca <a href=\"https:\/\/youtu.be\/RQBqk7AN6gQ?t=1427\">QUI<\/a><\/span><span style=\"font-weight: 400;\">) attraverso la garanzia di alcuni partner, si far\u00e0 un progetto umanitario.<\/span><\/p>\n<p><span style=\"font-weight: 400;\"><strong>Il <em>microcredito<\/em> non dovr\u00e0 essere restituito<\/strong> (clicca <a href=\"https:\/\/youtu.be\/RQBqk7AN6gQ?t=3182\">QUI<\/a>),<strong> &#8230;ma non \u00e8 gratuito<\/strong>. Si chieder\u00e0 di donare del tempo per aiutare; \u00e8 importante che ogni persona riscopra quel valore che abbiamo perso, quello di aiutarsi a vicenda; di ascoltare e far uso del cuore.<\/span><\/p>\n<p><span style=\"font-weight: 400;\">Per questo si chiede a tutti, anche ai PO, di mettere il cuore anche per aiutare le persone in difficolt\u00e0, &#8230;compreso se qualche PO avr\u00e0 difficolt\u00e0 ad iscriversi sulla piattaforma.<\/span><\/p>\n<p>&nbsp;<\/p>\n<h3><strong>Dobbiamo ritrovare l\u2019alleanza tra di noi (clicca <a href=\"https:\/\/youtu.be\/RQBqk7AN6gQ?t=3847\">QUI<\/a>), quell\u2019alleanza che non c\u2019\u00e8 pi\u00f9.<\/strong><\/h3>\n<p>&nbsp;<\/p>\n<h2><strong>Tra le domande<\/strong><\/h2>\n<p><strong>Per i dubbiosi: chi dar\u00e0 la certezza che i soldi non dovranno essere restituiti?<\/strong><\/p>\n<p><span style=\"font-weight: 400;\">Ci sar\u00e0 un contratto, sopra ci sar\u00e0 scritto che i soldi non dovranno essere restituiti (clicca <a href=\"https:\/\/youtu.be\/RQBqk7AN6gQ?t=5190\">QUI<\/a>).<\/span><\/p>\n<p>&nbsp;<\/p>\n<p><strong>Per evitare incomprensioni e non perdere alcuna notizia, magari utile a dubbi personali, consiglio di guardare personalmente il video, perch\u00e9 veramente ricco di contenuti:<\/strong><\/p>\n<div class=\"video-container\"><iframe loading=\"lazy\" title=\"Consorzi Con SI , Approfondimento\" width=\"500\" height=\"281\" src=\"https:\/\/www.youtube.com\/embed\/RQBqk7AN6gQ?feature=oembed&#038;wmode=opaque\" frameborder=\"0\" allow=\"accelerometer; autoplay; clipboard-write; encrypted-media; gyroscope; picture-in-picture; web-share\" referrerpolicy=\"strict-origin-when-cross-origin\" allowfullscreen><\/iframe><\/div>\n<p>&nbsp;<\/p>\n<p>Altri articoli di Stefano Cargnelutti; clicca <a href=\"https:\/\/lbcomunicazione.org\/index.php\/author\/stefano\/\">QUI<\/a><\/p>\n","protected":false},"excerpt":{"rendered":"<p>&#x270d;&#x270d;Approfondimento sul ConS\u00ec&#x270d;&#x270d; Articolo di Stefano Cargnelutti &#x270d;&#x270d; Gorizia&#x270d;&#x270d; &nbsp; Approfondimento sul ConS\u00ec Marted\u00ec 5 novembre c\u2019\u00e8 stato un incontro a Ruda, piccolo paesino nel Friuli Venezia Giulia, un incontro dove era presente il Dott. Fabrizio&#46;&#46;&#46;<\/p>\n","protected":false},"author":5,"featured_media":926,"comment_status":"open","ping_status":"closed","sticky":false,"template":"","format":"image","meta":{"footnotes":""},"categories":[6],"tags":[167,127],"class_list":["post-922","post","type-post","status-publish","format-image","has-post-thumbnail","hentry","category-attualita","tag-consi","tag-microcredito","post_format-post-format-image"],"_links":{"self":[{"href":"https:\/\/lbcomunicazione.org\/index.php\/wp-json\/wp\/v2\/posts\/922","targetHints":{"allow":["GET"]}}],"collection":[{"href":"https:\/\/lbcomunicazione.org\/index.php\/wp-json\/wp\/v2\/posts"}],"about":[{"href":"https:\/\/lbcomunicazione.org\/index.php\/wp-json\/wp\/v2\/types\/post"}],"author":[{"embeddable":true,"href":"https:\/\/lbcomunicazione.org\/index.php\/wp-json\/wp\/v2\/users\/5"}],"replies":[{"embeddable":true,"href":"https:\/\/lbcomunicazione.org\/index.php\/wp-json\/wp\/v2\/comments?post=922"}],"version-history":[{"count":0,"href":"https:\/\/lbcomunicazione.org\/index.php\/wp-json\/wp\/v2\/posts\/922\/revisions"}],"wp:featuredmedia":[{"embeddable":true,"href":"https:\/\/lbcomunicazione.org\/index.php\/wp-json\/wp\/v2\/media\/926"}],"wp:attachment":[{"href":"https:\/\/lbcomunicazione.org\/index.php\/wp-json\/wp\/v2\/media?parent=922"}],"wp:term":[{"taxonomy":"category","embeddable":true,"href":"https:\/\/lbcomunicazione.org\/index.php\/wp-json\/wp\/v2\/categories?post=922"},{"taxonomy":"post_tag","embeddable":true,"href":"https:\/\/lbcomunicazione.org\/index.php\/wp-json\/wp\/v2\/tags?post=922"}],"curies":[{"name":"wp","href":"https:\/\/api.w.org\/{rel}","templated":true}]}}