{"id":8871,"date":"2023-11-19T21:57:22","date_gmt":"2023-11-19T20:57:22","guid":{"rendered":"https:\/\/lbcomunicazione.org\/?p=8871"},"modified":"2023-11-19T21:57:22","modified_gmt":"2023-11-19T20:57:22","slug":"liberi-o-dispersi","status":"publish","type":"post","link":"https:\/\/lbcomunicazione.org\/index.php\/2023\/11\/19\/liberi-o-dispersi\/","title":{"rendered":"LIBERI O DISPERSI?"},"content":{"rendered":"<blockquote><p><strong>&#8220;L&#8217;uomo crede di volere la libert\u00e0, in realt\u00e0 ne ha una grande paura. Perch\u00e9? Perch\u00e9 la libert\u00e0 lo obbliga a prendere delle decisioni, e le decisioni comportano rischi.&#8221; <\/strong><strong>E<\/strong><strong>rich Fromm<\/strong><\/p>\n<p><strong><em>Io li chiamo \u201cClic Mentali\u201d\u2026<\/em><\/strong><br \/>\n<strong><em>Si presentano regolarmente, ed entri in un circuito chiuso di abitudini costanti e spesso degeneranti..<\/em><\/strong><\/p>\n<p>Tutto questo \u00e8 normale nella propria giustificazione mentale e appare, soprattutto, essenziale\u2026<br \/>\nLa vita va vissuta con i propri errori e debolezze\u2026.ma la vita \u00e8 anche da sprecare?..<br \/>\nAh gi\u00e0\u2026ma se non ci si sente vivi\u2026. non ne vale la pena..<\/p>\n<p><strong><em>Sentirsi vivi?<\/em><\/strong><br \/>\n<strong><em>Mi arriva come una sorta di frustate, per potersi appunto sentire vivi.<\/em><\/strong><\/p>\n<p>Tutto \u00e8 un gioco, un gioco che toglie il valore reale alla vita..<br \/>\nLa vita \u00e8 una scuola, ma per imparare \u00e8 necessario spogliarsi di tutte quelle nozioni, abitudini, stili che ci rappresentano\u2026\u00e8 veramente necessario spogliarci della nostra natura contrastante..<\/p>\n<p><img loading=\"lazy\" decoding=\"async\" class=\"alignnone size-medium wp-image-8883\" src=\"https:\/\/lbcomunicazione.org\/wp-content\/uploads\/2023\/11\/FB_IMG_1665685446224-188x300.jpg\" alt=\"\" width=\"188\" height=\"300\" srcset=\"https:\/\/lbcomunicazione.org\/wp-content\/uploads\/2023\/11\/FB_IMG_1665685446224-188x300.jpg 188w, https:\/\/lbcomunicazione.org\/wp-content\/uploads\/2023\/11\/FB_IMG_1665685446224.jpg 236w\" sizes=\"auto, (max-width: 188px) 100vw, 188px\" \/><\/p>\n<p>La libert\u00e0 viene vissuta come la protezione delle proprie abitudini\u2026guai a chi le tocca.<br \/>\nLa libert\u00e0 viene spesso citata, soprattutto da chi ancora non l\u2019ha conosciuta veramente\u2026<br \/>\nSe sei libero, non la citi\u2026.perch\u00e8 non ne hai bisogno: vivi gi\u00e0 da essere libero.<br \/>\nLa libert\u00e0 \u00e8 soprattutto responsabilit\u00e0: responsabilit\u00e0 verso il proprio corpo, la propria mente, il proprio essere\u2026<br \/>\nQuando vivi in piena libert\u00e0, semplicemente trasmetti e contagi chi ti circonda perch\u00e9 sei sereno dentro\u2026e i clic mentali non hanno sopravvento su di te.<br \/>\nTroppe abitudini della mente plagiata conducono la tua vita in uno stato di ipnosi, di nebbia, e lo credi libert\u00e0\u2026.ma \u00e8 proprio chi ne \u00e8 schiavo che la invoca\u2026<\/p>\n<p><em>Il tuo corpo urla e non viene ascoltato, la tua mente \u00e8 schiava di abitudini molte volte distruttive e il tuo essere appare spento.<\/em><\/p>\n<p>Questa \u00e8 la condizione di molti umani che hanno perso il senso della vita, che non hanno mai conosciuto il piacere vero e proprio di sentirsi liberi\u2026<\/p>\n<p>Quando il tuo corpo vive in leggerezza, perfettamente funzionante, e la tua mente \u00e8 leggera, libera da meccanismi di catene e di fissazioni costanti, ecco che semplicemente questo libera l\u2019essere interiore di ognuno di noi e lo manifesta\u2026<\/p>\n<p><img loading=\"lazy\" decoding=\"async\" class=\"alignnone size-medium wp-image-8884\" src=\"https:\/\/lbcomunicazione.org\/wp-content\/uploads\/2023\/11\/FB_IMG_1695228687017-238x300.jpg\" alt=\"\" width=\"238\" height=\"300\" srcset=\"https:\/\/lbcomunicazione.org\/wp-content\/uploads\/2023\/11\/FB_IMG_1695228687017-238x300.jpg 238w, https:\/\/lbcomunicazione.org\/wp-content\/uploads\/2023\/11\/FB_IMG_1695228687017.jpg 508w\" sizes=\"auto, (max-width: 238px) 100vw, 238px\" \/><\/p>\n<p>Perch\u00e9 \u00e8 spesso necessario raggiungere i propri bassifondi per essere liberi?<br \/>\nPerch\u00e9 la nostra natura \u00e8 talmente impregnata di malfunzionamenti che hanno invaso corpo e mente trascinandoli a fondo\u2026<br \/>\nSiamo cos\u00ec rinchiusi in uno stato contaminante che non ci rendiamo conto veramente se non arrivando a vivere una grande \u201csofferenza\u201d, un grande attrito, per destarci da questo sonno\/obl\u00eco che da troppo tempo ci attanaglia.<\/p>\n<p>Chi \u00e8 veramente libero, il dolore non lo vive, tutto fluisce e anche il proprio corpo\/mente ne traggono enorme beneficio\u2026.<br \/>\nSi crea una sorta di unit\u00e0 dei corpi quando vengono liberati, e si entra in uno stato di totalit\u00e0.<br \/>\nSolo allora si pu\u00f2 vivere con un enorme senso di gratitudine, indipendentemente dalla situazione che si vive, ma dentro veramente sereni\u2026<\/p>\n<p><strong><em>&#8220;L&#8217;anima libera \u00e8 rara, ma quando la vedi la riconosci, soprattutto perch\u00e9 provi un senso di benessere quando le sei vicino &#8220;<\/em><\/strong><\/p>\n<p>Charles Bukowski<\/p><\/blockquote>\n","protected":false},"excerpt":{"rendered":"<p>&#8220;L&#8217;uomo crede di volere la libert\u00e0, in realt\u00e0 ne ha una grande paura. Perch\u00e9? Perch\u00e9 la libert\u00e0 lo obbliga a prendere delle decisioni, e le decisioni comportano rischi.&#8221; Erich Fromm Io li chiamo \u201cClic Mentali\u201d\u2026 Si&#46;&#46;&#46;<\/p>\n","protected":false},"author":12,"featured_media":8872,"comment_status":"closed","ping_status":"closed","sticky":false,"template":"","format":"image","meta":{"footnotes":""},"categories":[181],"tags":[162,858],"class_list":["post-8871","post","type-post","status-publish","format-image","has-post-thumbnail","hentry","category-riflessioni","tag-liberta","tag-responsabilita","post_format-post-format-image"],"_links":{"self":[{"href":"https:\/\/lbcomunicazione.org\/index.php\/wp-json\/wp\/v2\/posts\/8871","targetHints":{"allow":["GET"]}}],"collection":[{"href":"https:\/\/lbcomunicazione.org\/index.php\/wp-json\/wp\/v2\/posts"}],"about":[{"href":"https:\/\/lbcomunicazione.org\/index.php\/wp-json\/wp\/v2\/types\/post"}],"author":[{"embeddable":true,"href":"https:\/\/lbcomunicazione.org\/index.php\/wp-json\/wp\/v2\/users\/12"}],"replies":[{"embeddable":true,"href":"https:\/\/lbcomunicazione.org\/index.php\/wp-json\/wp\/v2\/comments?post=8871"}],"version-history":[{"count":0,"href":"https:\/\/lbcomunicazione.org\/index.php\/wp-json\/wp\/v2\/posts\/8871\/revisions"}],"wp:featuredmedia":[{"embeddable":true,"href":"https:\/\/lbcomunicazione.org\/index.php\/wp-json\/wp\/v2\/media\/8872"}],"wp:attachment":[{"href":"https:\/\/lbcomunicazione.org\/index.php\/wp-json\/wp\/v2\/media?parent=8871"}],"wp:term":[{"taxonomy":"category","embeddable":true,"href":"https:\/\/lbcomunicazione.org\/index.php\/wp-json\/wp\/v2\/categories?post=8871"},{"taxonomy":"post_tag","embeddable":true,"href":"https:\/\/lbcomunicazione.org\/index.php\/wp-json\/wp\/v2\/tags?post=8871"}],"curies":[{"name":"wp","href":"https:\/\/api.w.org\/{rel}","templated":true}]}}