{"id":8826,"date":"2023-10-29T11:41:46","date_gmt":"2023-10-29T10:41:46","guid":{"rendered":"https:\/\/lbcomunicazione.org\/?p=8826"},"modified":"2023-10-29T11:41:46","modified_gmt":"2023-10-29T10:41:46","slug":"gaza-gaza-parigi-e-con-te","status":"publish","type":"post","link":"https:\/\/lbcomunicazione.org\/index.php\/2023\/10\/29\/gaza-gaza-parigi-e-con-te\/","title":{"rendered":"Gaza, Gaza Parigi \u00e8 con te!"},"content":{"rendered":"<h5><em>Claudio Locatelli Il giornalista Combattente<\/em> a Parigi, in una manifestazione, non Autorizzata a favore di Gaza<\/h5>\n<p><img loading=\"lazy\" decoding=\"async\" class=\"alignnone size-medium wp-image-8827\" src=\"https:\/\/lbcomunicazione.org\/wp-content\/uploads\/2023\/10\/Screenshot_13-300x187.jpg\" alt=\"\" width=\"300\" height=\"187\" srcset=\"https:\/\/lbcomunicazione.org\/wp-content\/uploads\/2023\/10\/Screenshot_13-300x187.jpg 300w, https:\/\/lbcomunicazione.org\/wp-content\/uploads\/2023\/10\/Screenshot_13.jpg 480w\" sizes=\"auto, (max-width: 300px) 100vw, 300px\" \/><\/p>\n<p>Ascoltando ci\u00f2 che dice Claudio Locatelli la manifestazione per manifestare solidariet\u00e0 a Gaza non \u00e8 stata autorizzata.<\/p>\n<p><em>Per il Reportage di Claudio clicca sulla Foto:<\/em><\/p>\n<p><a href=\"https:\/\/fb.watch\/nZSw5qlaVD\/\"><img loading=\"lazy\" decoding=\"async\" class=\"size-medium wp-image-8828 aligncenter\" src=\"https:\/\/lbcomunicazione.org\/wp-content\/uploads\/2023\/10\/Screenshot_14-300x171.jpg\" alt=\"\" width=\"300\" height=\"171\" srcset=\"https:\/\/lbcomunicazione.org\/wp-content\/uploads\/2023\/10\/Screenshot_14-300x171.jpg 300w, https:\/\/lbcomunicazione.org\/wp-content\/uploads\/2023\/10\/Screenshot_14.jpg 510w\" sizes=\"auto, (max-width: 300px) 100vw, 300px\" \/><\/a><\/p>\n<p>La gente il<em> &#8220;Popolo francese&#8221;<\/em>, ha deciso di scendere in piazza dimostrando di non avere paura e di gridare : <em><strong>&#8221; GAZA, GAZA, PARIGI E&#8217;CON TE!&#8221;<\/strong><\/em><\/p>\n<p>&nbsp;<\/p>\n<h4>Aggiungo io &#8220;comune mortale&#8221; che il Mondo dovrebbe fermarsi e dire BASTA, l&#8217;Italia dovrebbe gridare &#8220;GAZA GAZA L&#8217;ITALIA E&#8217; CON TE!&#8221;.<\/h4>\n<p>E\u00a0 mi chiedo perch\u00e9 noi non ci siamo mai a dire la nostra?<\/p>\n<p>Perch\u00e9 diciamo mi dispiace, poverini&#8230;. ma non facciamo nulla?<\/p>\n<p><em>Forse perch\u00e8 pensiamo di non riuscire a fare nulla da soli,<\/em><\/p>\n<p><em>bene vi racconto una storia:<\/em><\/p>\n<p><em><strong>LA FAVOLA DEL COLIBRI\u2019\u2026 INSIEME SI PUO\u2019 FARE<\/strong><\/em><\/p>\n<p>Un&#8217;antica leggenda africana narra che un giorno nella foresta<br \/>\nscoppi\u00f2 un incendio.<br \/>\nMolti animali spaventati cominciarono a fuggire verso la montagna<br \/>\nper mettersi in salvo sulla cima innevata.<br \/>\nAltri Animali pi\u00f9 coraggiosi, tra cui il Leone, il Rinoceronte e l&#8217;Elefante<br \/>\ncominciarono a discutere sul da farsi e su come limitare i danni.<br \/>\nMentre questi discutevano, un colibr\u00ec minuscolo e delicato col suo<br \/>\nveloce battito d&#8217;ali si diresse verso il lago e prese una piccola goccia<br \/>\nd&#8217;acqua nel becco. Veloce torn\u00f2 indietro e lasci\u00f2 cadere la goccia<br \/>\nsopra la foresta invasa dalle fiamme e dal gran fumo nero.<br \/>\nGli altri animali guardavano stupiti e quasi divertiti da tale ostinata<br \/>\nazione.<br \/>\nIl leone, re della foresta, gli domand\u00f2:<br \/>\n\u201cCosa pensi di fare con una goccia? Non riuscirai mai a placare la<br \/>\nforza del fuoco\u201d<br \/>\nIl colibr\u00ec senza fermarsi replic\u00f2 deciso: \u201cForse, ma intanto faccio tutto<br \/>\nci\u00f2 che mi \u00e8 possibile\u201d.<br \/>\nDopo tali parole, un elefantino, che era rimasto in disparte con la<br \/>\nmamma, corse verso il lago e aspir\u00f2 con la piccola proboscide<br \/>\nquanta pi\u00f9 acqua possibile e la spruzz\u00f2 su un arbusto in fiamme.<br \/>\nAnche il piccolo rinoceronte segu\u00ec l&#8217;esempio dei suoi amici cuccioli e<br \/>\nriempi la sua bocca d&#8217;acqua per portarla verso il bosco.<br \/>\nDopo quegli esempi, tutti i cuccioli presenti iniziarono a prendere<br \/>\nl&#8217;acqua del lago per spegnere l&#8217;incendio.<br \/>\nA quel punto il Leone e gli altri adulti smisero di ridere del colibr\u00ec e<br \/>\ndegli altri animali e incominciarono ad aiutare i figli. Con l&#8217;aiuto di tutti<br \/>\ngli animali della savana l&#8217;incendio fu domato e a fine giornata venne<br \/>\ntotalmente spento.<br \/>\nDopo aver festeggiato il leone chiam\u00f2 il colibr\u00ec e disse davanti a tutti<br \/>\ngli animali: &#8220;Oggi ci hai insegnato che la cosa pi\u00f9 importante \u00e8 dare<br \/>\nsempre il massimo e fare sempre tutto quello che ci \u00e8 possibile,<br \/>\ngrazie al tuo esempio abbiamo capito che mettendo tutte le nostre<br \/>\nforze insieme potevamo spegnere il grande incendio.&#8221;<\/p>\n<h4 style=\"text-align: left\"><img loading=\"lazy\" decoding=\"async\" class=\"alignnone size-medium wp-image-8830\" src=\"https:\/\/lbcomunicazione.org\/wp-content\/uploads\/2023\/10\/Screenshot_15-300x212.jpg\" alt=\"\" width=\"300\" height=\"212\" srcset=\"https:\/\/lbcomunicazione.org\/wp-content\/uploads\/2023\/10\/Screenshot_15-300x212.jpg 300w, https:\/\/lbcomunicazione.org\/wp-content\/uploads\/2023\/10\/Screenshot_15.jpg 368w\" sizes=\"auto, (max-width: 300px) 100vw, 300px\" \/><\/h4>\n<p><em><strong>Il volo del colibr\u00ec ci ha ricordato che anche i nostri<\/strong><\/em><br \/>\n<em><strong>piccoli sforzi, esercitati con tenacia e tutti insieme,<\/strong><\/em><br \/>\n<em><strong>possono portare a grandi risultati.<\/strong><\/em><\/p>\n<p>&nbsp;<\/p>\n<p>ricorda&#8230;<\/p>\n<p><strong>MAI MOLLARE!<\/strong><\/p>\n<p><em>alla prossima avventura&#8230;<\/em><\/p>\n","protected":false},"excerpt":{"rendered":"<p>Claudio Locatelli Il giornalista Combattente a Parigi, in una manifestazione, non Autorizzata a favore di Gaza Ascoltando ci\u00f2 che dice Claudio Locatelli la manifestazione per manifestare solidariet\u00e0 a Gaza non \u00e8 stata autorizzata. Per il Reportage di Claudio clicca sulla Foto: La gente il &#8220;Popolo francese&#8221;, ha deciso di scendere in piazza dimostrando di non avere paura e di gridare : &#8221; GAZA, GAZA, PARIGI E&#8217;CON TE!&#8221; &nbsp; Aggiungo io &#8220;comune mortale&#8221; che il Mondo dovrebbe fermarsi e dire BASTA, l&#8217;Italia dovrebbe gridare &#8220;GAZA GAZA L&#8217;ITALIA E&#8217; CON TE!&#8221;. E\u00a0 mi chiedo perch\u00e9 noi non ci siamo mai a dire la&#46;&#46;&#46;<\/p>\n","protected":false},"author":68,"featured_media":8835,"comment_status":"closed","ping_status":"closed","sticky":false,"template":"","format":"image","meta":{"_crdt_document":"","footnotes":""},"categories":[6,18],"tags":[847,852,850],"class_list":["post-8826","post","type-post","status-publish","format-image","has-post-thumbnail","hentry","category-attualita","category-politica","tag-claudiolocatelli","tag-giornalista","tag-il-giornalista-combattente","post_format-post-format-image"],"yoast_head":"<!-- This site is optimized with the Yoast SEO plugin v26.9 - https:\/\/yoast.com\/product\/yoast-seo-wordpress\/ -->\n<title>Gaza, Gaza Parigi \u00e8 con te! - blog TG24 la comunicazione<\/title>\n<meta name=\"robots\" content=\"index, follow, max-snippet:-1, max-image-preview:large, max-video-preview:-1\" \/>\n<link rel=\"canonical\" href=\"https:\/\/lbcomunicazione.org\/index.php\/2023\/10\/29\/gaza-gaza-parigi-e-con-te\/\" \/>\n<meta property=\"og:locale\" content=\"it_IT\" \/>\n<meta property=\"og:type\" content=\"article\" \/>\n<meta property=\"og:title\" content=\"Gaza, Gaza Parigi \u00e8 con te! - blog TG24 la comunicazione\" \/>\n<meta property=\"og:description\" content=\"Claudio Locatelli Il giornalista Combattente a Parigi, in una manifestazione, non Autorizzata a favore di Gaza Ascoltando ci\u00f2 che dice Claudio Locatelli la manifestazione per manifestare solidariet\u00e0 a Gaza non \u00e8 stata autorizzata. Per il Reportage di Claudio clicca sulla Foto: La gente il &#8220;Popolo francese&#8221;, ha deciso di scendere in piazza dimostrando di non avere paura e di gridare : &#8221; GAZA, GAZA, PARIGI E&#8217;CON TE!&#8221; &nbsp; Aggiungo io &#8220;comune mortale&#8221; che il Mondo dovrebbe fermarsi e dire BASTA, l&#8217;Italia dovrebbe gridare &#8220;GAZA GAZA L&#8217;ITALIA E&#8217; CON TE!&#8221;. E\u00a0 mi chiedo perch\u00e9 noi non ci siamo mai a dire la&#046;&#046;&#046;\" \/>\n<meta property=\"og:url\" content=\"https:\/\/lbcomunicazione.org\/index.php\/2023\/10\/29\/gaza-gaza-parigi-e-con-te\/\" \/>\n<meta property=\"og:site_name\" content=\"blog TG24 la comunicazione\" \/>\n<meta property=\"article:publisher\" content=\"https:\/\/www.facebook.com\/beezzup\/\" \/>\n<meta property=\"article:published_time\" content=\"2023-10-29T10:41:46+00:00\" \/>\n<meta property=\"og:image\" content=\"https:\/\/lbcomunicazione.org\/wp-content\/uploads\/2023\/10\/photo_2023-10-29_11-38-41.jpg\" \/>\n\t<meta property=\"og:image:width\" content=\"1280\" \/>\n\t<meta property=\"og:image:height\" content=\"719\" \/>\n\t<meta property=\"og:image:type\" content=\"image\/jpeg\" \/>\n<meta name=\"author\" content=\"Pro Claudio Locatelli Reporter support\" \/>\n<meta name=\"twitter:card\" content=\"summary_large_image\" \/>\n<meta name=\"twitter:creator\" content=\"@beezzup\" \/>\n<meta name=\"twitter:site\" content=\"@beezzup\" \/>\n<meta name=\"twitter:label1\" content=\"Scritto da\" \/>\n\t<meta name=\"twitter:data1\" content=\"Pro Claudio Locatelli Reporter support\" \/>\n\t<meta name=\"twitter:label2\" content=\"Tempo di lettura stimato\" \/>\n\t<meta name=\"twitter:data2\" content=\"4 minuti\" \/>\n<script type=\"application\/ld+json\" class=\"yoast-schema-graph\">{\"@context\":\"https:\/\/schema.org\",\"@graph\":[{\"@type\":\"Article\",\"@id\":\"https:\/\/lbcomunicazione.org\/index.php\/2023\/10\/29\/gaza-gaza-parigi-e-con-te\/#article\",\"isPartOf\":{\"@id\":\"https:\/\/lbcomunicazione.org\/index.php\/2023\/10\/29\/gaza-gaza-parigi-e-con-te\/\"},\"author\":{\"name\":\"Pro Claudio Locatelli Reporter support\",\"@id\":\"https:\/\/lbcomunicazione.org\/#\/schema\/person\/0178d86fc76f77155cc7887ee85fe68c\"},\"headline\":\"Gaza, Gaza Parigi \u00e8 con te!\",\"datePublished\":\"2023-10-29T10:41:46+00:00\",\"mainEntityOfPage\":{\"@id\":\"https:\/\/lbcomunicazione.org\/index.php\/2023\/10\/29\/gaza-gaza-parigi-e-con-te\/\"},\"wordCount\":496,\"publisher\":{\"@id\":\"https:\/\/lbcomunicazione.org\/#organization\"},\"image\":{\"@id\":\"https:\/\/lbcomunicazione.org\/index.php\/2023\/10\/29\/gaza-gaza-parigi-e-con-te\/#primaryimage\"},\"thumbnailUrl\":\"https:\/\/lbcomunicazione.org\/wp-content\/uploads\/2023\/10\/photo_2023-10-29_11-38-41.jpg\",\"keywords\":[\"claudiolocatelli\",\"Giornalista\",\"Il giornalista Combattente\"],\"articleSection\":[\"attualit\u00e0\",\"politica\"],\"inLanguage\":\"it-IT\"},{\"@type\":\"WebPage\",\"@id\":\"https:\/\/lbcomunicazione.org\/index.php\/2023\/10\/29\/gaza-gaza-parigi-e-con-te\/\",\"url\":\"https:\/\/lbcomunicazione.org\/index.php\/2023\/10\/29\/gaza-gaza-parigi-e-con-te\/\",\"name\":\"Gaza, Gaza Parigi \u00e8 con te! - blog TG24 la comunicazione\",\"isPartOf\":{\"@id\":\"https:\/\/lbcomunicazione.org\/#website\"},\"primaryImageOfPage\":{\"@id\":\"https:\/\/lbcomunicazione.org\/index.php\/2023\/10\/29\/gaza-gaza-parigi-e-con-te\/#primaryimage\"},\"image\":{\"@id\":\"https:\/\/lbcomunicazione.org\/index.php\/2023\/10\/29\/gaza-gaza-parigi-e-con-te\/#primaryimage\"},\"thumbnailUrl\":\"https:\/\/lbcomunicazione.org\/wp-content\/uploads\/2023\/10\/photo_2023-10-29_11-38-41.jpg\",\"datePublished\":\"2023-10-29T10:41:46+00:00\",\"breadcrumb\":{\"@id\":\"https:\/\/lbcomunicazione.org\/index.php\/2023\/10\/29\/gaza-gaza-parigi-e-con-te\/#breadcrumb\"},\"inLanguage\":\"it-IT\",\"potentialAction\":[{\"@type\":\"ReadAction\",\"target\":[\"https:\/\/lbcomunicazione.org\/index.php\/2023\/10\/29\/gaza-gaza-parigi-e-con-te\/\"]}]},{\"@type\":\"ImageObject\",\"inLanguage\":\"it-IT\",\"@id\":\"https:\/\/lbcomunicazione.org\/index.php\/2023\/10\/29\/gaza-gaza-parigi-e-con-te\/#primaryimage\",\"url\":\"https:\/\/lbcomunicazione.org\/wp-content\/uploads\/2023\/10\/photo_2023-10-29_11-38-41.jpg\",\"contentUrl\":\"https:\/\/lbcomunicazione.org\/wp-content\/uploads\/2023\/10\/photo_2023-10-29_11-38-41.jpg\",\"width\":1280,\"height\":719},{\"@type\":\"BreadcrumbList\",\"@id\":\"https:\/\/lbcomunicazione.org\/index.php\/2023\/10\/29\/gaza-gaza-parigi-e-con-te\/#breadcrumb\",\"itemListElement\":[{\"@type\":\"ListItem\",\"position\":1,\"name\":\"Home\",\"item\":\"https:\/\/lbcomunicazione.org\/\"},{\"@type\":\"ListItem\",\"position\":2,\"name\":\"Gaza, Gaza Parigi \u00e8 con te!\"}]},{\"@type\":\"WebSite\",\"@id\":\"https:\/\/lbcomunicazione.org\/#website\",\"url\":\"https:\/\/lbcomunicazione.org\/\",\"name\":\"blogTG24lacomunicazione.org\",\"description\":\"Siamo una squadra di blogger, che desiderano dare voce a quelle notizie, realt\u00e0, associazioni, che non sono divulgate dai giornali e media\",\"publisher\":{\"@id\":\"https:\/\/lbcomunicazione.org\/#organization\"},\"potentialAction\":[{\"@type\":\"SearchAction\",\"target\":{\"@type\":\"EntryPoint\",\"urlTemplate\":\"https:\/\/lbcomunicazione.org\/?s={search_term_string}\"},\"query-input\":{\"@type\":\"PropertyValueSpecification\",\"valueRequired\":true,\"valueName\":\"search_term_string\"}}],\"inLanguage\":\"it-IT\"},{\"@type\":\"Organization\",\"@id\":\"https:\/\/lbcomunicazione.org\/#organization\",\"name\":\"blogtg24lacomunicazione\",\"url\":\"https:\/\/lbcomunicazione.org\/\",\"logo\":{\"@type\":\"ImageObject\",\"inLanguage\":\"it-IT\",\"@id\":\"https:\/\/lbcomunicazione.org\/#\/schema\/logo\/image\/\",\"url\":\"https:\/\/lbcomunicazione.org\/wp-content\/uploads\/2019\/01\/logo-cfpblogger.jpg\",\"contentUrl\":\"https:\/\/lbcomunicazione.org\/wp-content\/uploads\/2019\/01\/logo-cfpblogger.jpg\",\"width\":680,\"height\":709,\"caption\":\"blogtg24lacomunicazione\"},\"image\":{\"@id\":\"https:\/\/lbcomunicazione.org\/#\/schema\/logo\/image\/\"},\"sameAs\":[\"https:\/\/www.facebook.com\/beezzup\/\",\"https:\/\/x.com\/beezzup\",\"https:\/\/www.instagram.com\/beezzup\/\",\"https:\/\/www.pinterest.it\/beezzup\/\",\"https:\/\/www.youtube.com\/channel\/UCPeEGg5tKdoyOPK--mGE5Yg\"]},{\"@type\":\"Person\",\"@id\":\"https:\/\/lbcomunicazione.org\/#\/schema\/person\/0178d86fc76f77155cc7887ee85fe68c\",\"name\":\"Pro Claudio Locatelli Reporter support\",\"image\":{\"@type\":\"ImageObject\",\"inLanguage\":\"it-IT\",\"@id\":\"https:\/\/lbcomunicazione.org\/#\/schema\/person\/image\/\",\"url\":\"https:\/\/secure.gravatar.com\/avatar\/d4825dd10b8a5d7944ef50ea6ae7b25f19dc18e86279ae9889393e7faf587760?s=96&d=mm&r=g\",\"contentUrl\":\"https:\/\/secure.gravatar.com\/avatar\/d4825dd10b8a5d7944ef50ea6ae7b25f19dc18e86279ae9889393e7faf587760?s=96&d=mm&r=g\",\"caption\":\"Pro Claudio Locatelli Reporter support\"},\"url\":\"https:\/\/lbcomunicazione.org\/index.php\/author\/proclaudio\/\"}]}<\/script>\n<!-- \/ Yoast SEO plugin. -->","yoast_head_json":{"title":"Gaza, Gaza Parigi \u00e8 con te! - blog TG24 la comunicazione","robots":{"index":"index","follow":"follow","max-snippet":"max-snippet:-1","max-image-preview":"max-image-preview:large","max-video-preview":"max-video-preview:-1"},"canonical":"https:\/\/lbcomunicazione.org\/index.php\/2023\/10\/29\/gaza-gaza-parigi-e-con-te\/","og_locale":"it_IT","og_type":"article","og_title":"Gaza, Gaza Parigi \u00e8 con te! - blog TG24 la comunicazione","og_description":"Claudio Locatelli Il giornalista Combattente a Parigi, in una manifestazione, non Autorizzata a favore di Gaza Ascoltando ci\u00f2 che dice Claudio Locatelli la manifestazione per manifestare solidariet\u00e0 a Gaza non \u00e8 stata autorizzata. Per il Reportage di Claudio clicca sulla Foto: La gente il &#8220;Popolo francese&#8221;, ha deciso di scendere in piazza dimostrando di non avere paura e di gridare : &#8221; GAZA, GAZA, PARIGI E&#8217;CON TE!&#8221; &nbsp; Aggiungo io &#8220;comune mortale&#8221; che il Mondo dovrebbe fermarsi e dire BASTA, l&#8217;Italia dovrebbe gridare &#8220;GAZA GAZA L&#8217;ITALIA E&#8217; CON TE!&#8221;. E\u00a0 mi chiedo perch\u00e9 noi non ci siamo mai a dire la&#46;&#46;&#46;","og_url":"https:\/\/lbcomunicazione.org\/index.php\/2023\/10\/29\/gaza-gaza-parigi-e-con-te\/","og_site_name":"blog TG24 la comunicazione","article_publisher":"https:\/\/www.facebook.com\/beezzup\/","article_published_time":"2023-10-29T10:41:46+00:00","og_image":[{"width":1280,"height":719,"url":"https:\/\/lbcomunicazione.org\/wp-content\/uploads\/2023\/10\/photo_2023-10-29_11-38-41.jpg","type":"image\/jpeg"}],"author":"Pro Claudio Locatelli Reporter support","twitter_card":"summary_large_image","twitter_creator":"@beezzup","twitter_site":"@beezzup","twitter_misc":{"Scritto da":"Pro Claudio Locatelli Reporter support","Tempo di lettura stimato":"4 minuti"},"schema":{"@context":"https:\/\/schema.org","@graph":[{"@type":"Article","@id":"https:\/\/lbcomunicazione.org\/index.php\/2023\/10\/29\/gaza-gaza-parigi-e-con-te\/#article","isPartOf":{"@id":"https:\/\/lbcomunicazione.org\/index.php\/2023\/10\/29\/gaza-gaza-parigi-e-con-te\/"},"author":{"name":"Pro Claudio Locatelli Reporter support","@id":"https:\/\/lbcomunicazione.org\/#\/schema\/person\/0178d86fc76f77155cc7887ee85fe68c"},"headline":"Gaza, Gaza Parigi \u00e8 con te!","datePublished":"2023-10-29T10:41:46+00:00","mainEntityOfPage":{"@id":"https:\/\/lbcomunicazione.org\/index.php\/2023\/10\/29\/gaza-gaza-parigi-e-con-te\/"},"wordCount":496,"publisher":{"@id":"https:\/\/lbcomunicazione.org\/#organization"},"image":{"@id":"https:\/\/lbcomunicazione.org\/index.php\/2023\/10\/29\/gaza-gaza-parigi-e-con-te\/#primaryimage"},"thumbnailUrl":"https:\/\/lbcomunicazione.org\/wp-content\/uploads\/2023\/10\/photo_2023-10-29_11-38-41.jpg","keywords":["claudiolocatelli","Giornalista","Il giornalista Combattente"],"articleSection":["attualit\u00e0","politica"],"inLanguage":"it-IT"},{"@type":"WebPage","@id":"https:\/\/lbcomunicazione.org\/index.php\/2023\/10\/29\/gaza-gaza-parigi-e-con-te\/","url":"https:\/\/lbcomunicazione.org\/index.php\/2023\/10\/29\/gaza-gaza-parigi-e-con-te\/","name":"Gaza, Gaza Parigi \u00e8 con te! - blog TG24 la comunicazione","isPartOf":{"@id":"https:\/\/lbcomunicazione.org\/#website"},"primaryImageOfPage":{"@id":"https:\/\/lbcomunicazione.org\/index.php\/2023\/10\/29\/gaza-gaza-parigi-e-con-te\/#primaryimage"},"image":{"@id":"https:\/\/lbcomunicazione.org\/index.php\/2023\/10\/29\/gaza-gaza-parigi-e-con-te\/#primaryimage"},"thumbnailUrl":"https:\/\/lbcomunicazione.org\/wp-content\/uploads\/2023\/10\/photo_2023-10-29_11-38-41.jpg","datePublished":"2023-10-29T10:41:46+00:00","breadcrumb":{"@id":"https:\/\/lbcomunicazione.org\/index.php\/2023\/10\/29\/gaza-gaza-parigi-e-con-te\/#breadcrumb"},"inLanguage":"it-IT","potentialAction":[{"@type":"ReadAction","target":["https:\/\/lbcomunicazione.org\/index.php\/2023\/10\/29\/gaza-gaza-parigi-e-con-te\/"]}]},{"@type":"ImageObject","inLanguage":"it-IT","@id":"https:\/\/lbcomunicazione.org\/index.php\/2023\/10\/29\/gaza-gaza-parigi-e-con-te\/#primaryimage","url":"https:\/\/lbcomunicazione.org\/wp-content\/uploads\/2023\/10\/photo_2023-10-29_11-38-41.jpg","contentUrl":"https:\/\/lbcomunicazione.org\/wp-content\/uploads\/2023\/10\/photo_2023-10-29_11-38-41.jpg","width":1280,"height":719},{"@type":"BreadcrumbList","@id":"https:\/\/lbcomunicazione.org\/index.php\/2023\/10\/29\/gaza-gaza-parigi-e-con-te\/#breadcrumb","itemListElement":[{"@type":"ListItem","position":1,"name":"Home","item":"https:\/\/lbcomunicazione.org\/"},{"@type":"ListItem","position":2,"name":"Gaza, Gaza Parigi \u00e8 con te!"}]},{"@type":"WebSite","@id":"https:\/\/lbcomunicazione.org\/#website","url":"https:\/\/lbcomunicazione.org\/","name":"blogTG24lacomunicazione.org","description":"Siamo una squadra di blogger, che desiderano dare voce a quelle notizie, realt\u00e0, associazioni, che non sono divulgate dai giornali e media","publisher":{"@id":"https:\/\/lbcomunicazione.org\/#organization"},"potentialAction":[{"@type":"SearchAction","target":{"@type":"EntryPoint","urlTemplate":"https:\/\/lbcomunicazione.org\/?s={search_term_string}"},"query-input":{"@type":"PropertyValueSpecification","valueRequired":true,"valueName":"search_term_string"}}],"inLanguage":"it-IT"},{"@type":"Organization","@id":"https:\/\/lbcomunicazione.org\/#organization","name":"blogtg24lacomunicazione","url":"https:\/\/lbcomunicazione.org\/","logo":{"@type":"ImageObject","inLanguage":"it-IT","@id":"https:\/\/lbcomunicazione.org\/#\/schema\/logo\/image\/","url":"https:\/\/lbcomunicazione.org\/wp-content\/uploads\/2019\/01\/logo-cfpblogger.jpg","contentUrl":"https:\/\/lbcomunicazione.org\/wp-content\/uploads\/2019\/01\/logo-cfpblogger.jpg","width":680,"height":709,"caption":"blogtg24lacomunicazione"},"image":{"@id":"https:\/\/lbcomunicazione.org\/#\/schema\/logo\/image\/"},"sameAs":["https:\/\/www.facebook.com\/beezzup\/","https:\/\/x.com\/beezzup","https:\/\/www.instagram.com\/beezzup\/","https:\/\/www.pinterest.it\/beezzup\/","https:\/\/www.youtube.com\/channel\/UCPeEGg5tKdoyOPK--mGE5Yg"]},{"@type":"Person","@id":"https:\/\/lbcomunicazione.org\/#\/schema\/person\/0178d86fc76f77155cc7887ee85fe68c","name":"Pro Claudio Locatelli Reporter support","image":{"@type":"ImageObject","inLanguage":"it-IT","@id":"https:\/\/lbcomunicazione.org\/#\/schema\/person\/image\/","url":"https:\/\/secure.gravatar.com\/avatar\/d4825dd10b8a5d7944ef50ea6ae7b25f19dc18e86279ae9889393e7faf587760?s=96&d=mm&r=g","contentUrl":"https:\/\/secure.gravatar.com\/avatar\/d4825dd10b8a5d7944ef50ea6ae7b25f19dc18e86279ae9889393e7faf587760?s=96&d=mm&r=g","caption":"Pro Claudio Locatelli Reporter support"},"url":"https:\/\/lbcomunicazione.org\/index.php\/author\/proclaudio\/"}]}},"_links":{"self":[{"href":"https:\/\/lbcomunicazione.org\/index.php\/wp-json\/wp\/v2\/posts\/8826","targetHints":{"allow":["GET"]}}],"collection":[{"href":"https:\/\/lbcomunicazione.org\/index.php\/wp-json\/wp\/v2\/posts"}],"about":[{"href":"https:\/\/lbcomunicazione.org\/index.php\/wp-json\/wp\/v2\/types\/post"}],"author":[{"embeddable":true,"href":"https:\/\/lbcomunicazione.org\/index.php\/wp-json\/wp\/v2\/users\/68"}],"replies":[{"embeddable":true,"href":"https:\/\/lbcomunicazione.org\/index.php\/wp-json\/wp\/v2\/comments?post=8826"}],"version-history":[{"count":0,"href":"https:\/\/lbcomunicazione.org\/index.php\/wp-json\/wp\/v2\/posts\/8826\/revisions"}],"wp:featuredmedia":[{"embeddable":true,"href":"https:\/\/lbcomunicazione.org\/index.php\/wp-json\/wp\/v2\/media\/8835"}],"wp:attachment":[{"href":"https:\/\/lbcomunicazione.org\/index.php\/wp-json\/wp\/v2\/media?parent=8826"}],"wp:term":[{"taxonomy":"category","embeddable":true,"href":"https:\/\/lbcomunicazione.org\/index.php\/wp-json\/wp\/v2\/categories?post=8826"},{"taxonomy":"post_tag","embeddable":true,"href":"https:\/\/lbcomunicazione.org\/index.php\/wp-json\/wp\/v2\/tags?post=8826"}],"curies":[{"name":"wp","href":"https:\/\/api.w.org\/{rel}","templated":true}]}}