{"id":8793,"date":"2023-10-07T16:01:59","date_gmt":"2023-10-07T15:01:59","guid":{"rendered":"https:\/\/lbcomunicazione.org\/?p=8793"},"modified":"2023-10-07T16:41:44","modified_gmt":"2023-10-07T15:41:44","slug":"tornano-le-competizioni-internazionali-a-kiev-ucraina","status":"publish","type":"post","link":"https:\/\/lbcomunicazione.org\/index.php\/2023\/10\/07\/tornano-le-competizioni-internazionali-a-kiev-ucraina\/","title":{"rendered":"Tornano le competizioni internazionali a Kiev &#8211; Ucraina"},"content":{"rendered":"<h1>Tornano le competizioni internazionali a Kiev &#8211; Ucraina<\/h1>\n<div id=\"attachment_8795\" style=\"width: 251px\" class=\"wp-caption aligncenter\"><img loading=\"lazy\" decoding=\"async\" aria-describedby=\"caption-attachment-8795\" class=\"wp-image-8795 size-medium\" title=\"Tornano le competizioni internazionali a Kiev - Ucraina\" src=\"https:\/\/lbcomunicazione.org\/wp-content\/uploads\/2023\/10\/Screenshot_12-241x300.jpg\" alt=\"\" width=\"241\" height=\"300\" srcset=\"https:\/\/lbcomunicazione.org\/wp-content\/uploads\/2023\/10\/Screenshot_12-241x300.jpg 241w, https:\/\/lbcomunicazione.org\/wp-content\/uploads\/2023\/10\/Screenshot_12.jpg 450w\" sizes=\"auto, (max-width: 241px) 100vw, 241px\" \/><p id=\"caption-attachment-8795\" class=\"wp-caption-text\">Claudio Locatelli<\/p><\/div>\n<p>Il nostro <em>Claudio Locatelli<\/em> <strong>&#8220;Il giornalista Combattente&#8221;<\/strong>, parteciper\u00e0 alla competizione sportiva internazionale a Kiev.<\/p>\n<p>L&#8217; Ucraina vuole dimostrare che malgrado la guerra, c&#8217;\u00e8 bisogno di pace.<\/p>\n<p><em><strong>Locatelli<\/strong><\/em>, conosciuto come <em>&#8220;Il giornalista Combattente&#8221;<\/em>, \u00e8 un ragazzo che ha dato e continua dare la su vita per far conoscere la verit\u00e0; una verit\u00e0 spesso dimenticata in questi anni, ma ordita per non far mai conoscere veramente cosa succede.<\/p>\n<p>Seguitelo da oggi anche da qui, sar\u00e0 un modo per dimostrare al nostro &#8220;Giornalista Combattente&#8221;, che siamo al suo fianco!<\/p>\n<p><em><strong>Cicca sulla foto qui sotto<\/strong><\/em><\/p>\n<p><a href=\"https:\/\/fb.watch\/nx6RupimMu\/\"><img loading=\"lazy\" decoding=\"async\" class=\"alignnone wp-image-8794 size-medium\" title=\"Tornano le competizioni internazionali a Kiev - Ucraina\" src=\"https:\/\/lbcomunicazione.org\/wp-content\/uploads\/2023\/10\/Screenshot_11-258x300.jpg\" alt=\"\" width=\"258\" height=\"300\" srcset=\"https:\/\/lbcomunicazione.org\/wp-content\/uploads\/2023\/10\/Screenshot_11-258x300.jpg 258w, https:\/\/lbcomunicazione.org\/wp-content\/uploads\/2023\/10\/Screenshot_11.jpg 311w\" sizes=\"auto, (max-width: 258px) 100vw, 258px\" \/><\/a><\/p>\n<p>BlogTG24 sempre al fianco di chi grida la sua verit\u00e0 con testimonianze.<\/p>\n<p>&nbsp;<\/p>\n<p>MAI MOLLARE!<\/p>\n","protected":false},"excerpt":{"rendered":"<p>Tornano le competizioni internazionali a Kiev &#8211; Ucraina Il nostro Claudio Locatelli &#8220;Il giornalista Combattente&#8221;, parteciper\u00e0 alla competizione sportiva internazionale a Kiev. L&#8217; Ucraina vuole dimostrare che malgrado la guerra, c&#8217;\u00e8 bisogno di pace. Locatelli, conosciuto&#46;&#46;&#46;<\/p>\n","protected":false},"author":68,"featured_media":8801,"comment_status":"closed","ping_status":"closed","sticky":false,"template":"","format":"image","meta":{"footnotes":""},"categories":[6,18],"tags":[847,850,848,849],"class_list":["post-8793","post","type-post","status-publish","format-image","has-post-thumbnail","hentry","category-attualita","category-politica","tag-claudiolocatelli","tag-il-giornalista-combattente","tag-kiev","tag-ucraina","post_format-post-format-image"],"_links":{"self":[{"href":"https:\/\/lbcomunicazione.org\/index.php\/wp-json\/wp\/v2\/posts\/8793","targetHints":{"allow":["GET"]}}],"collection":[{"href":"https:\/\/lbcomunicazione.org\/index.php\/wp-json\/wp\/v2\/posts"}],"about":[{"href":"https:\/\/lbcomunicazione.org\/index.php\/wp-json\/wp\/v2\/types\/post"}],"author":[{"embeddable":true,"href":"https:\/\/lbcomunicazione.org\/index.php\/wp-json\/wp\/v2\/users\/68"}],"replies":[{"embeddable":true,"href":"https:\/\/lbcomunicazione.org\/index.php\/wp-json\/wp\/v2\/comments?post=8793"}],"version-history":[{"count":0,"href":"https:\/\/lbcomunicazione.org\/index.php\/wp-json\/wp\/v2\/posts\/8793\/revisions"}],"wp:featuredmedia":[{"embeddable":true,"href":"https:\/\/lbcomunicazione.org\/index.php\/wp-json\/wp\/v2\/media\/8801"}],"wp:attachment":[{"href":"https:\/\/lbcomunicazione.org\/index.php\/wp-json\/wp\/v2\/media?parent=8793"}],"wp:term":[{"taxonomy":"category","embeddable":true,"href":"https:\/\/lbcomunicazione.org\/index.php\/wp-json\/wp\/v2\/categories?post=8793"},{"taxonomy":"post_tag","embeddable":true,"href":"https:\/\/lbcomunicazione.org\/index.php\/wp-json\/wp\/v2\/tags?post=8793"}],"curies":[{"name":"wp","href":"https:\/\/api.w.org\/{rel}","templated":true}]}}