{"id":8766,"date":"2023-08-17T12:02:20","date_gmt":"2023-08-17T11:02:20","guid":{"rendered":"https:\/\/lbcomunicazione.org\/?p=8766"},"modified":"2023-08-17T12:08:42","modified_gmt":"2023-08-17T11:08:42","slug":"spazio-dl-veneto-intervista-a-lucia-perrone","status":"publish","type":"post","link":"https:\/\/lbcomunicazione.org\/index.php\/2023\/08\/17\/spazio-dl-veneto-intervista-a-lucia-perrone\/","title":{"rendered":"Spazio DL\/Veneto intervista a Lucia Perrone"},"content":{"rendered":"<h2>Intervista a Lucia Perrone<\/h2>\n<p>&nbsp;<\/p>\n<p><img loading=\"lazy\" decoding=\"async\" class=\"size-medium wp-image-8767 aligncenter\" src=\"https:\/\/lbcomunicazione.org\/wp-content\/uploads\/2023\/08\/lucia-220x300.jpg\" alt=\"\" width=\"220\" height=\"300\" srcset=\"https:\/\/lbcomunicazione.org\/wp-content\/uploads\/2023\/08\/lucia-220x300.jpg 220w, https:\/\/lbcomunicazione.org\/wp-content\/uploads\/2023\/08\/lucia.jpg 415w\" sizes=\"auto, (max-width: 220px) 100vw, 220px\" \/><br \/>\nFondatrice del gruppo <em><strong>&#8221; Spazio DL \/ Lelle Veneto &#8220;<\/strong><\/em>, rilascia un\u2019intervista in esclusiva al nostro <strong>Blog TG24 La comunicazione<\/strong>. Le risposte alle domande poste concernono elementi utili a conoscere meglio la realt\u00e0 che si vive come &#8220;Lelle&#8221;\u00a0 (LSB).<\/p>\n<p><strong><em>Buongiorno Lucia,<\/em><\/strong><\/p>\n<p>i lettori di Blog TG24 La buona comunicazione, sono persone che apprezzano leggere idee, positivit\u00e0 nutrono un particolare interesse nei riguardi del multiforme mondo di realizzare sogni, aiutare e creare.<\/p>\n<p>&nbsp;<\/p>\n<p><img loading=\"lazy\" decoding=\"async\" class=\"size-medium wp-image-8768 aligncenter\" src=\"https:\/\/lbcomunicazione.org\/wp-content\/uploads\/2023\/08\/photo_2023-08-14_20-02-11-300x120.jpg\" alt=\"\" width=\"300\" height=\"120\" srcset=\"https:\/\/lbcomunicazione.org\/wp-content\/uploads\/2023\/08\/photo_2023-08-14_20-02-11-300x120.jpg 300w, https:\/\/lbcomunicazione.org\/wp-content\/uploads\/2023\/08\/photo_2023-08-14_20-02-11-768x307.jpg 768w, https:\/\/lbcomunicazione.org\/wp-content\/uploads\/2023\/08\/photo_2023-08-14_20-02-11-520x208.jpg 520w, https:\/\/lbcomunicazione.org\/wp-content\/uploads\/2023\/08\/photo_2023-08-14_20-02-11.jpg 960w\" sizes=\"auto, (max-width: 300px) 100vw, 300px\" \/><\/p>\n<p><em><strong>Quando, dove e come nasce, l idea di creare questo gruppo?<\/strong><\/em><\/p>\n<p><em>Sono socia della <strong>&#8220;Casa delle donne&#8221; di Padova<\/strong>. In quanto socie ci stiamo attivando per creare degli spazi fruiti dalle donne, per affrontare problematiche inerenti al genere femminile e non solo. Ci occupiamo di immigrate, organizzando corsi di italiano per straniere, presso la nostra <strong>sede di Padova in via Bettella, 38\/c<\/strong>. \u00c8 una struttura offertaci dal Comune dove allestiamo mostre di artiste, mercatini dell&#8217;usato, corsi di scrittura aperti a tutte. Personalmente ho presentato un progetto al direttivo, mirato a creare uno spazio per donne lesbiche. Sia ben chiaro che non intendo creare un gruppo chiuso, ma avvicinare quante pi\u00f9 lesbiche alla &#8220;Casa&#8221; dove potrebbero contribuire con la loro opera di volontariato e le loro proposte. <strong>Ma quello che mi preme, \u00e8 che ritengo indispensabile come servizio al genere femminile lesbico \u00e8 creare un punto socializzante, ludico, ricreativo per un genere che tende purtroppo a nascondersi e mimetizzarsi nella nostra societ\u00e0, e ha bisogno di una spintarella per manifestarsi in tutta la sua bellezza e creativit\u00e0.<\/strong><\/em><\/p>\n<p>Blog TG24 La buona comunicazione ti ringrazia e augura a te a tutto lo staff un grande &#8221; IN BOCCA AL LUPO&#8221;, e invita tutte le persone che credono e che vogliono una societ\u00e0 migliore, a riflettere su quanto detto e proposto da Lucia e di iniziare a fare la differenza in questa societ\u00e0.<\/p>\n<p>E&#8217; brutto essere emarginati etichettati come &#8220;diversi&#8221;, Amore \u00e8 amore e niente di pi\u00f9, NON importa a chi lo doni, l&#8217;importante \u00e8 donare una cosa bella.<\/p>\n<p>Questo il link per informazioni sul Gruppo Facebook, e per info di punti incontri.<\/p>\n<p><a href=\"https:\/\/t.me\/+-Eet9yYTRddiYTVk\">https:\/\/t.me\/+-Eet9yYTRddiYTVk<\/a><\/p>\n<p>Per :<\/p>\n<p><img loading=\"lazy\" decoding=\"async\" class=\"alignnone size-medium wp-image-8770\" src=\"https:\/\/lbcomunicazione.org\/wp-content\/uploads\/2023\/08\/Screenshot_6-300x165.jpg\" alt=\"\" width=\"300\" height=\"165\" srcset=\"https:\/\/lbcomunicazione.org\/wp-content\/uploads\/2023\/08\/Screenshot_6-300x165.jpg 300w, https:\/\/lbcomunicazione.org\/wp-content\/uploads\/2023\/08\/Screenshot_6-768x423.jpg 768w, https:\/\/lbcomunicazione.org\/wp-content\/uploads\/2023\/08\/Screenshot_6-520x286.jpg 520w, https:\/\/lbcomunicazione.org\/wp-content\/uploads\/2023\/08\/Screenshot_6.jpg 794w\" sizes=\"auto, (max-width: 300px) 100vw, 300px\" \/><\/p>\n<p>Blog TG24 vi saluta e vi terr\u00e0 informati per i progressi di questa avventura chiamata <em><strong>&#8221; Spazio DL \/ Lelle Veneto &#8220;<\/strong><\/em><\/p>\n<p>&nbsp;<\/p>\n<p><em>Blog tg24<\/em><\/p>\n","protected":false},"excerpt":{"rendered":"<p>Intervista a Lucia Perrone &nbsp; Fondatrice del gruppo &#8221; Spazio DL \/ Lelle Veneto &#8220;, rilascia un\u2019intervista in esclusiva al nostro Blog TG24 La comunicazione. Le risposte alle domande poste concernono elementi utili a conoscere meglio&#46;&#46;&#46;<\/p>\n","protected":false},"author":67,"featured_media":8774,"comment_status":"closed","ping_status":"closed","sticky":false,"template":"","format":"image","meta":{"footnotes":""},"categories":[726,6,71,13],"tags":[],"class_list":["post-8766","post","type-post","status-publish","format-image","has-post-thumbnail","hentry","category-anima-libera","category-attualita","category-cultura","category-interviste","post_format-post-format-image"],"_links":{"self":[{"href":"https:\/\/lbcomunicazione.org\/index.php\/wp-json\/wp\/v2\/posts\/8766","targetHints":{"allow":["GET"]}}],"collection":[{"href":"https:\/\/lbcomunicazione.org\/index.php\/wp-json\/wp\/v2\/posts"}],"about":[{"href":"https:\/\/lbcomunicazione.org\/index.php\/wp-json\/wp\/v2\/types\/post"}],"author":[{"embeddable":true,"href":"https:\/\/lbcomunicazione.org\/index.php\/wp-json\/wp\/v2\/users\/67"}],"replies":[{"embeddable":true,"href":"https:\/\/lbcomunicazione.org\/index.php\/wp-json\/wp\/v2\/comments?post=8766"}],"version-history":[{"count":0,"href":"https:\/\/lbcomunicazione.org\/index.php\/wp-json\/wp\/v2\/posts\/8766\/revisions"}],"wp:featuredmedia":[{"embeddable":true,"href":"https:\/\/lbcomunicazione.org\/index.php\/wp-json\/wp\/v2\/media\/8774"}],"wp:attachment":[{"href":"https:\/\/lbcomunicazione.org\/index.php\/wp-json\/wp\/v2\/media?parent=8766"}],"wp:term":[{"taxonomy":"category","embeddable":true,"href":"https:\/\/lbcomunicazione.org\/index.php\/wp-json\/wp\/v2\/categories?post=8766"},{"taxonomy":"post_tag","embeddable":true,"href":"https:\/\/lbcomunicazione.org\/index.php\/wp-json\/wp\/v2\/tags?post=8766"}],"curies":[{"name":"wp","href":"https:\/\/api.w.org\/{rel}","templated":true}]}}