{"id":8754,"date":"2023-06-25T20:32:23","date_gmt":"2023-06-25T19:32:23","guid":{"rendered":"https:\/\/lbcomunicazione.org\/?p=8754"},"modified":"2024-06-29T22:36:02","modified_gmt":"2024-06-29T21:36:02","slug":"lhomo-vivo-non-e-duale","status":"publish","type":"post","link":"https:\/\/lbcomunicazione.org\/index.php\/2023\/06\/25\/lhomo-vivo-non-e-duale\/","title":{"rendered":"L&#8217;homo vivo non \u00e8 duale"},"content":{"rendered":"<h1>L&#8217;<em>homo vivo<\/em> non \u00e8 duale<\/h1>\n<h3>Chi \u00e8 per me l&#8217;homo vivo?<\/h3>\n<p>L&#8217;<em>homo vivo<\/em> \u00e8 <em>anima<\/em> con un <em>corpo<\/em> ed un <em>cervello<\/em> (&#8220;mente&#8221;) <em>ospite della terra gaia<\/em>.<\/p>\n<p>La vita dell&#8217;<em>homo<\/em> \u00e8 un dono, e per vivere su gaia, l&#8217;<em>homo vivo<\/em> ha a disposizione la <em>legge naturale<\/em>, il <em>cuore<\/em> l&#8217;<em>anima<\/em> e il <em>cervello<\/em>; il cervello dell&#8217;<em>homo<\/em> \u00e8 molto particolare, perch\u00e8 \u00e8 intelligente ed \u00e8 creatore.<\/p>\n<p>&nbsp;<\/p>\n<h3>La <em>legge naturale<\/em> \u00e8 molto semplice: <em>la legge naturale \u00e8 amore<\/em><\/h3>\n<p>Quando l&#8217;<em>homo<\/em> pensa, applica, agisce, crea, comunica, si aiuta, con amore, raggiunge il massimo del suo valore. <em>Il valore dell&#8217;homo non pu\u00f2 essere misurato, perch\u00e9 \u00e8 illimitato<\/em>.<\/p>\n<p>Tutto questo \u00e8 molto semplice, fa parte di noi e vive dentro di noi; non \u00e8 scritto su libri o leggi, quindi non va studiato; <em>va risvegliato<\/em>.<\/p>\n<p>&nbsp;<\/p>\n<h3>L&#8217;homo vivo non \u00e8 duale<\/h3>\n<p>All&#8217;<em>homo<\/em> vivo non serve conoscere il bene o il male: l&#8217;<em>homo vivo<\/em> conosce ed applica solo amore!<\/p>\n<p>Durante la sua storia, l&#8217;<em>homo<\/em> ha smesso di essere <em>animale<\/em>, quando ha scoperto l&#8217;<em>amore<\/em>; l&#8217;uomo \u00e8 diventato <em>intelligente<\/em>, lo stesso giorno che per la prima volta in seguito ad un incidente, \u00e8 riuscito a rimanere in vita nonostante avesse una gamba rotta.<\/p>\n<p>Quel giorno \u00e8 avvenuto qualcosa di molto importante: l&#8217;<em>amore<\/em> ha spinto un altro uomo ad aiutare l&#8217;uomo ferito; lo ha curato, lo ha protetto, lo ha nutrito.<br \/>\nQuesta \u00e8 applicazione di <em>amore<\/em>, &#8230;e applicando l&#8217;amore, l&#8217;uomo \u00e8 capace di convertite in amore anche la stessa legge naturale.<\/p>\n<p>Tornando ai giorni d&#8217;oggi, noi <em>homivi vivi<\/em>, non abbiamo tanta necessit\u00e0 di difenderci da animali feroci, &#8230;ma ci stiamo difendendo da un sistema, un sitema che ha costruito un mondo duale, e che ci ha fatto credere che esiste il bene e il male.<\/p>\n<p>Ma non \u00e8 cos\u00ec, il bene e il male, non esistono, &#8230;soprattutto l&#8217;<em>homo<\/em> non ha bisogno n\u00e8 del bene n\u00e8 del male. Semmai \u00e8 il bene o il male, che per vivere, hanno bisogno dell&#8217;attenzione dell&#8217;homo.<\/p>\n<p>&nbsp;<\/p>\n<h3>Oggi il bene e il male ci controllano per mezzo dei soldi<\/h3>\n<p>Se oggi siamo stati controllati dal male (<em>cabala<\/em>), tra poco saremo controllati dal bene (<em>luce<\/em>). Entrambe usano i soldi, il male per mezzo dei soldi ha creato la povert\u00e0, la luce per mezzo dei soldi controller\u00e0 la felicit\u00e0.<\/p>\n<p>&nbsp;<\/p>\n<h3>Ma l&#8217;<em>homo vivo<\/em> ha bisogno di soldi? &#8230;assolutamente no!<\/h3>\n<p>L&#8217;<em>homo vivo<\/em> \u00e8 consapevole che la terra gli dona tutto il necessario per vivere in base alle proprie necessit\u00e0; \u00e8 tutto gratuito, \u00e8 sufficiente che l&#8217;<em>homo<\/em> impari a vivere con <em>amore<\/em>, donando le proprie creazioni, &#8230;smettendo di usare i soldi.<\/p>\n<p>Non dimentichiamoci mai questo, perch\u00e8 l&#8217;homo vivo ha creato una linea temporale molto importante: <strong><em>la linea temporale dell&#8217;amore, la linea temporale che ripristina la gratuit\u00e0 e il valore illimitato dell&#8217;homo<\/em><\/strong>.<\/p>\n<p>&nbsp;<\/p>\n<h3>Uso degli strumenti OPPT1776 e UCC con amore<\/h3>\n<p>Dopo questa premessa, ora dovrebbe essere semplice comprendere come l&#8217;homo vivo pu\u00f2 applicare gli strumenti conosciuti come <em>OPPT 1776<\/em> e codice <em>UCC<\/em>, senza essere duale: cio\u00e8 con amore.<\/p>\n<p>OPPT 1776 e UCC sono strumenti in <em>sovra giurisdizione<\/em> a tutte le le leggi o gli &#8220;Stati Company&#8221;, ma anch&#8217;essi sono strumenti scritti dall&#8217;uomo; si comprende quindi che la <em>legge naturale<\/em>, che \u00e8 l&#8217;unica legge non scritta dall&#8217;uomo \u00e8 in <em>sovra giurisdizione<\/em> anche a questi strumenti, &#8230;e l&#8217;homo vivo, riconosce e rispetta solo la <em>legge naturale<\/em>.<\/p>\n<p>Come homo vivo, dopo la <em>riconciliazione<\/em>, potrei tranquillamente limitarmi a rigettare qualsiasi vessazione perch\u00e8 il destinatario, la persona fisica ricevente le vessazioni, di fatto non esiste pi\u00f9.<\/p>\n<p>&nbsp;<\/p>\n<h3>I Facenti Funzione sono <em>homini<\/em> che devono comprendere<\/h3>\n<p>Tuttavia, con amore, preferisco cercare di portare consapevolezza agli <em>homini<\/em> che svolgono il ruolo di <em>Facente Funzione<\/em>, perch\u00e8 agendo con amore, anche loro meritano di essere aiutati a comprendere; se comprenderanno, potranno agire nel rispetto delle leggi naturali, &#8230;perch\u00e9 tutti i Facenti Funzione sanno che <em>un ordine sbagliato non va eseguito<\/em>.<\/p>\n<p>Ecco quindi che quando uso gli strumenti per difendermi e creo ad esempio un Affidavit, &#8230;cerco di farlo con amore.<\/p>\n<p>Applicare il codice UCC non \u00e8 agire con amore, \u00e8 continuare ad agire usando la dualit\u00e0, dando forza al bene o al male, &#8230;<em>metre io sono solo amore<\/em>, &#8230;quindi con amore, non applico UCC ma <em><strong>uso UCC e OPPT 1776 per portare consapevolezza e permettere l&#8217;applicazione della legge naturale<\/strong><\/em>.<\/p>\n<p>A questo punto, sar\u00e0 l&#8217;<em>homo<\/em> che svolge il ruolo di <em>Facente Funzione<\/em> a decidere se comprendere e svolgere il proprio lavoro con <em>onore<\/em>, oppure per la <em>legge naturale<\/em>, <em>rischiando di agire da tiranno<\/em>.<\/p>\n<p>Come<em> homo vivo<\/em>, cerco di agire con amore, e lascio a qualcun altro il compito di giudicare l&#8217;operato dell&#8217;<em>homo<\/em> facente funzione. Le leggi scritte dall&#8217;uomo si permettono sempre di giudicare, mentre l&#8217;homo vivo IAM \u00e8 consapevole che l&#8217;unico giudice \u00e8 il &#8220;<em>primo creatore<\/em>&#8220;.<\/p>\n<p>Vi lascio la bozza dell&#8217; <em>Affidavit creatori<\/em> che riassume quanto ho scritto in questo articolo: questa bozza non va utilizzata come tale, &#8230;ovvero pu\u00f2 essere letta, meditata, modificata, cancellata o integrata; utilizzata in base alla propria consapevolezza.<\/p>\n<p>Clicca <a href=\"https:\/\/drive.google.com\/file\/d\/1VUjzLCVvpfBrtn_Y1MrZH5bwlEWOceiJ\/view?usp=drive_link\">QUI<\/a> per scaricare una copia dell&#8217;<em>Affidavit creatori<\/em><\/p>\n<p>&nbsp;<\/p>\n<p><strong>Tutti gli articoli della sezione OPPT 1776 \u2013 La Nazione: clicca\u00a0<a href=\"https:\/\/lbcomunicazione.org\/index.php\/oppt-1776-la-nazione-noi-e-io-sono\/\">QUI<\/a><\/strong><\/p>\n","protected":false},"excerpt":{"rendered":"<p>L&#8217;homo vivo non \u00e8 duale Chi \u00e8 per me l&#8217;homo vivo? L&#8217;homo vivo \u00e8 anima con un corpo ed un cervello (&#8220;mente&#8221;) ospite della terra gaia. La vita dell&#8217;homo \u00e8 un dono, e per vivere su gaia, l&#8217;homo vivo ha a disposizione la legge naturale, il cuore l&#8217;anima e il cervello; il cervello dell&#8217;homo \u00e8 molto particolare, perch\u00e8 \u00e8 intelligente ed \u00e8 creatore. &nbsp; La legge naturale \u00e8 molto semplice: la legge naturale \u00e8 amore Quando l&#8217;homo pensa, applica, agisce, crea, comunica, si aiuta, con amore, raggiunge il massimo del suo valore. Il valore dell&#8217;homo non pu\u00f2 essere misurato, perch\u00e9 \u00e8&#46;&#46;&#46;<\/p>\n","protected":false},"author":5,"featured_media":8757,"comment_status":"closed","ping_status":"closed","sticky":false,"template":"","format":"image","meta":{"_crdt_document":"","footnotes":""},"categories":[703],"tags":[753,843,840,704],"class_list":["post-8754","post","type-post","status-publish","format-image","has-post-thumbnail","hentry","category-oppt-1776-la-nazione","tag-affidavit-di-assoluta-verita","tag-homo-vivo","tag-la-nazione","tag-oppt-1776","post_format-post-format-image"],"yoast_head":"<!-- This site is optimized with the Yoast SEO plugin v26.9 - https:\/\/yoast.com\/product\/yoast-seo-wordpress\/ -->\n<title>L&#039;homo vivo non \u00e8 duale - blog TG24 la comunicazione<\/title>\n<meta name=\"description\" content=\"All&#039;homo vivo non serve conoscere il bene o il male: l&#039;homo vivo conosce ed applica solo amore! ...anche quando si difende\" \/>\n<meta name=\"robots\" content=\"index, follow, max-snippet:-1, max-image-preview:large, max-video-preview:-1\" \/>\n<link rel=\"canonical\" href=\"https:\/\/lbcomunicazione.org\/index.php\/2023\/06\/25\/lhomo-vivo-non-e-duale\/\" \/>\n<meta property=\"og:locale\" content=\"it_IT\" \/>\n<meta property=\"og:type\" content=\"article\" \/>\n<meta property=\"og:title\" content=\"L&#039;homo vivo non \u00e8 duale - blog TG24 la comunicazione\" \/>\n<meta property=\"og:description\" content=\"All&#039;homo vivo non serve conoscere il bene o il male: l&#039;homo vivo conosce ed applica solo amore! ...anche quando si difende\" \/>\n<meta property=\"og:url\" content=\"https:\/\/lbcomunicazione.org\/index.php\/2023\/06\/25\/lhomo-vivo-non-e-duale\/\" \/>\n<meta property=\"og:site_name\" content=\"blog TG24 la comunicazione\" \/>\n<meta property=\"article:publisher\" content=\"https:\/\/www.facebook.com\/beezzup\/\" \/>\n<meta property=\"article:published_time\" content=\"2023-06-25T19:32:23+00:00\" \/>\n<meta property=\"article:modified_time\" content=\"2024-06-29T21:36:02+00:00\" \/>\n<meta property=\"og:image\" content=\"https:\/\/lbcomunicazione.org\/wp-content\/uploads\/2023\/06\/Lhomo-vivo-non-e-duale.jpg\" \/>\n\t<meta property=\"og:image:width\" content=\"1366\" \/>\n\t<meta property=\"og:image:height\" content=\"768\" \/>\n\t<meta property=\"og:image:type\" content=\"image\/jpeg\" \/>\n<meta name=\"author\" content=\"La Comunicazione\" \/>\n<meta name=\"twitter:card\" content=\"summary_large_image\" \/>\n<meta name=\"twitter:creator\" content=\"@beezzup\" \/>\n<meta name=\"twitter:site\" content=\"@beezzup\" \/>\n<meta name=\"twitter:label1\" content=\"Scritto da\" \/>\n\t<meta name=\"twitter:data1\" content=\"La Comunicazione\" \/>\n\t<meta name=\"twitter:label2\" content=\"Tempo di lettura stimato\" \/>\n\t<meta name=\"twitter:data2\" content=\"5 minuti\" \/>\n<script type=\"application\/ld+json\" class=\"yoast-schema-graph\">{\"@context\":\"https:\/\/schema.org\",\"@graph\":[{\"@type\":\"Article\",\"@id\":\"https:\/\/lbcomunicazione.org\/index.php\/2023\/06\/25\/lhomo-vivo-non-e-duale\/#article\",\"isPartOf\":{\"@id\":\"https:\/\/lbcomunicazione.org\/index.php\/2023\/06\/25\/lhomo-vivo-non-e-duale\/\"},\"author\":{\"name\":\"La Comunicazione\",\"@id\":\"https:\/\/lbcomunicazione.org\/#\/schema\/person\/4778ef7ff2b9c118338053433d8ff990\"},\"headline\":\"L&#8217;homo vivo non \u00e8 duale\",\"datePublished\":\"2023-06-25T19:32:23+00:00\",\"dateModified\":\"2024-06-29T21:36:02+00:00\",\"mainEntityOfPage\":{\"@id\":\"https:\/\/lbcomunicazione.org\/index.php\/2023\/06\/25\/lhomo-vivo-non-e-duale\/\"},\"wordCount\":849,\"publisher\":{\"@id\":\"https:\/\/lbcomunicazione.org\/#organization\"},\"image\":{\"@id\":\"https:\/\/lbcomunicazione.org\/index.php\/2023\/06\/25\/lhomo-vivo-non-e-duale\/#primaryimage\"},\"thumbnailUrl\":\"https:\/\/lbcomunicazione.org\/wp-content\/uploads\/2023\/06\/Lhomo-vivo-non-e-duale.jpg\",\"keywords\":[\"affidavit di assoluta verit\u00e0\",\"homo vivo\",\"la nazione\",\"oppt 1776\"],\"articleSection\":[\"OPPT 1776-La Nazione\"],\"inLanguage\":\"it-IT\"},{\"@type\":\"WebPage\",\"@id\":\"https:\/\/lbcomunicazione.org\/index.php\/2023\/06\/25\/lhomo-vivo-non-e-duale\/\",\"url\":\"https:\/\/lbcomunicazione.org\/index.php\/2023\/06\/25\/lhomo-vivo-non-e-duale\/\",\"name\":\"L'homo vivo non \u00e8 duale - blog TG24 la comunicazione\",\"isPartOf\":{\"@id\":\"https:\/\/lbcomunicazione.org\/#website\"},\"primaryImageOfPage\":{\"@id\":\"https:\/\/lbcomunicazione.org\/index.php\/2023\/06\/25\/lhomo-vivo-non-e-duale\/#primaryimage\"},\"image\":{\"@id\":\"https:\/\/lbcomunicazione.org\/index.php\/2023\/06\/25\/lhomo-vivo-non-e-duale\/#primaryimage\"},\"thumbnailUrl\":\"https:\/\/lbcomunicazione.org\/wp-content\/uploads\/2023\/06\/Lhomo-vivo-non-e-duale.jpg\",\"datePublished\":\"2023-06-25T19:32:23+00:00\",\"dateModified\":\"2024-06-29T21:36:02+00:00\",\"description\":\"All'homo vivo non serve conoscere il bene o il male: l'homo vivo conosce ed applica solo amore! ...anche quando si difende\",\"breadcrumb\":{\"@id\":\"https:\/\/lbcomunicazione.org\/index.php\/2023\/06\/25\/lhomo-vivo-non-e-duale\/#breadcrumb\"},\"inLanguage\":\"it-IT\",\"potentialAction\":[{\"@type\":\"ReadAction\",\"target\":[\"https:\/\/lbcomunicazione.org\/index.php\/2023\/06\/25\/lhomo-vivo-non-e-duale\/\"]}]},{\"@type\":\"ImageObject\",\"inLanguage\":\"it-IT\",\"@id\":\"https:\/\/lbcomunicazione.org\/index.php\/2023\/06\/25\/lhomo-vivo-non-e-duale\/#primaryimage\",\"url\":\"https:\/\/lbcomunicazione.org\/wp-content\/uploads\/2023\/06\/Lhomo-vivo-non-e-duale.jpg\",\"contentUrl\":\"https:\/\/lbcomunicazione.org\/wp-content\/uploads\/2023\/06\/Lhomo-vivo-non-e-duale.jpg\",\"width\":1366,\"height\":768},{\"@type\":\"BreadcrumbList\",\"@id\":\"https:\/\/lbcomunicazione.org\/index.php\/2023\/06\/25\/lhomo-vivo-non-e-duale\/#breadcrumb\",\"itemListElement\":[{\"@type\":\"ListItem\",\"position\":1,\"name\":\"Home\",\"item\":\"https:\/\/lbcomunicazione.org\/\"},{\"@type\":\"ListItem\",\"position\":2,\"name\":\"L&#8217;homo vivo non \u00e8 duale\"}]},{\"@type\":\"WebSite\",\"@id\":\"https:\/\/lbcomunicazione.org\/#website\",\"url\":\"https:\/\/lbcomunicazione.org\/\",\"name\":\"blogTG24lacomunicazione.org\",\"description\":\"Siamo una squadra di blogger, che desiderano dare voce a quelle notizie, realt\u00e0, associazioni, che non sono divulgate dai giornali e media\",\"publisher\":{\"@id\":\"https:\/\/lbcomunicazione.org\/#organization\"},\"potentialAction\":[{\"@type\":\"SearchAction\",\"target\":{\"@type\":\"EntryPoint\",\"urlTemplate\":\"https:\/\/lbcomunicazione.org\/?s={search_term_string}\"},\"query-input\":{\"@type\":\"PropertyValueSpecification\",\"valueRequired\":true,\"valueName\":\"search_term_string\"}}],\"inLanguage\":\"it-IT\"},{\"@type\":\"Organization\",\"@id\":\"https:\/\/lbcomunicazione.org\/#organization\",\"name\":\"blogtg24lacomunicazione\",\"url\":\"https:\/\/lbcomunicazione.org\/\",\"logo\":{\"@type\":\"ImageObject\",\"inLanguage\":\"it-IT\",\"@id\":\"https:\/\/lbcomunicazione.org\/#\/schema\/logo\/image\/\",\"url\":\"https:\/\/lbcomunicazione.org\/wp-content\/uploads\/2019\/01\/logo-cfpblogger.jpg\",\"contentUrl\":\"https:\/\/lbcomunicazione.org\/wp-content\/uploads\/2019\/01\/logo-cfpblogger.jpg\",\"width\":680,\"height\":709,\"caption\":\"blogtg24lacomunicazione\"},\"image\":{\"@id\":\"https:\/\/lbcomunicazione.org\/#\/schema\/logo\/image\/\"},\"sameAs\":[\"https:\/\/www.facebook.com\/beezzup\/\",\"https:\/\/x.com\/beezzup\",\"https:\/\/www.instagram.com\/beezzup\/\",\"https:\/\/www.pinterest.it\/beezzup\/\",\"https:\/\/www.youtube.com\/channel\/UCPeEGg5tKdoyOPK--mGE5Yg\"]},{\"@type\":\"Person\",\"@id\":\"https:\/\/lbcomunicazione.org\/#\/schema\/person\/4778ef7ff2b9c118338053433d8ff990\",\"name\":\"La Comunicazione\",\"image\":{\"@type\":\"ImageObject\",\"inLanguage\":\"it-IT\",\"@id\":\"https:\/\/lbcomunicazione.org\/#\/schema\/person\/image\/\",\"url\":\"https:\/\/secure.gravatar.com\/avatar\/f0acce20d511d66615074096311ea57dff3857daee266619ab652f5b400832d3?s=96&d=mm&r=g\",\"contentUrl\":\"https:\/\/secure.gravatar.com\/avatar\/f0acce20d511d66615074096311ea57dff3857daee266619ab652f5b400832d3?s=96&d=mm&r=g\",\"caption\":\"La Comunicazione\"},\"sameAs\":[\"https:\/\/cloudsystemgroup.com\"],\"url\":\"https:\/\/lbcomunicazione.org\/index.php\/author\/stefano\/\"}]}<\/script>\n<!-- \/ Yoast SEO plugin. -->","yoast_head_json":{"title":"L'homo vivo non \u00e8 duale - blog TG24 la comunicazione","description":"All'homo vivo non serve conoscere il bene o il male: l'homo vivo conosce ed applica solo amore! ...anche quando si difende","robots":{"index":"index","follow":"follow","max-snippet":"max-snippet:-1","max-image-preview":"max-image-preview:large","max-video-preview":"max-video-preview:-1"},"canonical":"https:\/\/lbcomunicazione.org\/index.php\/2023\/06\/25\/lhomo-vivo-non-e-duale\/","og_locale":"it_IT","og_type":"article","og_title":"L'homo vivo non \u00e8 duale - blog TG24 la comunicazione","og_description":"All'homo vivo non serve conoscere il bene o il male: l'homo vivo conosce ed applica solo amore! ...anche quando si difende","og_url":"https:\/\/lbcomunicazione.org\/index.php\/2023\/06\/25\/lhomo-vivo-non-e-duale\/","og_site_name":"blog TG24 la comunicazione","article_publisher":"https:\/\/www.facebook.com\/beezzup\/","article_published_time":"2023-06-25T19:32:23+00:00","article_modified_time":"2024-06-29T21:36:02+00:00","og_image":[{"width":1366,"height":768,"url":"https:\/\/lbcomunicazione.org\/wp-content\/uploads\/2023\/06\/Lhomo-vivo-non-e-duale.jpg","type":"image\/jpeg"}],"author":"La Comunicazione","twitter_card":"summary_large_image","twitter_creator":"@beezzup","twitter_site":"@beezzup","twitter_misc":{"Scritto da":"La Comunicazione","Tempo di lettura stimato":"5 minuti"},"schema":{"@context":"https:\/\/schema.org","@graph":[{"@type":"Article","@id":"https:\/\/lbcomunicazione.org\/index.php\/2023\/06\/25\/lhomo-vivo-non-e-duale\/#article","isPartOf":{"@id":"https:\/\/lbcomunicazione.org\/index.php\/2023\/06\/25\/lhomo-vivo-non-e-duale\/"},"author":{"name":"La Comunicazione","@id":"https:\/\/lbcomunicazione.org\/#\/schema\/person\/4778ef7ff2b9c118338053433d8ff990"},"headline":"L&#8217;homo vivo non \u00e8 duale","datePublished":"2023-06-25T19:32:23+00:00","dateModified":"2024-06-29T21:36:02+00:00","mainEntityOfPage":{"@id":"https:\/\/lbcomunicazione.org\/index.php\/2023\/06\/25\/lhomo-vivo-non-e-duale\/"},"wordCount":849,"publisher":{"@id":"https:\/\/lbcomunicazione.org\/#organization"},"image":{"@id":"https:\/\/lbcomunicazione.org\/index.php\/2023\/06\/25\/lhomo-vivo-non-e-duale\/#primaryimage"},"thumbnailUrl":"https:\/\/lbcomunicazione.org\/wp-content\/uploads\/2023\/06\/Lhomo-vivo-non-e-duale.jpg","keywords":["affidavit di assoluta verit\u00e0","homo vivo","la nazione","oppt 1776"],"articleSection":["OPPT 1776-La Nazione"],"inLanguage":"it-IT"},{"@type":"WebPage","@id":"https:\/\/lbcomunicazione.org\/index.php\/2023\/06\/25\/lhomo-vivo-non-e-duale\/","url":"https:\/\/lbcomunicazione.org\/index.php\/2023\/06\/25\/lhomo-vivo-non-e-duale\/","name":"L'homo vivo non \u00e8 duale - blog TG24 la comunicazione","isPartOf":{"@id":"https:\/\/lbcomunicazione.org\/#website"},"primaryImageOfPage":{"@id":"https:\/\/lbcomunicazione.org\/index.php\/2023\/06\/25\/lhomo-vivo-non-e-duale\/#primaryimage"},"image":{"@id":"https:\/\/lbcomunicazione.org\/index.php\/2023\/06\/25\/lhomo-vivo-non-e-duale\/#primaryimage"},"thumbnailUrl":"https:\/\/lbcomunicazione.org\/wp-content\/uploads\/2023\/06\/Lhomo-vivo-non-e-duale.jpg","datePublished":"2023-06-25T19:32:23+00:00","dateModified":"2024-06-29T21:36:02+00:00","description":"All'homo vivo non serve conoscere il bene o il male: l'homo vivo conosce ed applica solo amore! ...anche quando si difende","breadcrumb":{"@id":"https:\/\/lbcomunicazione.org\/index.php\/2023\/06\/25\/lhomo-vivo-non-e-duale\/#breadcrumb"},"inLanguage":"it-IT","potentialAction":[{"@type":"ReadAction","target":["https:\/\/lbcomunicazione.org\/index.php\/2023\/06\/25\/lhomo-vivo-non-e-duale\/"]}]},{"@type":"ImageObject","inLanguage":"it-IT","@id":"https:\/\/lbcomunicazione.org\/index.php\/2023\/06\/25\/lhomo-vivo-non-e-duale\/#primaryimage","url":"https:\/\/lbcomunicazione.org\/wp-content\/uploads\/2023\/06\/Lhomo-vivo-non-e-duale.jpg","contentUrl":"https:\/\/lbcomunicazione.org\/wp-content\/uploads\/2023\/06\/Lhomo-vivo-non-e-duale.jpg","width":1366,"height":768},{"@type":"BreadcrumbList","@id":"https:\/\/lbcomunicazione.org\/index.php\/2023\/06\/25\/lhomo-vivo-non-e-duale\/#breadcrumb","itemListElement":[{"@type":"ListItem","position":1,"name":"Home","item":"https:\/\/lbcomunicazione.org\/"},{"@type":"ListItem","position":2,"name":"L&#8217;homo vivo non \u00e8 duale"}]},{"@type":"WebSite","@id":"https:\/\/lbcomunicazione.org\/#website","url":"https:\/\/lbcomunicazione.org\/","name":"blogTG24lacomunicazione.org","description":"Siamo una squadra di blogger, che desiderano dare voce a quelle notizie, realt\u00e0, associazioni, che non sono divulgate dai giornali e media","publisher":{"@id":"https:\/\/lbcomunicazione.org\/#organization"},"potentialAction":[{"@type":"SearchAction","target":{"@type":"EntryPoint","urlTemplate":"https:\/\/lbcomunicazione.org\/?s={search_term_string}"},"query-input":{"@type":"PropertyValueSpecification","valueRequired":true,"valueName":"search_term_string"}}],"inLanguage":"it-IT"},{"@type":"Organization","@id":"https:\/\/lbcomunicazione.org\/#organization","name":"blogtg24lacomunicazione","url":"https:\/\/lbcomunicazione.org\/","logo":{"@type":"ImageObject","inLanguage":"it-IT","@id":"https:\/\/lbcomunicazione.org\/#\/schema\/logo\/image\/","url":"https:\/\/lbcomunicazione.org\/wp-content\/uploads\/2019\/01\/logo-cfpblogger.jpg","contentUrl":"https:\/\/lbcomunicazione.org\/wp-content\/uploads\/2019\/01\/logo-cfpblogger.jpg","width":680,"height":709,"caption":"blogtg24lacomunicazione"},"image":{"@id":"https:\/\/lbcomunicazione.org\/#\/schema\/logo\/image\/"},"sameAs":["https:\/\/www.facebook.com\/beezzup\/","https:\/\/x.com\/beezzup","https:\/\/www.instagram.com\/beezzup\/","https:\/\/www.pinterest.it\/beezzup\/","https:\/\/www.youtube.com\/channel\/UCPeEGg5tKdoyOPK--mGE5Yg"]},{"@type":"Person","@id":"https:\/\/lbcomunicazione.org\/#\/schema\/person\/4778ef7ff2b9c118338053433d8ff990","name":"La Comunicazione","image":{"@type":"ImageObject","inLanguage":"it-IT","@id":"https:\/\/lbcomunicazione.org\/#\/schema\/person\/image\/","url":"https:\/\/secure.gravatar.com\/avatar\/f0acce20d511d66615074096311ea57dff3857daee266619ab652f5b400832d3?s=96&d=mm&r=g","contentUrl":"https:\/\/secure.gravatar.com\/avatar\/f0acce20d511d66615074096311ea57dff3857daee266619ab652f5b400832d3?s=96&d=mm&r=g","caption":"La Comunicazione"},"sameAs":["https:\/\/cloudsystemgroup.com"],"url":"https:\/\/lbcomunicazione.org\/index.php\/author\/stefano\/"}]}},"_links":{"self":[{"href":"https:\/\/lbcomunicazione.org\/index.php\/wp-json\/wp\/v2\/posts\/8754","targetHints":{"allow":["GET"]}}],"collection":[{"href":"https:\/\/lbcomunicazione.org\/index.php\/wp-json\/wp\/v2\/posts"}],"about":[{"href":"https:\/\/lbcomunicazione.org\/index.php\/wp-json\/wp\/v2\/types\/post"}],"author":[{"embeddable":true,"href":"https:\/\/lbcomunicazione.org\/index.php\/wp-json\/wp\/v2\/users\/5"}],"replies":[{"embeddable":true,"href":"https:\/\/lbcomunicazione.org\/index.php\/wp-json\/wp\/v2\/comments?post=8754"}],"version-history":[{"count":1,"href":"https:\/\/lbcomunicazione.org\/index.php\/wp-json\/wp\/v2\/posts\/8754\/revisions"}],"predecessor-version":[{"id":9018,"href":"https:\/\/lbcomunicazione.org\/index.php\/wp-json\/wp\/v2\/posts\/8754\/revisions\/9018"}],"wp:featuredmedia":[{"embeddable":true,"href":"https:\/\/lbcomunicazione.org\/index.php\/wp-json\/wp\/v2\/media\/8757"}],"wp:attachment":[{"href":"https:\/\/lbcomunicazione.org\/index.php\/wp-json\/wp\/v2\/media?parent=8754"}],"wp:term":[{"taxonomy":"category","embeddable":true,"href":"https:\/\/lbcomunicazione.org\/index.php\/wp-json\/wp\/v2\/categories?post=8754"},{"taxonomy":"post_tag","embeddable":true,"href":"https:\/\/lbcomunicazione.org\/index.php\/wp-json\/wp\/v2\/tags?post=8754"}],"curies":[{"name":"wp","href":"https:\/\/api.w.org\/{rel}","templated":true}]}}