{"id":8722,"date":"2023-05-06T15:51:33","date_gmt":"2023-05-06T14:51:33","guid":{"rendered":"https:\/\/lbcomunicazione.org\/?p=8722"},"modified":"2023-05-06T16:22:38","modified_gmt":"2023-05-06T15:22:38","slug":"lhomo-vivo-iam-de-la-nazione-e-il-ripristino-della-gratuita","status":"publish","type":"post","link":"https:\/\/lbcomunicazione.org\/index.php\/2023\/05\/06\/lhomo-vivo-iam-de-la-nazione-e-il-ripristino-della-gratuita\/","title":{"rendered":"L\u2019homo vivo IAM de La Nazione e il ripristino della gratuit\u00e0"},"content":{"rendered":"<h1>L\u2019homo vivo IAM de La Nazione e il ripristino della gratuit\u00e0<\/h1>\n<p><em>Sovrani, apolide, setta&#8230;<\/em> si sentono tante, &#8230; ma l&#8217;<em>homo vivo IAM Eternal Essence<\/em>, non ha nulla a che fare con queste definizioni.<\/p>\n<p><img loading=\"lazy\" decoding=\"async\" class=\"size-thumbnail wp-image-7607 alignleft\" src=\"https:\/\/lbcomunicazione.org\/wp-content\/uploads\/2021\/03\/logo-IAM-e1614632438416-150x150.jpg\" alt=\"\" width=\"150\" height=\"150\" srcset=\"https:\/\/lbcomunicazione.org\/wp-content\/uploads\/2021\/03\/logo-IAM-e1614632438416-150x150.jpg 150w, https:\/\/lbcomunicazione.org\/wp-content\/uploads\/2021\/03\/logo-IAM-e1614632438416-160x160.jpg 160w, https:\/\/lbcomunicazione.org\/wp-content\/uploads\/2021\/03\/logo-IAM-e1614632438416-320x320.jpg 320w\" sizes=\"auto, (max-width: 150px) 100vw, 150px\" \/>L&#8217;<em>homo vivo IAM de La Nazione<\/em> riconosce e rispetta un&#8217;unica legge: la legge naturale&#8230; e la legge naturale \u00e8 comunque in sovra giurisdizione a qualsiasi altra legge scritta dall&#8217;uomo, qualunque sia, &#8230;diritto canonico, UCC, common low, diritto positivo, leggi cotituzioni, codici&#8230;<\/p>\n<p>Ricordiamoci sempre bene che qualsiasi essere vivente, <em>flora<\/em> e <em>fauna<\/em> inclusa, l&#8217;<em>homo<\/em>, e qualsiasi <em>finzione giuridica<\/em> conosciuta come <em>persona<\/em>, <em>facente funzione<\/em>, ecc. ecc. <em><strong>devono comunque e in ogni caso rispettare la legge naturale<\/strong><\/em>, &#8230;ecco perch\u00e8 la legge naturale \u00e8 sempre in<em> sovra giurisdizione<\/em>, cio\u00e8 sopra a tutte le altre leggi o convenzioni create dall&#8217;uomo. Applicare in modo errato le leggi scritte dall&#8217;uomo, spesso per la legge naturale significa commettere un atto di tiranneria. Non dimentichiamo mai questo.<\/p>\n<p>Quindi l&#8217;<em>homo vivo IAM de La Nazione<\/em>, non pu\u00f2 essere paragonato ad un sovrano, o apolide (che comunque riconoscono e applicano delle leggi scritte dall&#8217;uomo), &#8230;e non pu\u00f2 essere\u00a0 considerato una <em>setta<\/em>, perch\u00e8 l&#8217;homo vivo rispetta il modo di pensare e concilia tutti.<\/p>\n<p>Semplicemente ricorda che l&#8217;<em>homo<\/em> ha ricevuto la vita come dono, che ha un&#8217;anima e quest&#8217;anima ci guida a vivere mettendo sempre al primo posto l&#8217;amore.<\/p>\n<p>L&#8217;<em>homo vivo<\/em> fa notare che nel mondo esiste il bene e il male, &#8230;ma il bene e il male \u00e8 stato cos\u00ec definito dall&#8217;uomo, &#8230;e il bene e il male \u00e8 stato definito per creare dualit\u00e0.<\/p>\n<p>All&#8217;<em>homo<\/em> non serve seguire la dualit\u00e0. L&#8217;<em>homo<\/em> ha per guida la propria anima, &#8230;e l&#8217;anima ci guida a trasmettere amore, a decidere, sceglie e agire con amore; quindi l&#8217;<em>homo <\/em>non \u00e8 duale.<\/p>\n<p>&nbsp;<\/p>\n<h3><img loading=\"lazy\" decoding=\"async\" class=\"alignleft wp-image-8726 size-medium\" src=\"https:\/\/lbcomunicazione.org\/wp-content\/uploads\/2023\/05\/Lhomo-vivo-IAM-de-La-Nazione-e-il-ripristino-della-gratuita_natura-300x201.jpg\" alt=\"\" width=\"300\" height=\"201\" srcset=\"https:\/\/lbcomunicazione.org\/wp-content\/uploads\/2023\/05\/Lhomo-vivo-IAM-de-La-Nazione-e-il-ripristino-della-gratuita_natura-300x201.jpg 300w, https:\/\/lbcomunicazione.org\/wp-content\/uploads\/2023\/05\/Lhomo-vivo-IAM-de-La-Nazione-e-il-ripristino-della-gratuita_natura-768x514.jpg 768w, https:\/\/lbcomunicazione.org\/wp-content\/uploads\/2023\/05\/Lhomo-vivo-IAM-de-La-Nazione-e-il-ripristino-della-gratuita_natura-520x348.jpg 520w, https:\/\/lbcomunicazione.org\/wp-content\/uploads\/2023\/05\/Lhomo-vivo-IAM-de-La-Nazione-e-il-ripristino-della-gratuita_natura.jpg 780w\" sizes=\"auto, (max-width: 300px) 100vw, 300px\" \/>La consapevolezza creata dalle leggi naturali<\/h3>\n<p>Le <em>leggi naturali<\/em> ci fanno comprendere che noi <em>homini<\/em> abbiamo ricevuto il dono della vita, e per vivere ci \u00e8 stata affidata la terra.<br \/>\nLa terra (<em>gaia<\/em>) ci dona tutto il necessario per vivere. Se l&#8217;homo guidato dalla sua anima, pensa, decide e agisce con amore, l&#8217;homo rispetta la terra, &#8230;e la terra ci da <em><strong>gratuitamente<\/strong> <\/em>tutto il necessario per vivere in salute e nel benessere che desideriamo.<\/p>\n<p>&nbsp;<\/p>\n<h3>Proprio cos\u00ec: gratuitamente<img loading=\"lazy\" decoding=\"async\" class=\"alignright wp-image-8727 size-medium\" src=\"https:\/\/lbcomunicazione.org\/wp-content\/uploads\/2023\/05\/Lhomo-vivo-IAM-de-La-Nazione-e-il-ripristino-della-gratuita_gratuita-300x196.jpg\" alt=\"\" width=\"300\" height=\"196\" srcset=\"https:\/\/lbcomunicazione.org\/wp-content\/uploads\/2023\/05\/Lhomo-vivo-IAM-de-La-Nazione-e-il-ripristino-della-gratuita_gratuita-300x196.jpg 300w, https:\/\/lbcomunicazione.org\/wp-content\/uploads\/2023\/05\/Lhomo-vivo-IAM-de-La-Nazione-e-il-ripristino-della-gratuita_gratuita-768x501.jpg 768w, https:\/\/lbcomunicazione.org\/wp-content\/uploads\/2023\/05\/Lhomo-vivo-IAM-de-La-Nazione-e-il-ripristino-della-gratuita_gratuita-520x339.jpg 520w, https:\/\/lbcomunicazione.org\/wp-content\/uploads\/2023\/05\/Lhomo-vivo-IAM-de-La-Nazione-e-il-ripristino-della-gratuita_gratuita.jpg 852w\" sizes=\"auto, (max-width: 300px) 100vw, 300px\" \/><\/h3>\n<p>Nessuno pu\u00f2 comparare con i soldi la propria vita, nessuno pu\u00f2 seminare soldi per ricevere patate, frutti, ferro, acqua, aria, ossigeno, alberi&#8230; sono tutti doni della terra!<\/p>\n<p>Tutto il benessere dell&#8217;uomo \u00e8 costruito grazie alla trasformazione dei doni della terra, &#8230;case, auto, energia elettrica, acquedotti, mercati, negozi&#8230; sono tutte creazioni dell&#8217;homo che esistono solo grazie ai doni della terra!<\/p>\n<p>&nbsp;<\/p>\n<h3>Perch\u00e9 ci sono i soldi?<\/h3>\n<p>Cosa sono quindi questi soldi? A cosa servono questi soldi? Perch\u00e8 esistono i soldi, se non centrano proprio nulla con ci\u00f2 che crea l&#8217;uomo?<br \/>\nL&#8217;homo crea grazie ai doni della terra, alla sua capacit\u00e0 creativa e al proprio tempo&#8230; sono tutti doni, \u00e8 tutto dato gratuitamente! L&#8217;homo non pu\u00f2 comperare 10 anni di vita in pi\u00f9 usando i soldi!<\/p>\n<p>&nbsp;<\/p>\n<h3><img loading=\"lazy\" decoding=\"async\" class=\"size-medium wp-image-8728 alignleft\" src=\"https:\/\/lbcomunicazione.org\/wp-content\/uploads\/2023\/05\/Lhomo-vivo-IAM-de-La-Nazione-e-il-ripristino-della-gratuita_soldi-300x197.jpg\" alt=\"\" width=\"300\" height=\"197\" srcset=\"https:\/\/lbcomunicazione.org\/wp-content\/uploads\/2023\/05\/Lhomo-vivo-IAM-de-La-Nazione-e-il-ripristino-della-gratuita_soldi-300x197.jpg 300w, https:\/\/lbcomunicazione.org\/wp-content\/uploads\/2023\/05\/Lhomo-vivo-IAM-de-La-Nazione-e-il-ripristino-della-gratuita_soldi-768x504.jpg 768w, https:\/\/lbcomunicazione.org\/wp-content\/uploads\/2023\/05\/Lhomo-vivo-IAM-de-La-Nazione-e-il-ripristino-della-gratuita_soldi-520x341.jpg 520w, https:\/\/lbcomunicazione.org\/wp-content\/uploads\/2023\/05\/Lhomo-vivo-IAM-de-La-Nazione-e-il-ripristino-della-gratuita_soldi.jpg 860w\" sizes=\"auto, (max-width: 300px) 100vw, 300px\" \/>I soldi, il mezzo di controllo del mondo duale<\/h3>\n<p>Ebbene, i soldi sono solo un mezzo per controllarci, per tenerci <em>schiavi<\/em>, per creare guerre e lotte, per creare ricchezza e povert\u00e0, &#8230;per dividere l&#8217;homo costringendolo a vivere tra il bene e il male: dei parametri definiti da un sistema costruito artificialmente dall&#8217;uomo stesso: dal <em>potere<\/em>.<\/p>\n<p><em><strong>I soldi alimentano la dualit\u00e0<\/strong><\/em><\/p>\n<p>&#8230;e mentre noi viviamo con questo strumento di controllo, l&#8217;80% della nostra vita se ne va per tenere in vita un sistema&#8230; lo stesso sistema che ha creato e diffuso l&#8217;uso dei soldi e il sistema duale.<\/p>\n<p>&nbsp;<\/p>\n<h3>Se l&#8217;uomo smette di usare i soldi&#8230; finisce il manifestarsi del bene e del male<\/h3>\n<p><em>Se da domani, tutti gli uomini decidessero di non usare pi\u00f9 i soldi, &#8230;<strong>avrebbe voce solo l&#8217;amore<\/strong>.<\/em><\/p>\n<p>Tutti potrebbero avere <em>gratis<\/em> tutto quello che gli serve per vivere bene, &#8230;e nello stesso tempo, <em>tutti avrebbero bisogno dell&#8217;aiuto degli altri homini<\/em>.<\/p>\n<p>Si, perch\u00e8 io so seminare il campo, ma non so riparare o costruire il trattore, &#8230;o la fattoria.<\/p>\n<p>Ho bisogno di chiedere aiuto a qualche <em>homo<\/em> che sa fare quello che io non so fare, &#8230;perch\u00e8 senza i soldi, &#8230;ho comunque la possibilit\u00e0 di avere la casa <em>gratis<\/em>, &#8230;ma se non sono capace di costruirla, sarei costretto a ripararmi sotto un albero.<\/p>\n<p>&nbsp;<\/p>\n<h3>Cosa cambierebbe vivere con o senza soldi?<\/h3>\n<p>Cosa cambierebbe? Tutti gli <em>homini<\/em> avrebbero un valore illimitato, e la vita di tutti gli <em>homini<\/em> non sarebbe controllata dalla disponibilit\u00e0 di soldi.<\/p>\n<p>Mentre oggi per avere qualsiasi cosa, ho bisogno dei soldi, &#8230;in un mondo senza soldi per ottenere qualcosa devo semplicemente trasmettere amore e usare l&#8217;amore.<\/p>\n<p>Aiutare per ricevere un aiuto, &#8230;aiutare per vedere sorridere, &#8230;aiutare per ricevere amore, &#8230;aiutare per vedere i bambini sorridere e le famiglie vivere felici; aiutare perch\u00e8 quando aiuti, ti circondi di amici, &#8230;amici sempre pronti ad aiutare come stai facendo tu.<\/p>\n<p>Vuoi vivere scontroso e con il muso lungo? &#8230;\u00e8 una tua scelta, potrai vivere comunque, &#8230;ma magari non come chi vive in armonia, mettendo al primo posto l&#8217;amore e aiutandosi.<\/p>\n<p>Niente soldi,<br \/>\nniente pi\u00f9 stati ricchi e poveri,<br \/>\nniente pi\u00f9 confini,<br \/>\nniente pi\u00f9 lotte e guerre,<br \/>\nnessuna necessit\u00e0 di possedere o arricchirsi,<br \/>\nniente piu uomini costretti a rubare,<br \/>\nnessuana necessit\u00e0 di giudicare, perch\u00e8 la legge naturale \u00e8 gi\u00e0 giudice.<\/p>\n<p>&nbsp;<\/p>\n<h3>L&#8217;amore \u00e8 giudice<img loading=\"lazy\" decoding=\"async\" class=\"size-medium wp-image-8730 alignright\" src=\"https:\/\/lbcomunicazione.org\/wp-content\/uploads\/2023\/05\/Lhomo-vivo-IAM-de-La-Nazione-e-il-ripristino-della-gratuita_amore-300x233.jpg\" alt=\"\" width=\"300\" height=\"233\" srcset=\"https:\/\/lbcomunicazione.org\/wp-content\/uploads\/2023\/05\/Lhomo-vivo-IAM-de-La-Nazione-e-il-ripristino-della-gratuita_amore-300x233.jpg 300w, https:\/\/lbcomunicazione.org\/wp-content\/uploads\/2023\/05\/Lhomo-vivo-IAM-de-La-Nazione-e-il-ripristino-della-gratuita_amore-1024x795.jpg 1024w, https:\/\/lbcomunicazione.org\/wp-content\/uploads\/2023\/05\/Lhomo-vivo-IAM-de-La-Nazione-e-il-ripristino-della-gratuita_amore-768x596.jpg 768w, https:\/\/lbcomunicazione.org\/wp-content\/uploads\/2023\/05\/Lhomo-vivo-IAM-de-La-Nazione-e-il-ripristino-della-gratuita_amore-1536x1192.jpg 1536w, https:\/\/lbcomunicazione.org\/wp-content\/uploads\/2023\/05\/Lhomo-vivo-IAM-de-La-Nazione-e-il-ripristino-della-gratuita_amore-520x403.jpg 520w, https:\/\/lbcomunicazione.org\/wp-content\/uploads\/2023\/05\/Lhomo-vivo-IAM-de-La-Nazione-e-il-ripristino-della-gratuita_amore.jpg 1763w\" sizes=\"auto, (max-width: 300px) 100vw, 300px\" \/><\/h3>\n<p>L&#8217;<strong><em>amore \u00e8 giudice<\/em><\/strong>, nella legge naturale, vince sempre l&#8217;amore, &#8230;l&#8217;amore che porta alla collaborazione per difendersi e sostenersi, l&#8217;amore che porta alla collaborazione per difendersi dalle stesse difficolt\u00e0 della vita&#8230;<\/p>\n<p><em>&#8230;solo l&#8217;amore esce vittorioso, &#8230;tutto il resto \u00e8 destinato <strong>per legge naturale<\/strong> a perire.<\/em><\/p>\n<p>Lo stesso potere, non agendo con amore \u00e8 destinato a scomparire. Basta pensare a cosa oggi il potere ha creato: basta premere un po di bottoni&#8230; e tutto il mondo viene distrutto.<\/p>\n<p>&#8230;per i soldi il potere ha creato una &#8220;<em>pandemia artificiale<\/em>&#8220;, ha creato difficolt\u00e0 economiche, ha creato disoccupazione, &#8230;e sempre per i soldi ora il potere mette le famiglie rimaste senza lavoro sulla strada &#8230;e porta via i bambini dalle famiglie.<\/p>\n<p>&#8230;<em><strong>tutto per i soldi<\/strong><\/em>, &#8230;tutti possono rendersi conto che qui l&#8217;amore non centra proprio un bel nulla; anzi, \u00e8 proprio scomparso!<\/p>\n<p>&nbsp;<\/p>\n<h3>Quindi chi \u00e8 l&#8217;<em>homo vivo IAM de La Nazione<\/em>?<\/h3>\n<p>&#8230;\u00e8 l&#8217;<em>homo<\/em> che insegna e condivide il modo di vivere originale, aborigeno, &#8230;che insegna a seguire la propria anima e a vivere per quello che realmente l&#8217;homo \u00e8: espressione dell&#8217;amore.<\/p>\n<p><em>Ecco perch\u00e8 l&#8217;homo vivo opera, agisce, crea, dispone: per ripristinare la grautit\u00e0 nel mondo.<\/em><\/p>\n<p>&#8230;\u00e8 arrivato il momento che l&#8217;homo comprenda che ha un&#8217;cervello per pensare, un corpo per muoversi e un&#8217;anima per decidere e agire con amore.<br \/>\nEcco cos&#8217;\u00e8 l&#8217;<em>homo vivo IAM<\/em>, &#8230;e quindi ogni uomo o donna, ogni finzione giuridica, persona fisica o facente funzione, per il bene di tutti, \u00e8 chiamato ad essere consapevole che in primis, &#8230;prima di tutto \u00e8 un <em>homo<\/em>!<br \/>\nUn <em>homo in carne ed ossa<\/em>, che ha ricevuto il dono della vita, con un&#8217;anima che \u00e8 espressione d&#8217;amore.<\/p>\n<p>Solo l&#8217;<em>homo consapevole<\/em> pu\u00f2 salvare la propria esistenza e sconfiggere il mondo duale che ci suddivide tra bene e male.<br \/>\nL&#8217;<em>homo<\/em> non ha bisogno di tutto questo, non ha bisogno di bene e male, non ha bisogno di soldi e cose, &#8230;ha bisogno di amore, &#8230;e con amore costruire tutto quello che gli serve per vivere meglio, &#8230;<em>tutti felici, sereni, in pace e armonia e gratuit\u00e0<\/em>.<\/p>\n<p>&#8230;e quando l&#8217;<em>homo<\/em> nel suo viaggio lascer\u00e0 la terra, tutto ci\u00f2 che avr\u00e0 curato e custodito con amore per tutta la sua vita, rimarr\u00e0 un dono per l&#8217;<em>homo<\/em> che consinuer\u00e0 a vivere sulla terra.<\/p>\n<p>&nbsp;<\/p>\n<p><strong>Tutti gli articoli della sezione OPPT 1776 \u2013 La Nazione: clicca\u00a0<a href=\"https:\/\/lbcomunicazione.org\/index.php\/oppt-1776-la-nazione-noi-e-io-sono\/\">QUI<\/a><\/strong><\/p>\n","protected":false},"excerpt":{"rendered":"<p>L\u2019homo vivo IAM de La Nazione e il ripristino della gratuit\u00e0 Sovrani, apolide, setta&#8230; si sentono tante, &#8230; ma l&#8217;homo vivo IAM Eternal Essence, non ha nulla a che fare con queste definizioni. L&#8217;homo vivo IAM de La Nazione riconosce e rispetta un&#8217;unica legge: la legge naturale&#8230; e la legge naturale \u00e8 comunque in sovra giurisdizione a qualsiasi altra legge scritta dall&#8217;uomo, qualunque sia, &#8230;diritto canonico, UCC, common low, diritto positivo, leggi cotituzioni, codici&#8230; Ricordiamoci sempre bene che qualsiasi essere vivente, flora e fauna inclusa, l&#8217;homo, e qualsiasi finzione giuridica conosciuta come persona, facente funzione, ecc. ecc. devono comunque e in&#46;&#46;&#46;<\/p>\n","protected":false},"author":5,"featured_media":8725,"comment_status":"closed","ping_status":"closed","sticky":false,"template":"","format":"image","meta":{"_crdt_document":"","footnotes":""},"categories":[703],"tags":[843,801,840,705,704],"class_list":["post-8722","post","type-post","status-publish","format-image","has-post-thumbnail","hentry","category-oppt-1776-la-nazione","tag-homo-vivo","tag-iam","tag-la-nazione","tag-noi-e-io-sono","tag-oppt-1776","post_format-post-format-image"],"yoast_head":"<!-- This site is optimized with the Yoast SEO plugin v26.9 - https:\/\/yoast.com\/product\/yoast-seo-wordpress\/ -->\n<title>L\u2019homo vivo IAM de La Nazione e il ripristino della gratuit\u00e0 - blog TG24 la comunicazione<\/title>\n<meta name=\"robots\" content=\"index, follow, max-snippet:-1, max-image-preview:large, max-video-preview:-1\" \/>\n<link rel=\"canonical\" href=\"https:\/\/lbcomunicazione.org\/index.php\/2023\/05\/06\/lhomo-vivo-iam-de-la-nazione-e-il-ripristino-della-gratuita\/\" \/>\n<meta property=\"og:locale\" content=\"it_IT\" \/>\n<meta property=\"og:type\" content=\"article\" \/>\n<meta property=\"og:title\" content=\"L\u2019homo vivo IAM de La Nazione e il ripristino della gratuit\u00e0\" \/>\n<meta property=\"og:description\" content=\"Se da domani, tutti gli uomini decidessero di non usare pi\u00f9 i soldi, ...avrebbe voce solo l&#039;amore.Tutti potrebbero avere gratis tutto quello che gli serve per vivere bene, ...e nello stesso tempo, tutti avrebbero bisogno dell&#039;aiuto degli altri homini.\" \/>\n<meta property=\"og:url\" content=\"https:\/\/lbcomunicazione.org\/index.php\/2023\/05\/06\/lhomo-vivo-iam-de-la-nazione-e-il-ripristino-della-gratuita\/\" \/>\n<meta property=\"og:site_name\" content=\"blog TG24 la comunicazione\" \/>\n<meta property=\"article:publisher\" content=\"https:\/\/www.facebook.com\/beezzup\/\" \/>\n<meta property=\"article:published_time\" content=\"2023-05-06T14:51:33+00:00\" \/>\n<meta property=\"article:modified_time\" content=\"2023-05-06T15:22:38+00:00\" \/>\n<meta property=\"og:image\" content=\"https:\/\/lbcomunicazione.org\/wp-content\/uploads\/2023\/05\/Il-ritorno-alla-gratuita.jpg\" \/>\n\t<meta property=\"og:image:width\" content=\"1366\" \/>\n\t<meta property=\"og:image:height\" content=\"768\" \/>\n\t<meta property=\"og:image:type\" content=\"image\/jpeg\" \/>\n<meta name=\"author\" content=\"La Comunicazione\" \/>\n<meta name=\"twitter:card\" content=\"summary_large_image\" \/>\n<meta name=\"twitter:title\" content=\"L\u2019homo vivo IAM de La Nazione e il ripristino della gratuit\u00e0\" \/>\n<meta name=\"twitter:description\" content=\"Se da domani, tutti gli uomini decidessero di non usare pi\u00f9 i soldi, ...avrebbe voce solo l&#039;amore.Tutti potrebbero avere gratis tutto quello che gli serve per vivere bene, ...e nello stesso tempo, tutti avrebbero bisogno dell&#039;aiuto degli altri homini.\" \/>\n<meta name=\"twitter:image\" content=\"https:\/\/lbcomunicazione.org\/wp-content\/uploads\/2023\/05\/Il-ritorno-alla-gratuita.jpg\" \/>\n<meta name=\"twitter:creator\" content=\"@beezzup\" \/>\n<meta name=\"twitter:site\" content=\"@beezzup\" \/>\n<meta name=\"twitter:label1\" content=\"Scritto da\" \/>\n\t<meta name=\"twitter:data1\" content=\"La Comunicazione\" \/>\n\t<meta name=\"twitter:label2\" content=\"Tempo di lettura stimato\" \/>\n\t<meta name=\"twitter:data2\" content=\"8 minuti\" \/>\n<script type=\"application\/ld+json\" class=\"yoast-schema-graph\">{\"@context\":\"https:\/\/schema.org\",\"@graph\":[{\"@type\":\"Article\",\"@id\":\"https:\/\/lbcomunicazione.org\/index.php\/2023\/05\/06\/lhomo-vivo-iam-de-la-nazione-e-il-ripristino-della-gratuita\/#article\",\"isPartOf\":{\"@id\":\"https:\/\/lbcomunicazione.org\/index.php\/2023\/05\/06\/lhomo-vivo-iam-de-la-nazione-e-il-ripristino-della-gratuita\/\"},\"author\":{\"name\":\"La Comunicazione\",\"@id\":\"https:\/\/lbcomunicazione.org\/#\/schema\/person\/4778ef7ff2b9c118338053433d8ff990\"},\"headline\":\"L\u2019homo vivo IAM de La Nazione e il ripristino della gratuit\u00e0\",\"datePublished\":\"2023-05-06T14:51:33+00:00\",\"dateModified\":\"2023-05-06T15:22:38+00:00\",\"mainEntityOfPage\":{\"@id\":\"https:\/\/lbcomunicazione.org\/index.php\/2023\/05\/06\/lhomo-vivo-iam-de-la-nazione-e-il-ripristino-della-gratuita\/\"},\"wordCount\":1305,\"publisher\":{\"@id\":\"https:\/\/lbcomunicazione.org\/#organization\"},\"image\":{\"@id\":\"https:\/\/lbcomunicazione.org\/index.php\/2023\/05\/06\/lhomo-vivo-iam-de-la-nazione-e-il-ripristino-della-gratuita\/#primaryimage\"},\"thumbnailUrl\":\"https:\/\/lbcomunicazione.org\/wp-content\/uploads\/2023\/05\/Il-ritorno-alla-gratuita.jpg\",\"keywords\":[\"homo vivo\",\"IAM\",\"la nazione\",\"Noi \u00e8 Io Sono\",\"oppt 1776\"],\"articleSection\":[\"OPPT 1776-La Nazione\"],\"inLanguage\":\"it-IT\"},{\"@type\":\"WebPage\",\"@id\":\"https:\/\/lbcomunicazione.org\/index.php\/2023\/05\/06\/lhomo-vivo-iam-de-la-nazione-e-il-ripristino-della-gratuita\/\",\"url\":\"https:\/\/lbcomunicazione.org\/index.php\/2023\/05\/06\/lhomo-vivo-iam-de-la-nazione-e-il-ripristino-della-gratuita\/\",\"name\":\"L\u2019homo vivo IAM de La Nazione e il ripristino della gratuit\u00e0 - blog TG24 la comunicazione\",\"isPartOf\":{\"@id\":\"https:\/\/lbcomunicazione.org\/#website\"},\"primaryImageOfPage\":{\"@id\":\"https:\/\/lbcomunicazione.org\/index.php\/2023\/05\/06\/lhomo-vivo-iam-de-la-nazione-e-il-ripristino-della-gratuita\/#primaryimage\"},\"image\":{\"@id\":\"https:\/\/lbcomunicazione.org\/index.php\/2023\/05\/06\/lhomo-vivo-iam-de-la-nazione-e-il-ripristino-della-gratuita\/#primaryimage\"},\"thumbnailUrl\":\"https:\/\/lbcomunicazione.org\/wp-content\/uploads\/2023\/05\/Il-ritorno-alla-gratuita.jpg\",\"datePublished\":\"2023-05-06T14:51:33+00:00\",\"dateModified\":\"2023-05-06T15:22:38+00:00\",\"breadcrumb\":{\"@id\":\"https:\/\/lbcomunicazione.org\/index.php\/2023\/05\/06\/lhomo-vivo-iam-de-la-nazione-e-il-ripristino-della-gratuita\/#breadcrumb\"},\"inLanguage\":\"it-IT\",\"potentialAction\":[{\"@type\":\"ReadAction\",\"target\":[\"https:\/\/lbcomunicazione.org\/index.php\/2023\/05\/06\/lhomo-vivo-iam-de-la-nazione-e-il-ripristino-della-gratuita\/\"]}]},{\"@type\":\"ImageObject\",\"inLanguage\":\"it-IT\",\"@id\":\"https:\/\/lbcomunicazione.org\/index.php\/2023\/05\/06\/lhomo-vivo-iam-de-la-nazione-e-il-ripristino-della-gratuita\/#primaryimage\",\"url\":\"https:\/\/lbcomunicazione.org\/wp-content\/uploads\/2023\/05\/Il-ritorno-alla-gratuita.jpg\",\"contentUrl\":\"https:\/\/lbcomunicazione.org\/wp-content\/uploads\/2023\/05\/Il-ritorno-alla-gratuita.jpg\",\"width\":1366,\"height\":768,\"caption\":\"L\u2019homo vivo IAM de La Nazione e il ripristino della gratuit\u00e0\"},{\"@type\":\"BreadcrumbList\",\"@id\":\"https:\/\/lbcomunicazione.org\/index.php\/2023\/05\/06\/lhomo-vivo-iam-de-la-nazione-e-il-ripristino-della-gratuita\/#breadcrumb\",\"itemListElement\":[{\"@type\":\"ListItem\",\"position\":1,\"name\":\"Home\",\"item\":\"https:\/\/lbcomunicazione.org\/\"},{\"@type\":\"ListItem\",\"position\":2,\"name\":\"L\u2019homo vivo IAM de La Nazione e il ripristino della gratuit\u00e0\"}]},{\"@type\":\"WebSite\",\"@id\":\"https:\/\/lbcomunicazione.org\/#website\",\"url\":\"https:\/\/lbcomunicazione.org\/\",\"name\":\"blogTG24lacomunicazione.org\",\"description\":\"Siamo una squadra di blogger, che desiderano dare voce a quelle notizie, realt\u00e0, associazioni, che non sono divulgate dai giornali e media\",\"publisher\":{\"@id\":\"https:\/\/lbcomunicazione.org\/#organization\"},\"potentialAction\":[{\"@type\":\"SearchAction\",\"target\":{\"@type\":\"EntryPoint\",\"urlTemplate\":\"https:\/\/lbcomunicazione.org\/?s={search_term_string}\"},\"query-input\":{\"@type\":\"PropertyValueSpecification\",\"valueRequired\":true,\"valueName\":\"search_term_string\"}}],\"inLanguage\":\"it-IT\"},{\"@type\":\"Organization\",\"@id\":\"https:\/\/lbcomunicazione.org\/#organization\",\"name\":\"blogtg24lacomunicazione\",\"url\":\"https:\/\/lbcomunicazione.org\/\",\"logo\":{\"@type\":\"ImageObject\",\"inLanguage\":\"it-IT\",\"@id\":\"https:\/\/lbcomunicazione.org\/#\/schema\/logo\/image\/\",\"url\":\"https:\/\/lbcomunicazione.org\/wp-content\/uploads\/2019\/01\/logo-cfpblogger.jpg\",\"contentUrl\":\"https:\/\/lbcomunicazione.org\/wp-content\/uploads\/2019\/01\/logo-cfpblogger.jpg\",\"width\":680,\"height\":709,\"caption\":\"blogtg24lacomunicazione\"},\"image\":{\"@id\":\"https:\/\/lbcomunicazione.org\/#\/schema\/logo\/image\/\"},\"sameAs\":[\"https:\/\/www.facebook.com\/beezzup\/\",\"https:\/\/x.com\/beezzup\",\"https:\/\/www.instagram.com\/beezzup\/\",\"https:\/\/www.pinterest.it\/beezzup\/\",\"https:\/\/www.youtube.com\/channel\/UCPeEGg5tKdoyOPK--mGE5Yg\"]},{\"@type\":\"Person\",\"@id\":\"https:\/\/lbcomunicazione.org\/#\/schema\/person\/4778ef7ff2b9c118338053433d8ff990\",\"name\":\"La Comunicazione\",\"image\":{\"@type\":\"ImageObject\",\"inLanguage\":\"it-IT\",\"@id\":\"https:\/\/lbcomunicazione.org\/#\/schema\/person\/image\/\",\"url\":\"https:\/\/secure.gravatar.com\/avatar\/f0acce20d511d66615074096311ea57dff3857daee266619ab652f5b400832d3?s=96&d=mm&r=g\",\"contentUrl\":\"https:\/\/secure.gravatar.com\/avatar\/f0acce20d511d66615074096311ea57dff3857daee266619ab652f5b400832d3?s=96&d=mm&r=g\",\"caption\":\"La Comunicazione\"},\"sameAs\":[\"https:\/\/cloudsystemgroup.com\"],\"url\":\"https:\/\/lbcomunicazione.org\/index.php\/author\/stefano\/\"}]}<\/script>\n<!-- \/ Yoast SEO plugin. -->","yoast_head_json":{"title":"L\u2019homo vivo IAM de La Nazione e il ripristino della gratuit\u00e0 - blog TG24 la comunicazione","robots":{"index":"index","follow":"follow","max-snippet":"max-snippet:-1","max-image-preview":"max-image-preview:large","max-video-preview":"max-video-preview:-1"},"canonical":"https:\/\/lbcomunicazione.org\/index.php\/2023\/05\/06\/lhomo-vivo-iam-de-la-nazione-e-il-ripristino-della-gratuita\/","og_locale":"it_IT","og_type":"article","og_title":"L\u2019homo vivo IAM de La Nazione e il ripristino della gratuit\u00e0","og_description":"Se da domani, tutti gli uomini decidessero di non usare pi\u00f9 i soldi, ...avrebbe voce solo l'amore.Tutti potrebbero avere gratis tutto quello che gli serve per vivere bene, ...e nello stesso tempo, tutti avrebbero bisogno dell'aiuto degli altri homini.","og_url":"https:\/\/lbcomunicazione.org\/index.php\/2023\/05\/06\/lhomo-vivo-iam-de-la-nazione-e-il-ripristino-della-gratuita\/","og_site_name":"blog TG24 la comunicazione","article_publisher":"https:\/\/www.facebook.com\/beezzup\/","article_published_time":"2023-05-06T14:51:33+00:00","article_modified_time":"2023-05-06T15:22:38+00:00","og_image":[{"width":1366,"height":768,"url":"https:\/\/lbcomunicazione.org\/wp-content\/uploads\/2023\/05\/Il-ritorno-alla-gratuita.jpg","type":"image\/jpeg"}],"author":"La Comunicazione","twitter_card":"summary_large_image","twitter_title":"L\u2019homo vivo IAM de La Nazione e il ripristino della gratuit\u00e0","twitter_description":"Se da domani, tutti gli uomini decidessero di non usare pi\u00f9 i soldi, ...avrebbe voce solo l'amore.Tutti potrebbero avere gratis tutto quello che gli serve per vivere bene, ...e nello stesso tempo, tutti avrebbero bisogno dell'aiuto degli altri homini.","twitter_image":"https:\/\/lbcomunicazione.org\/wp-content\/uploads\/2023\/05\/Il-ritorno-alla-gratuita.jpg","twitter_creator":"@beezzup","twitter_site":"@beezzup","twitter_misc":{"Scritto da":"La Comunicazione","Tempo di lettura stimato":"8 minuti"},"schema":{"@context":"https:\/\/schema.org","@graph":[{"@type":"Article","@id":"https:\/\/lbcomunicazione.org\/index.php\/2023\/05\/06\/lhomo-vivo-iam-de-la-nazione-e-il-ripristino-della-gratuita\/#article","isPartOf":{"@id":"https:\/\/lbcomunicazione.org\/index.php\/2023\/05\/06\/lhomo-vivo-iam-de-la-nazione-e-il-ripristino-della-gratuita\/"},"author":{"name":"La Comunicazione","@id":"https:\/\/lbcomunicazione.org\/#\/schema\/person\/4778ef7ff2b9c118338053433d8ff990"},"headline":"L\u2019homo vivo IAM de La Nazione e il ripristino della gratuit\u00e0","datePublished":"2023-05-06T14:51:33+00:00","dateModified":"2023-05-06T15:22:38+00:00","mainEntityOfPage":{"@id":"https:\/\/lbcomunicazione.org\/index.php\/2023\/05\/06\/lhomo-vivo-iam-de-la-nazione-e-il-ripristino-della-gratuita\/"},"wordCount":1305,"publisher":{"@id":"https:\/\/lbcomunicazione.org\/#organization"},"image":{"@id":"https:\/\/lbcomunicazione.org\/index.php\/2023\/05\/06\/lhomo-vivo-iam-de-la-nazione-e-il-ripristino-della-gratuita\/#primaryimage"},"thumbnailUrl":"https:\/\/lbcomunicazione.org\/wp-content\/uploads\/2023\/05\/Il-ritorno-alla-gratuita.jpg","keywords":["homo vivo","IAM","la nazione","Noi \u00e8 Io Sono","oppt 1776"],"articleSection":["OPPT 1776-La Nazione"],"inLanguage":"it-IT"},{"@type":"WebPage","@id":"https:\/\/lbcomunicazione.org\/index.php\/2023\/05\/06\/lhomo-vivo-iam-de-la-nazione-e-il-ripristino-della-gratuita\/","url":"https:\/\/lbcomunicazione.org\/index.php\/2023\/05\/06\/lhomo-vivo-iam-de-la-nazione-e-il-ripristino-della-gratuita\/","name":"L\u2019homo vivo IAM de La Nazione e il ripristino della gratuit\u00e0 - blog TG24 la comunicazione","isPartOf":{"@id":"https:\/\/lbcomunicazione.org\/#website"},"primaryImageOfPage":{"@id":"https:\/\/lbcomunicazione.org\/index.php\/2023\/05\/06\/lhomo-vivo-iam-de-la-nazione-e-il-ripristino-della-gratuita\/#primaryimage"},"image":{"@id":"https:\/\/lbcomunicazione.org\/index.php\/2023\/05\/06\/lhomo-vivo-iam-de-la-nazione-e-il-ripristino-della-gratuita\/#primaryimage"},"thumbnailUrl":"https:\/\/lbcomunicazione.org\/wp-content\/uploads\/2023\/05\/Il-ritorno-alla-gratuita.jpg","datePublished":"2023-05-06T14:51:33+00:00","dateModified":"2023-05-06T15:22:38+00:00","breadcrumb":{"@id":"https:\/\/lbcomunicazione.org\/index.php\/2023\/05\/06\/lhomo-vivo-iam-de-la-nazione-e-il-ripristino-della-gratuita\/#breadcrumb"},"inLanguage":"it-IT","potentialAction":[{"@type":"ReadAction","target":["https:\/\/lbcomunicazione.org\/index.php\/2023\/05\/06\/lhomo-vivo-iam-de-la-nazione-e-il-ripristino-della-gratuita\/"]}]},{"@type":"ImageObject","inLanguage":"it-IT","@id":"https:\/\/lbcomunicazione.org\/index.php\/2023\/05\/06\/lhomo-vivo-iam-de-la-nazione-e-il-ripristino-della-gratuita\/#primaryimage","url":"https:\/\/lbcomunicazione.org\/wp-content\/uploads\/2023\/05\/Il-ritorno-alla-gratuita.jpg","contentUrl":"https:\/\/lbcomunicazione.org\/wp-content\/uploads\/2023\/05\/Il-ritorno-alla-gratuita.jpg","width":1366,"height":768,"caption":"L\u2019homo vivo IAM de La Nazione e il ripristino della gratuit\u00e0"},{"@type":"BreadcrumbList","@id":"https:\/\/lbcomunicazione.org\/index.php\/2023\/05\/06\/lhomo-vivo-iam-de-la-nazione-e-il-ripristino-della-gratuita\/#breadcrumb","itemListElement":[{"@type":"ListItem","position":1,"name":"Home","item":"https:\/\/lbcomunicazione.org\/"},{"@type":"ListItem","position":2,"name":"L\u2019homo vivo IAM de La Nazione e il ripristino della gratuit\u00e0"}]},{"@type":"WebSite","@id":"https:\/\/lbcomunicazione.org\/#website","url":"https:\/\/lbcomunicazione.org\/","name":"blogTG24lacomunicazione.org","description":"Siamo una squadra di blogger, che desiderano dare voce a quelle notizie, realt\u00e0, associazioni, che non sono divulgate dai giornali e media","publisher":{"@id":"https:\/\/lbcomunicazione.org\/#organization"},"potentialAction":[{"@type":"SearchAction","target":{"@type":"EntryPoint","urlTemplate":"https:\/\/lbcomunicazione.org\/?s={search_term_string}"},"query-input":{"@type":"PropertyValueSpecification","valueRequired":true,"valueName":"search_term_string"}}],"inLanguage":"it-IT"},{"@type":"Organization","@id":"https:\/\/lbcomunicazione.org\/#organization","name":"blogtg24lacomunicazione","url":"https:\/\/lbcomunicazione.org\/","logo":{"@type":"ImageObject","inLanguage":"it-IT","@id":"https:\/\/lbcomunicazione.org\/#\/schema\/logo\/image\/","url":"https:\/\/lbcomunicazione.org\/wp-content\/uploads\/2019\/01\/logo-cfpblogger.jpg","contentUrl":"https:\/\/lbcomunicazione.org\/wp-content\/uploads\/2019\/01\/logo-cfpblogger.jpg","width":680,"height":709,"caption":"blogtg24lacomunicazione"},"image":{"@id":"https:\/\/lbcomunicazione.org\/#\/schema\/logo\/image\/"},"sameAs":["https:\/\/www.facebook.com\/beezzup\/","https:\/\/x.com\/beezzup","https:\/\/www.instagram.com\/beezzup\/","https:\/\/www.pinterest.it\/beezzup\/","https:\/\/www.youtube.com\/channel\/UCPeEGg5tKdoyOPK--mGE5Yg"]},{"@type":"Person","@id":"https:\/\/lbcomunicazione.org\/#\/schema\/person\/4778ef7ff2b9c118338053433d8ff990","name":"La Comunicazione","image":{"@type":"ImageObject","inLanguage":"it-IT","@id":"https:\/\/lbcomunicazione.org\/#\/schema\/person\/image\/","url":"https:\/\/secure.gravatar.com\/avatar\/f0acce20d511d66615074096311ea57dff3857daee266619ab652f5b400832d3?s=96&d=mm&r=g","contentUrl":"https:\/\/secure.gravatar.com\/avatar\/f0acce20d511d66615074096311ea57dff3857daee266619ab652f5b400832d3?s=96&d=mm&r=g","caption":"La Comunicazione"},"sameAs":["https:\/\/cloudsystemgroup.com"],"url":"https:\/\/lbcomunicazione.org\/index.php\/author\/stefano\/"}]}},"_links":{"self":[{"href":"https:\/\/lbcomunicazione.org\/index.php\/wp-json\/wp\/v2\/posts\/8722","targetHints":{"allow":["GET"]}}],"collection":[{"href":"https:\/\/lbcomunicazione.org\/index.php\/wp-json\/wp\/v2\/posts"}],"about":[{"href":"https:\/\/lbcomunicazione.org\/index.php\/wp-json\/wp\/v2\/types\/post"}],"author":[{"embeddable":true,"href":"https:\/\/lbcomunicazione.org\/index.php\/wp-json\/wp\/v2\/users\/5"}],"replies":[{"embeddable":true,"href":"https:\/\/lbcomunicazione.org\/index.php\/wp-json\/wp\/v2\/comments?post=8722"}],"version-history":[{"count":0,"href":"https:\/\/lbcomunicazione.org\/index.php\/wp-json\/wp\/v2\/posts\/8722\/revisions"}],"wp:featuredmedia":[{"embeddable":true,"href":"https:\/\/lbcomunicazione.org\/index.php\/wp-json\/wp\/v2\/media\/8725"}],"wp:attachment":[{"href":"https:\/\/lbcomunicazione.org\/index.php\/wp-json\/wp\/v2\/media?parent=8722"}],"wp:term":[{"taxonomy":"category","embeddable":true,"href":"https:\/\/lbcomunicazione.org\/index.php\/wp-json\/wp\/v2\/categories?post=8722"},{"taxonomy":"post_tag","embeddable":true,"href":"https:\/\/lbcomunicazione.org\/index.php\/wp-json\/wp\/v2\/tags?post=8722"}],"curies":[{"name":"wp","href":"https:\/\/api.w.org\/{rel}","templated":true}]}}