{"id":8670,"date":"2022-07-23T00:33:28","date_gmt":"2022-07-22T23:33:28","guid":{"rendered":"https:\/\/lbcomunicazione.org\/?p=8670"},"modified":"2022-07-23T00:34:19","modified_gmt":"2022-07-22T23:34:19","slug":"surrealismo-e-magia-alla-peggy-guggenheim-collection","status":"publish","type":"post","link":"https:\/\/lbcomunicazione.org\/index.php\/2022\/07\/23\/surrealismo-e-magia-alla-peggy-guggenheim-collection\/","title":{"rendered":"Surrealismo e magia alla Peggy Guggenheim Collection"},"content":{"rendered":"<h1>Surrealismo e magia alla Peggy Guggenheim Collection<\/h1>\n<p>Palazzo Venier dei Leoni (immagine in apertura), dimora di <strong>Peggy Guggenheim <\/strong>e sede da anni dell&#8217;omonima collezione, ospita fino al 26 settembre la mostra intitolata &#8220;<em>Surrealismo e magia. La modernit\u00e0 incantata<\/em>.&#8221;<\/p>\n<p>&nbsp;<\/p>\n<p><img loading=\"lazy\" decoding=\"async\" class=\"aligncenter\" src=\"https:\/\/events.veneziaunica.it\/files\/styles\/event_header\/public\/events\/covers\/pgc-surrealismo-veunica-970x500_it.jpg?itok=swn6FjNH\" alt=\"Surrealismo e magia. La modernit\u00e0 incantata | Events - Venezia Unica\" width=\"528\" height=\"274\" \/><\/p>\n<p>&nbsp;<\/p>\n<p><em>Surrealismo e magia \u00e8 La modernit\u00e0 incantata \u00e8 la<\/em>\u00a0prima collezione che descrive attraverso opere di artisti internazionali come il Surrealismo guardasse con interesse a temi come la magia, l&#8217;occulto e la mitologia.<\/p>\n<p>Per gli artisti che abbracciavano questa corrente il pittore, lo scultore, il filosofo diventano veri e propri maghi ed alchimisti; la continua evoluzione personale \u00e8 principio essenziale per realizzarsi come individui e come sostenitori di una cultura che spazi in pi\u00f9 discipline.<\/p>\n<p>La stessa<em> Peggy Guggenheim<\/em>, verso la fine degli anni Trenta diviene una paladina di tale pensiero. Pensiero che la porta a diventare prima amica e poi moglie di Max Ernst, &#8230; e fidata consigliera di Andr\u00e9 Breton, considerato il fondatore del movimento artistico e letterario.<\/p>\n<p><em>&#8220;Mi sono dedicata interamente alla mia collezione. Una collezione \u00e8 impegnativa. Ma \u00e8 quello che desideravo e ne ho fatto il lavoro di una vita. Io non sono una collezionista. Io sono un museo<\/em>.&#8221; Peggy Guggenheim<\/p>\n<p>Figure magiche e promotrici del cambiamento sono proprio le donne, alle quali viene dedicata gran parte della mostra: &#8220;<em>La concezione surrealista della donna \u00e8 poliedrica e anche contradditoria: la donna pu\u00f2 essere fatale, caotica, erotica, magica o potente e trasformarsi o essere trasformata in fata, dea, sacerdotessa..&#8221;<\/em><\/p>\n<p>&nbsp;<\/p>\n<p>&nbsp;<\/p>\n<p><img loading=\"lazy\" decoding=\"async\" class=\"alignleft\" title=\"Surrealismo e magia alla Peggy Guggenheim Collection\" src=\"https:\/\/www.analisidellopera.it\/wp-content\/uploads\/2019\/11\/Max_Ernst_La_vestizione_della_sposa-882x1200.jpg\" alt=\"La vestizione della sposa di Max Ernst - ADO Analisi dell'opera\" width=\"350\" height=\"476\" \/><\/p>\n<h3><em>La vestizione della sposa\u00a0<\/em><\/h3>\n<p>opera di Max Ernst del 1940 \u00e8 il punto focale di tutta la mostra.\u00a0 Nel quadro il pittore dimostra come fatti della vita reale si possano rappresentare usando figure mitologiche.<\/p>\n<p>Sembra infatti che il volatile dal verde piumaggio sia lo stesso Ernst, mentre la sposa vestita di un solo mantello di piume rosse, sia Leonora Carrington, sua compagna per tre anni.<\/p>\n<p>Il rito de&lt;l matrimonio sacro che nell&#8217;alchimia \u00e8 visto come il legame tra due opposti, il re e la regina. Per il surrealismo \u00e8 una metafora del desiderio erotico del mutamento socio-culturale e della maturit\u00e0.<\/p>\n<p>Non possiamo dimenticare altre opere di rilievo come: <em>La magia nera<\/em> di Ren\u00e9 Magritte, <em>Il cervello del bambino<\/em> di Giorgio de Chirico,<em> Il ritratto di Max Ernst<\/em> di Leonora Carrington.<\/p>\n<p>&nbsp;<\/p>\n<p>&nbsp;<\/p>\n<p>Tutti gli aticoli di Elisa Brigo: Clicca\u00a0<a href=\"https:\/\/lbcomunicazione.org\/index.php\/author\/elisa-brigo\/\">QUI<\/a><\/p>\n<p>&nbsp;<\/p>\n","protected":false},"excerpt":{"rendered":"<p>Surrealismo e magia alla Peggy Guggenheim Collection Palazzo Venier dei Leoni (immagine in apertura), dimora di Peggy Guggenheim e sede da anni dell&#8217;omonima collezione, ospita fino al 26 settembre la mostra intitolata &#8220;Surrealismo e magia. La&#46;&#46;&#46;<\/p>\n","protected":false},"author":54,"featured_media":8674,"comment_status":"closed","ping_status":"closed","sticky":false,"template":"","format":"image","meta":{"footnotes":""},"categories":[5],"tags":[555,839],"class_list":["post-8670","post","type-post","status-publish","format-image","has-post-thumbnail","hentry","category-arte","tag-peggy-guggenheim","tag-surrealismo-e-magia","post_format-post-format-image"],"_links":{"self":[{"href":"https:\/\/lbcomunicazione.org\/index.php\/wp-json\/wp\/v2\/posts\/8670","targetHints":{"allow":["GET"]}}],"collection":[{"href":"https:\/\/lbcomunicazione.org\/index.php\/wp-json\/wp\/v2\/posts"}],"about":[{"href":"https:\/\/lbcomunicazione.org\/index.php\/wp-json\/wp\/v2\/types\/post"}],"author":[{"embeddable":true,"href":"https:\/\/lbcomunicazione.org\/index.php\/wp-json\/wp\/v2\/users\/54"}],"replies":[{"embeddable":true,"href":"https:\/\/lbcomunicazione.org\/index.php\/wp-json\/wp\/v2\/comments?post=8670"}],"version-history":[{"count":0,"href":"https:\/\/lbcomunicazione.org\/index.php\/wp-json\/wp\/v2\/posts\/8670\/revisions"}],"wp:featuredmedia":[{"embeddable":true,"href":"https:\/\/lbcomunicazione.org\/index.php\/wp-json\/wp\/v2\/media\/8674"}],"wp:attachment":[{"href":"https:\/\/lbcomunicazione.org\/index.php\/wp-json\/wp\/v2\/media?parent=8670"}],"wp:term":[{"taxonomy":"category","embeddable":true,"href":"https:\/\/lbcomunicazione.org\/index.php\/wp-json\/wp\/v2\/categories?post=8670"},{"taxonomy":"post_tag","embeddable":true,"href":"https:\/\/lbcomunicazione.org\/index.php\/wp-json\/wp\/v2\/tags?post=8670"}],"curies":[{"name":"wp","href":"https:\/\/api.w.org\/{rel}","templated":true}]}}