{"id":8633,"date":"2022-05-28T13:01:19","date_gmt":"2022-05-28T12:01:19","guid":{"rendered":"https:\/\/lbcomunicazione.org\/?p=8633"},"modified":"2022-05-28T13:01:19","modified_gmt":"2022-05-28T12:01:19","slug":"basilica-dei-frari-luogo-di-fede-e-di-arte","status":"publish","type":"post","link":"https:\/\/lbcomunicazione.org\/index.php\/2022\/05\/28\/basilica-dei-frari-luogo-di-fede-e-di-arte\/","title":{"rendered":"Basilica dei Frari: luogo di fede e di arte"},"content":{"rendered":"<h1><strong>Basilica dei Frari: luogo di fede e di arte<\/strong><\/h1>\n<p>Venezia, museo a cielo aperto, sempre pronta a regalare a chi la visita, dei luoghi che lasciano senza fiato.<\/p>\n<p>Uno di questi \u00e8 la Basilica dei Frari; complesso religioso francescano di stile gotico, dedicato a Santa Maria Gloriosa che racchiude otto secoli di storia, fede e arte.<\/p>\n<div style=\"width: 232px\" class=\"wp-caption alignleft\"><img loading=\"lazy\" decoding=\"async\" title=\"Basilica dei Frari: luogo di fede e di arte\" src=\"https:\/\/www.basilicadeifrari.it\/wp-content\/uploads\/2016\/11\/assunta-di-prova.jpg\" alt=\"Assunta - Basilica dei Frari\" width=\"222\" height=\"409\" \/><p class=\"wp-caption-text\"><em>Assunta di Tiziano<\/em><\/p><\/div>\n<p>&nbsp;<\/p>\n<p>Nel corso del tempo la basilica si \u00e8 trasformata raccogliendo opere d&#8217;arte che spaziano dal XV al XVIII secolo.<\/p>\n<p>L&#8217;opera pi\u00f9 suggestiva che si pu\u00f2 ammirare \u00e8 la pala dell&#8217;<em>Assunta<\/em>.<\/p>\n<p>Opera del Tiziano, ricopre il fondo della navata centrale e sembra accogliere i devoti.<\/p>\n<p>&nbsp;<\/p>\n<p>&nbsp;<\/p>\n<p>&nbsp;<\/p>\n<p>&nbsp;<\/p>\n<p>&nbsp;<\/p>\n<p>&nbsp;<\/p>\n<p>&nbsp;<\/p>\n<div style=\"width: 229px\" class=\"wp-caption alignright\"><img loading=\"lazy\" decoding=\"async\" title=\"Basilica dei Frari: luogo di fede e di arte\" src=\"https:\/\/upload.wikimedia.org\/wikipedia\/commons\/thumb\/b\/b8\/Frari_%28Venice%29_nave_left_-_Altar_of_Madona_di_Ca%27Pesaro.jpg\/1200px-Frari_%28Venice%29_nave_left_-_Altar_of_Madona_di_Ca%27Pesaro.jpg\" alt=\"Pala Pesaro - Wikipedia\" width=\"219\" height=\"342\" \/><p class=\"wp-caption-text\"><em>Madonna di C\u00e0 Pesaro<\/em><\/p><\/div>\n<p>&nbsp;<\/p>\n<h3>Sempre del Tiziano \u00e8 la <em>Madonna di C\u00e0 Pesaro<\/em><\/h3>\n<p>Collocata nella navata di sinistra, pur spostandola dalla zona centrale,\u00a0 grazie all&#8217;uso geniale della prospettiva, Tiziano riesce comunque a portare l&#8217;immagine della Vergine con il bambino al vertice della piramide geometrica rispetto agli altri personaggi.<\/p>\n<p>&nbsp;<\/p>\n<p>&nbsp;<\/p>\n<p>&nbsp;<\/p>\n<p>&nbsp;<\/p>\n<p>&nbsp;<\/p>\n<div style=\"width: 408px\" class=\"wp-caption alignleft\"><img loading=\"lazy\" decoding=\"async\" title=\"Basilica dei Frari: luogo di fede e di arte\" src=\"https:\/\/www.basilicadeifrari.it\/wp-content\/uploads\/2016\/10\/coro-ligneo.jpg\" alt=\"Coro - Basilica dei Frari\" width=\"398\" height=\"256\" \/><p class=\"wp-caption-text\"><em>monumento a Canova e il coro ligneo<\/em><\/p><\/div>\n<h3>Imponente \u00e8 il monumento a Canova e il coro ligneo<\/h3>\n<p>Con i suoi organi installati dai lati, mostra quanto questo luogo sacro sia uno scrigno di opere d&#8217;arte di immenso valore.<\/p>\n<p>&#8230;eppure quello che pi\u00f9 sorprende \u00e8<em> il rumore del silenzio<\/em>, un silenzio che ci permette di fermarci a riflettere, ad ascoltare, a pregare.<\/p>\n<p>&nbsp;<\/p>\n<p>&nbsp;<\/p>\n<p>Ed \u00e8 proprio\u00a0 con il saluto di San Francesco d&#8217;Assisi: &#8220;<em>Il signore ti dia pace&#8221;\u00a0<\/em> che la comunit\u00e0 dei Frati minori accoglie il visitatore e lo accompagna durante la visita in un luogo ove arte e fede si incontrano.<\/p>\n<p>&nbsp;<\/p>\n<p>Tutti gli aticoli di Elisa Brigo: Clicca\u00a0<a href=\"https:\/\/lbcomunicazione.org\/index.php\/author\/elisa-brigo\/\">QUI<\/a><\/p>\n","protected":false},"excerpt":{"rendered":"<p>Basilica dei Frari: luogo di fede e di arte Venezia, museo a cielo aperto, sempre pronta a regalare a chi la visita, dei luoghi che lasciano senza fiato. Uno di questi \u00e8 la Basilica dei Frari;&#46;&#46;&#46;<\/p>\n","protected":false},"author":54,"featured_media":8654,"comment_status":"closed","ping_status":"closed","sticky":false,"template":"","format":"image","meta":{"footnotes":""},"categories":[71],"tags":[],"class_list":["post-8633","post","type-post","status-publish","format-image","has-post-thumbnail","hentry","category-cultura","post_format-post-format-image"],"_links":{"self":[{"href":"https:\/\/lbcomunicazione.org\/index.php\/wp-json\/wp\/v2\/posts\/8633","targetHints":{"allow":["GET"]}}],"collection":[{"href":"https:\/\/lbcomunicazione.org\/index.php\/wp-json\/wp\/v2\/posts"}],"about":[{"href":"https:\/\/lbcomunicazione.org\/index.php\/wp-json\/wp\/v2\/types\/post"}],"author":[{"embeddable":true,"href":"https:\/\/lbcomunicazione.org\/index.php\/wp-json\/wp\/v2\/users\/54"}],"replies":[{"embeddable":true,"href":"https:\/\/lbcomunicazione.org\/index.php\/wp-json\/wp\/v2\/comments?post=8633"}],"version-history":[{"count":0,"href":"https:\/\/lbcomunicazione.org\/index.php\/wp-json\/wp\/v2\/posts\/8633\/revisions"}],"wp:featuredmedia":[{"embeddable":true,"href":"https:\/\/lbcomunicazione.org\/index.php\/wp-json\/wp\/v2\/media\/8654"}],"wp:attachment":[{"href":"https:\/\/lbcomunicazione.org\/index.php\/wp-json\/wp\/v2\/media?parent=8633"}],"wp:term":[{"taxonomy":"category","embeddable":true,"href":"https:\/\/lbcomunicazione.org\/index.php\/wp-json\/wp\/v2\/categories?post=8633"},{"taxonomy":"post_tag","embeddable":true,"href":"https:\/\/lbcomunicazione.org\/index.php\/wp-json\/wp\/v2\/tags?post=8633"}],"curies":[{"name":"wp","href":"https:\/\/api.w.org\/{rel}","templated":true}]}}