{"id":8597,"date":"2022-04-29T14:03:29","date_gmt":"2022-04-29T13:03:29","guid":{"rendered":"https:\/\/lbcomunicazione.org\/?p=8597"},"modified":"2022-04-29T14:44:25","modified_gmt":"2022-04-29T13:44:25","slug":"lincantesimo-della-vita","status":"publish","type":"post","link":"https:\/\/lbcomunicazione.org\/index.php\/2022\/04\/29\/lincantesimo-della-vita\/","title":{"rendered":"L&#8217;incantesimo della Vita"},"content":{"rendered":"<h1 style=\"text-align: left\"><strong style=\"font-size: 16px\"><em>\u201cL\u2019uomo non \u00e8 cattivo, \u00e8 solo infelice\u2026\u00e8 la sua piccola mente la causa della sua infelicit\u00e0..\u201d<\/em><\/strong><\/h1>\n<p><!--more--><\/p>\n<p>\u201c<strong>Verra un giorno in cui l\u2019uomo si sveglier\u00e0 dall\u2019obl\u00eco e finalmente comprender\u00e0 chi \u00e8 veramente e a chi ha ceduto le redini della sua esistenza, a una mente fallace, che lo rende e lo tiene schiavo&#8230;<\/strong><\/p>\n<p><strong>L\u2019uomo <\/strong><strong>non ha limiti e quando un giorno se ne render\u00e0 conto, sar\u00e0 libero anche qui in questo mondo<\/strong>.\u201d <em>Giordano Bruno<\/em><\/p>\n<p><img loading=\"lazy\" decoding=\"async\" class=\"size-medium wp-image-8600 aligncenter\" src=\"https:\/\/lbcomunicazione.org\/wp-content\/uploads\/2022\/04\/FB_IMG_1651230794434-300x239.jpg\" alt=\"\" width=\"300\" height=\"239\" srcset=\"https:\/\/lbcomunicazione.org\/wp-content\/uploads\/2022\/04\/FB_IMG_1651230794434-300x239.jpg 300w, https:\/\/lbcomunicazione.org\/wp-content\/uploads\/2022\/04\/FB_IMG_1651230794434-1024x817.jpg 1024w, https:\/\/lbcomunicazione.org\/wp-content\/uploads\/2022\/04\/FB_IMG_1651230794434-768x613.jpg 768w, https:\/\/lbcomunicazione.org\/wp-content\/uploads\/2022\/04\/FB_IMG_1651230794434-520x415.jpg 520w, https:\/\/lbcomunicazione.org\/wp-content\/uploads\/2022\/04\/FB_IMG_1651230794434.jpg 1080w\" sizes=\"auto, (max-width: 300px) 100vw, 300px\" \/><\/p>\n<p>La storia di questo mondo \u00e8 segnata pi\u00f9 dalla morte che dalla vita.<\/p>\n<p>La morte suscita paura, inquietudine, domande\u2026<\/p>\n<p>La necessit\u00e0 di controllare la morte \u00e8 uno di punti pi\u00f9 salienti e conflittuali che l\u2019essere umano sta vivendo.<\/p>\n<p>Molto della sua incapacit\u00e0 di vivere \u00e8 dovuto alla paura della morte.<\/p>\n<p>&nbsp;<\/p>\n<p>\u201cL\u2019uomo non \u00e8 cattivo, \u00e8 solo infelice\u2026\u00e8 la sua piccola mente la causa della sua infelicit\u00e0..\u201d<\/p>\n<p>Disse Giordano Bruno a Sagredo prima di venire messo al rogo.<\/p>\n<p><img loading=\"lazy\" decoding=\"async\" class=\"size-medium wp-image-8601 aligncenter\" src=\"https:\/\/lbcomunicazione.org\/wp-content\/uploads\/2022\/04\/FB_IMG_1604965013461-300x300.jpg\" alt=\"\" width=\"300\" height=\"300\" srcset=\"https:\/\/lbcomunicazione.org\/wp-content\/uploads\/2022\/04\/FB_IMG_1604965013461-300x300.jpg 300w, https:\/\/lbcomunicazione.org\/wp-content\/uploads\/2022\/04\/FB_IMG_1604965013461-150x150.jpg 150w, https:\/\/lbcomunicazione.org\/wp-content\/uploads\/2022\/04\/FB_IMG_1604965013461-160x160.jpg 160w, https:\/\/lbcomunicazione.org\/wp-content\/uploads\/2022\/04\/FB_IMG_1604965013461-320x320.jpg 320w, https:\/\/lbcomunicazione.org\/wp-content\/uploads\/2022\/04\/FB_IMG_1604965013461-520x520.jpg 520w, https:\/\/lbcomunicazione.org\/wp-content\/uploads\/2022\/04\/FB_IMG_1604965013461.jpg 600w\" sizes=\"auto, (max-width: 300px) 100vw, 300px\" \/><\/p>\n<p>Personaggi come Giordano Bruno hanno lasciato il segno, un segno indelebile, e come un seme al momento opportuno germoglier\u00e0 e porter\u00e0 frutto.<\/p>\n<p>&nbsp;<\/p>\n<p>Siamo parte di un\u2019 Unit\u00e0 che \u00e8 come frammentata e ognuno di noi \u00e8 un frammento sparso che deve tornare prima o poi a casa.<\/p>\n<p>&nbsp;<\/p>\n<p>\u201cL\u2019uomo non ha limiti\u201d disse Giordano Bruno, e deve solo rendersene conto per essere libero anche in questo mondo.<\/p>\n<p>Importante \u00e8 comprendere il gioco di questo incantesimo in atto, di questa mente fallace che lo tiene schiavo di questo incantesimo.<\/p>\n<p>&nbsp;<\/p>\n<p>Continuare a vedere la morte come una nemica, comporta lasciarsi in continuazione manipolare da questo incantesimo, venire ricattati con la paura, e vivere la vita in continua schiavit\u00f9.<\/p>\n<p><img loading=\"lazy\" decoding=\"async\" class=\"size-medium wp-image-8602 aligncenter\" src=\"https:\/\/lbcomunicazione.org\/wp-content\/uploads\/2022\/04\/FB_IMG_1605562531727-288x300.jpg\" alt=\"\" width=\"288\" height=\"300\" srcset=\"https:\/\/lbcomunicazione.org\/wp-content\/uploads\/2022\/04\/FB_IMG_1605562531727-288x300.jpg 288w, https:\/\/lbcomunicazione.org\/wp-content\/uploads\/2022\/04\/FB_IMG_1605562531727-768x801.jpg 768w, https:\/\/lbcomunicazione.org\/wp-content\/uploads\/2022\/04\/FB_IMG_1605562531727-520x542.jpg 520w, https:\/\/lbcomunicazione.org\/wp-content\/uploads\/2022\/04\/FB_IMG_1605562531727.jpg 846w\" sizes=\"auto, (max-width: 288px) 100vw, 288px\" \/><\/p>\n<p>La vita \u00e8 una vera e propria meraviglia, e la morte \u00e8 una vera e propria alleata.<\/p>\n<p><em>Tutto ci\u00f2 che nasce, prima o poi, muore e non si pu\u00f2 cambiare questo stato delle cose.<\/em><\/p>\n<p>L\u2019unica cosa che posso cambiare \u00e8 la mia visione del mondo, e prendere consapevolezza che sia la nascita che la morte sono parte integrante di questa Unit\u00e0, il punto d\u2019incontro tra le due mi permette di assaporare l\u2019Assoluto.<\/p>\n<p>&nbsp;<\/p>\n<p><strong>Siamo molto di pi\u00f9 di ci\u00f2 che crediamo.<\/strong><\/p>\n<p>Per altri articoli di Pittrice di parole, clicca <a href=\"https:\/\/lbcomunicazione.org\/index.php\/pittricediparole\/\">QUI<\/a><\/p>\n","protected":false},"excerpt":{"rendered":"<p>\u201cL\u2019uomo non \u00e8 cattivo, \u00e8 solo infelice\u2026\u00e8 la sua piccola mente la causa della sua infelicit\u00e0..\u201d<\/p>\n","protected":false},"author":12,"featured_media":6985,"comment_status":"closed","ping_status":"closed","sticky":false,"template":"","format":"image","meta":{"footnotes":""},"categories":[6],"tags":[823,34],"class_list":["post-8597","post","type-post","status-publish","format-image","has-post-thumbnail","hentry","category-attualita","tag-incantesimo","tag-vita","post_format-post-format-image"],"_links":{"self":[{"href":"https:\/\/lbcomunicazione.org\/index.php\/wp-json\/wp\/v2\/posts\/8597","targetHints":{"allow":["GET"]}}],"collection":[{"href":"https:\/\/lbcomunicazione.org\/index.php\/wp-json\/wp\/v2\/posts"}],"about":[{"href":"https:\/\/lbcomunicazione.org\/index.php\/wp-json\/wp\/v2\/types\/post"}],"author":[{"embeddable":true,"href":"https:\/\/lbcomunicazione.org\/index.php\/wp-json\/wp\/v2\/users\/12"}],"replies":[{"embeddable":true,"href":"https:\/\/lbcomunicazione.org\/index.php\/wp-json\/wp\/v2\/comments?post=8597"}],"version-history":[{"count":0,"href":"https:\/\/lbcomunicazione.org\/index.php\/wp-json\/wp\/v2\/posts\/8597\/revisions"}],"wp:featuredmedia":[{"embeddable":true,"href":"https:\/\/lbcomunicazione.org\/index.php\/wp-json\/wp\/v2\/media\/6985"}],"wp:attachment":[{"href":"https:\/\/lbcomunicazione.org\/index.php\/wp-json\/wp\/v2\/media?parent=8597"}],"wp:term":[{"taxonomy":"category","embeddable":true,"href":"https:\/\/lbcomunicazione.org\/index.php\/wp-json\/wp\/v2\/categories?post=8597"},{"taxonomy":"post_tag","embeddable":true,"href":"https:\/\/lbcomunicazione.org\/index.php\/wp-json\/wp\/v2\/tags?post=8597"}],"curies":[{"name":"wp","href":"https:\/\/api.w.org\/{rel}","templated":true}]}}