{"id":8552,"date":"2022-04-03T18:43:27","date_gmt":"2022-04-03T17:43:27","guid":{"rendered":"https:\/\/lbcomunicazione.org\/?p=8552"},"modified":"2022-04-03T18:45:37","modified_gmt":"2022-04-03T17:45:37","slug":"la-corea-del-sud-si-tinge-di-rosa","status":"publish","type":"post","link":"https:\/\/lbcomunicazione.org\/index.php\/2022\/04\/03\/la-corea-del-sud-si-tinge-di-rosa\/","title":{"rendered":"La Corea del Sud si tinge di rosa"},"content":{"rendered":"<h1>La Corea del Sud si tinge di rosa<\/h1>\n<p><em>Guarda i\u00a0<b>fiori di ciliegio<\/b>! <\/em><\/p>\n<p><em>Il loro colore e il loro profumo cadono insieme a loro; se ne sono andati per sempre, eppure senza cervello la primavera ritorna puntualmente ogni anno. <\/em><\/p>\n<p><em>Spesso i petali\u00a0<b>di fiori di ciliegio<\/b>\u00a0danzano nel vento primaverile, che da lontano pu\u00f2 sembrare una tempesta\u00a0<b>di<\/b>\u00a0neve dipinta\u00a0<b>di<\/b>\u00a0rosa!<\/em><\/p>\n<p>&nbsp;<\/p>\n<h2>Ogni 5 aprile la Corea del Sud si tinge di rosa<\/h2>\n<p>Si celebra il risveglio della primavera, gli alberi di ciliegio offrono una delle pi\u00f9 romantiche visioni che la natura ci pu\u00f2 regalare. Dopo un inverno freddo e rigido le distese di fiori\u00a0 tingono strade, piazze e parchi di rosa,\u00a0 dando vita ad un paesaggio fiabesco.<\/p>\n<p>Questa data \u00e8 stata scelta perch\u00e9 cade proprio al centro del Festival di <em>Jinhae Gunhangje<\/em>, il pi\u00f9 grande festival primaverile coreano. Durante il festival si commemora la morte dell&#8217;ammiraglio <em>Yi Sun-sin<\/em>, considerato un eroe nazionale vissuto durante la dinastia <em>Joseon<\/em>.<\/p>\n<p>&nbsp;<\/p>\n<p>&nbsp;<\/p>\n<div id=\"attachment_8558\" style=\"width: 451px\" class=\"wp-caption alignleft\"><img loading=\"lazy\" decoding=\"async\" aria-describedby=\"caption-attachment-8558\" class=\" wp-image-8558\" src=\"https:\/\/lbcomunicazione.org\/wp-content\/uploads\/2022\/04\/La-Corea-del-Sud-si-tinge-di-rosa.jpg\" alt=\"\" width=\"441\" height=\"287\" \/><p id=\"caption-attachment-8558\" class=\"wp-caption-text\"><em>Jinhae Gunhangje<\/em><\/p><\/div>\n<p>Festa che nasce dalla tradizione nipponica e poi assorbita durante la colonizzazione da quella coreana,\u00a0 vuole ricordare ad ognuno di noi come si debba godere della bellezza della natura rispettandone i tempi.<\/p>\n<p>&nbsp;<\/p>\n<p>&nbsp;<\/p>\n<p>&nbsp;<\/p>\n<p>&nbsp;<\/p>\n<p>&nbsp;<\/p>\n<p>&nbsp;<\/p>\n<p><img loading=\"lazy\" decoding=\"async\" class=\"size-full wp-image-8555 alignright\" src=\"https:\/\/lbcomunicazione.org\/wp-content\/uploads\/2022\/04\/fiore-di-ciliegio-1.jpg\" alt=\"\" width=\"500\" height=\"375\" srcset=\"https:\/\/lbcomunicazione.org\/wp-content\/uploads\/2022\/04\/fiore-di-ciliegio-1.jpg 500w, https:\/\/lbcomunicazione.org\/wp-content\/uploads\/2022\/04\/fiore-di-ciliegio-1-300x225.jpg 300w\" sizes=\"auto, (max-width: 500px) 100vw, 500px\" \/>Il fiore di ciliegio ne \u00e8 l&#8217;emblema; quanto \u00e8 spettacolare durante la sua fioritura, quasi da togliere il fiato.<\/p>\n<p>Quanto \u00e8 cos\u00ec delicato e fragile da sfiorire velocemente come la nostra vita&#8230; cos\u00ec breve da durare il tempo di una fioritura ma cos\u00ec potente e luminosa da divenire spettacolare per noi stessi e coloro che ci circondano.<\/p>\n<p>&nbsp;<\/p>\n<p>&nbsp;<\/p>\n<p>&nbsp;<\/p>\n<p>&nbsp;<\/p>\n<p>&nbsp;<\/p>\n<h3>Tutti gli aticoli di Elisa Brigo: Clicca\u00a0<a href=\"https:\/\/lbcomunicazione.org\/index.php\/author\/elisa-brigo\/\">QUI<\/a><\/h3>\n<p>&nbsp;<\/p>\n","protected":false},"excerpt":{"rendered":"<p>La Corea del Sud si tinge di rosa Guarda i\u00a0fiori di ciliegio! Il loro colore e il loro profumo cadono insieme a loro; se ne sono andati per sempre, eppure senza cervello la primavera ritorna puntualmente ogni anno. Spesso i petali\u00a0di fiori di ciliegio\u00a0danzano nel vento primaverile, che da lontano pu\u00f2 sembrare una tempesta\u00a0di\u00a0neve dipinta\u00a0di\u00a0rosa! &nbsp; Ogni 5 aprile la Corea del Sud si tinge di rosa Si celebra il risveglio della primavera, gli alberi di ciliegio offrono una delle pi\u00f9 romantiche visioni che la natura ci pu\u00f2 regalare. Dopo un inverno freddo e rigido le distese di fiori\u00a0 tingono strade,&#46;&#46;&#46;<\/p>\n","protected":false},"author":54,"featured_media":8559,"comment_status":"closed","ping_status":"closed","sticky":false,"template":"","format":"image","meta":{"_crdt_document":"","footnotes":""},"categories":[71],"tags":[817],"class_list":["post-8552","post","type-post","status-publish","format-image","has-post-thumbnail","hentry","category-cultura","tag-jinhae-gunhangje","post_format-post-format-image"],"yoast_head":"<!-- This site is optimized with the Yoast SEO plugin v26.9 - https:\/\/yoast.com\/product\/yoast-seo-wordpress\/ -->\n<title>La Corea del Sud si tinge di rosa - blog TG24 la comunicazione<\/title>\n<meta name=\"description\" content=\"La Corea del Sud si tinge di rosa - Guarda i\u00a0fiori di ciliegio!Il loro colore e il loro profumo cadono insieme a loro; se ne sono...\" \/>\n<meta name=\"robots\" content=\"index, follow, max-snippet:-1, max-image-preview:large, max-video-preview:-1\" \/>\n<link rel=\"canonical\" href=\"https:\/\/lbcomunicazione.org\/index.php\/2022\/04\/03\/la-corea-del-sud-si-tinge-di-rosa\/\" \/>\n<meta property=\"og:locale\" content=\"it_IT\" \/>\n<meta property=\"og:type\" content=\"article\" \/>\n<meta property=\"og:title\" content=\"La Corea del Sud si tinge di rosa - blog TG24 la comunicazione\" \/>\n<meta property=\"og:description\" content=\"La Corea del Sud si tinge di rosa - Guarda i\u00a0fiori di ciliegio!Il loro colore e il loro profumo cadono insieme a loro; se ne sono...\" \/>\n<meta property=\"og:url\" content=\"https:\/\/lbcomunicazione.org\/index.php\/2022\/04\/03\/la-corea-del-sud-si-tinge-di-rosa\/\" \/>\n<meta property=\"og:site_name\" content=\"blog TG24 la comunicazione\" \/>\n<meta property=\"article:publisher\" content=\"https:\/\/www.facebook.com\/beezzup\/\" \/>\n<meta property=\"article:published_time\" content=\"2022-04-03T17:43:27+00:00\" \/>\n<meta property=\"article:modified_time\" content=\"2022-04-03T17:45:37+00:00\" \/>\n<meta property=\"og:image\" content=\"https:\/\/lbcomunicazione.org\/wp-content\/uploads\/2022\/04\/La-Corea-del-Sud-si-tinge-di-rosa-Seokchon-Lake.jpg\" \/>\n\t<meta property=\"og:image:width\" content=\"1366\" \/>\n\t<meta property=\"og:image:height\" content=\"768\" \/>\n\t<meta property=\"og:image:type\" content=\"image\/jpeg\" \/>\n<meta name=\"author\" content=\"Elisa Brigo\" \/>\n<meta name=\"twitter:card\" content=\"summary_large_image\" \/>\n<meta name=\"twitter:creator\" content=\"@beezzup\" \/>\n<meta name=\"twitter:site\" content=\"@beezzup\" \/>\n<meta name=\"twitter:label1\" content=\"Scritto da\" \/>\n\t<meta name=\"twitter:data1\" content=\"Elisa Brigo\" \/>\n\t<meta name=\"twitter:label2\" content=\"Tempo di lettura stimato\" \/>\n\t<meta name=\"twitter:data2\" content=\"2 minuti\" \/>\n<script type=\"application\/ld+json\" class=\"yoast-schema-graph\">{\"@context\":\"https:\/\/schema.org\",\"@graph\":[{\"@type\":\"Article\",\"@id\":\"https:\/\/lbcomunicazione.org\/index.php\/2022\/04\/03\/la-corea-del-sud-si-tinge-di-rosa\/#article\",\"isPartOf\":{\"@id\":\"https:\/\/lbcomunicazione.org\/index.php\/2022\/04\/03\/la-corea-del-sud-si-tinge-di-rosa\/\"},\"author\":{\"name\":\"Elisa Brigo\",\"@id\":\"https:\/\/lbcomunicazione.org\/#\/schema\/person\/c95bc3e05d87088b164dcb262c3bcffe\"},\"headline\":\"La Corea del Sud si tinge di rosa\",\"datePublished\":\"2022-04-03T17:43:27+00:00\",\"dateModified\":\"2022-04-03T17:45:37+00:00\",\"mainEntityOfPage\":{\"@id\":\"https:\/\/lbcomunicazione.org\/index.php\/2022\/04\/03\/la-corea-del-sud-si-tinge-di-rosa\/\"},\"wordCount\":284,\"publisher\":{\"@id\":\"https:\/\/lbcomunicazione.org\/#organization\"},\"image\":{\"@id\":\"https:\/\/lbcomunicazione.org\/index.php\/2022\/04\/03\/la-corea-del-sud-si-tinge-di-rosa\/#primaryimage\"},\"thumbnailUrl\":\"https:\/\/lbcomunicazione.org\/wp-content\/uploads\/2022\/04\/La-Corea-del-Sud-si-tinge-di-rosa-Seokchon-Lake.jpg\",\"keywords\":[\"Jinhae Gunhangje\"],\"articleSection\":[\"cultura\"],\"inLanguage\":\"it-IT\"},{\"@type\":\"WebPage\",\"@id\":\"https:\/\/lbcomunicazione.org\/index.php\/2022\/04\/03\/la-corea-del-sud-si-tinge-di-rosa\/\",\"url\":\"https:\/\/lbcomunicazione.org\/index.php\/2022\/04\/03\/la-corea-del-sud-si-tinge-di-rosa\/\",\"name\":\"La Corea del Sud si tinge di rosa - blog TG24 la comunicazione\",\"isPartOf\":{\"@id\":\"https:\/\/lbcomunicazione.org\/#website\"},\"primaryImageOfPage\":{\"@id\":\"https:\/\/lbcomunicazione.org\/index.php\/2022\/04\/03\/la-corea-del-sud-si-tinge-di-rosa\/#primaryimage\"},\"image\":{\"@id\":\"https:\/\/lbcomunicazione.org\/index.php\/2022\/04\/03\/la-corea-del-sud-si-tinge-di-rosa\/#primaryimage\"},\"thumbnailUrl\":\"https:\/\/lbcomunicazione.org\/wp-content\/uploads\/2022\/04\/La-Corea-del-Sud-si-tinge-di-rosa-Seokchon-Lake.jpg\",\"datePublished\":\"2022-04-03T17:43:27+00:00\",\"dateModified\":\"2022-04-03T17:45:37+00:00\",\"description\":\"La Corea del Sud si tinge di rosa - Guarda i\u00a0fiori di ciliegio!Il loro colore e il loro profumo cadono insieme a loro; se ne sono...\",\"breadcrumb\":{\"@id\":\"https:\/\/lbcomunicazione.org\/index.php\/2022\/04\/03\/la-corea-del-sud-si-tinge-di-rosa\/#breadcrumb\"},\"inLanguage\":\"it-IT\",\"potentialAction\":[{\"@type\":\"ReadAction\",\"target\":[\"https:\/\/lbcomunicazione.org\/index.php\/2022\/04\/03\/la-corea-del-sud-si-tinge-di-rosa\/\"]}]},{\"@type\":\"ImageObject\",\"inLanguage\":\"it-IT\",\"@id\":\"https:\/\/lbcomunicazione.org\/index.php\/2022\/04\/03\/la-corea-del-sud-si-tinge-di-rosa\/#primaryimage\",\"url\":\"https:\/\/lbcomunicazione.org\/wp-content\/uploads\/2022\/04\/La-Corea-del-Sud-si-tinge-di-rosa-Seokchon-Lake.jpg\",\"contentUrl\":\"https:\/\/lbcomunicazione.org\/wp-content\/uploads\/2022\/04\/La-Corea-del-Sud-si-tinge-di-rosa-Seokchon-Lake.jpg\",\"width\":1366,\"height\":768},{\"@type\":\"BreadcrumbList\",\"@id\":\"https:\/\/lbcomunicazione.org\/index.php\/2022\/04\/03\/la-corea-del-sud-si-tinge-di-rosa\/#breadcrumb\",\"itemListElement\":[{\"@type\":\"ListItem\",\"position\":1,\"name\":\"Home\",\"item\":\"https:\/\/lbcomunicazione.org\/\"},{\"@type\":\"ListItem\",\"position\":2,\"name\":\"La Corea del Sud si tinge di rosa\"}]},{\"@type\":\"WebSite\",\"@id\":\"https:\/\/lbcomunicazione.org\/#website\",\"url\":\"https:\/\/lbcomunicazione.org\/\",\"name\":\"blogTG24lacomunicazione.org\",\"description\":\"Siamo una squadra di blogger, che desiderano dare voce a quelle notizie, realt\u00e0, associazioni, che non sono divulgate dai giornali e media\",\"publisher\":{\"@id\":\"https:\/\/lbcomunicazione.org\/#organization\"},\"potentialAction\":[{\"@type\":\"SearchAction\",\"target\":{\"@type\":\"EntryPoint\",\"urlTemplate\":\"https:\/\/lbcomunicazione.org\/?s={search_term_string}\"},\"query-input\":{\"@type\":\"PropertyValueSpecification\",\"valueRequired\":true,\"valueName\":\"search_term_string\"}}],\"inLanguage\":\"it-IT\"},{\"@type\":\"Organization\",\"@id\":\"https:\/\/lbcomunicazione.org\/#organization\",\"name\":\"blogtg24lacomunicazione\",\"url\":\"https:\/\/lbcomunicazione.org\/\",\"logo\":{\"@type\":\"ImageObject\",\"inLanguage\":\"it-IT\",\"@id\":\"https:\/\/lbcomunicazione.org\/#\/schema\/logo\/image\/\",\"url\":\"https:\/\/lbcomunicazione.org\/wp-content\/uploads\/2019\/01\/logo-cfpblogger.jpg\",\"contentUrl\":\"https:\/\/lbcomunicazione.org\/wp-content\/uploads\/2019\/01\/logo-cfpblogger.jpg\",\"width\":680,\"height\":709,\"caption\":\"blogtg24lacomunicazione\"},\"image\":{\"@id\":\"https:\/\/lbcomunicazione.org\/#\/schema\/logo\/image\/\"},\"sameAs\":[\"https:\/\/www.facebook.com\/beezzup\/\",\"https:\/\/x.com\/beezzup\",\"https:\/\/www.instagram.com\/beezzup\/\",\"https:\/\/www.pinterest.it\/beezzup\/\",\"https:\/\/www.youtube.com\/channel\/UCPeEGg5tKdoyOPK--mGE5Yg\"]},{\"@type\":\"Person\",\"@id\":\"https:\/\/lbcomunicazione.org\/#\/schema\/person\/c95bc3e05d87088b164dcb262c3bcffe\",\"name\":\"Elisa Brigo\",\"image\":{\"@type\":\"ImageObject\",\"inLanguage\":\"it-IT\",\"@id\":\"https:\/\/lbcomunicazione.org\/#\/schema\/person\/image\/\",\"url\":\"https:\/\/secure.gravatar.com\/avatar\/2e5716af72e75e81d4869971a81c5518d58d442f1ed190ab4d2ec00d1b705efb?s=96&d=mm&r=g\",\"contentUrl\":\"https:\/\/secure.gravatar.com\/avatar\/2e5716af72e75e81d4869971a81c5518d58d442f1ed190ab4d2ec00d1b705efb?s=96&d=mm&r=g\",\"caption\":\"Elisa Brigo\"},\"url\":\"https:\/\/lbcomunicazione.org\/index.php\/author\/elisa-brigo\/\"}]}<\/script>\n<!-- \/ Yoast SEO plugin. -->","yoast_head_json":{"title":"La Corea del Sud si tinge di rosa - blog TG24 la comunicazione","description":"La Corea del Sud si tinge di rosa - Guarda i\u00a0fiori di ciliegio!Il loro colore e il loro profumo cadono insieme a loro; se ne sono...","robots":{"index":"index","follow":"follow","max-snippet":"max-snippet:-1","max-image-preview":"max-image-preview:large","max-video-preview":"max-video-preview:-1"},"canonical":"https:\/\/lbcomunicazione.org\/index.php\/2022\/04\/03\/la-corea-del-sud-si-tinge-di-rosa\/","og_locale":"it_IT","og_type":"article","og_title":"La Corea del Sud si tinge di rosa - blog TG24 la comunicazione","og_description":"La Corea del Sud si tinge di rosa - Guarda i\u00a0fiori di ciliegio!Il loro colore e il loro profumo cadono insieme a loro; se ne sono...","og_url":"https:\/\/lbcomunicazione.org\/index.php\/2022\/04\/03\/la-corea-del-sud-si-tinge-di-rosa\/","og_site_name":"blog TG24 la comunicazione","article_publisher":"https:\/\/www.facebook.com\/beezzup\/","article_published_time":"2022-04-03T17:43:27+00:00","article_modified_time":"2022-04-03T17:45:37+00:00","og_image":[{"width":1366,"height":768,"url":"https:\/\/lbcomunicazione.org\/wp-content\/uploads\/2022\/04\/La-Corea-del-Sud-si-tinge-di-rosa-Seokchon-Lake.jpg","type":"image\/jpeg"}],"author":"Elisa Brigo","twitter_card":"summary_large_image","twitter_creator":"@beezzup","twitter_site":"@beezzup","twitter_misc":{"Scritto da":"Elisa Brigo","Tempo di lettura stimato":"2 minuti"},"schema":{"@context":"https:\/\/schema.org","@graph":[{"@type":"Article","@id":"https:\/\/lbcomunicazione.org\/index.php\/2022\/04\/03\/la-corea-del-sud-si-tinge-di-rosa\/#article","isPartOf":{"@id":"https:\/\/lbcomunicazione.org\/index.php\/2022\/04\/03\/la-corea-del-sud-si-tinge-di-rosa\/"},"author":{"name":"Elisa Brigo","@id":"https:\/\/lbcomunicazione.org\/#\/schema\/person\/c95bc3e05d87088b164dcb262c3bcffe"},"headline":"La Corea del Sud si tinge di rosa","datePublished":"2022-04-03T17:43:27+00:00","dateModified":"2022-04-03T17:45:37+00:00","mainEntityOfPage":{"@id":"https:\/\/lbcomunicazione.org\/index.php\/2022\/04\/03\/la-corea-del-sud-si-tinge-di-rosa\/"},"wordCount":284,"publisher":{"@id":"https:\/\/lbcomunicazione.org\/#organization"},"image":{"@id":"https:\/\/lbcomunicazione.org\/index.php\/2022\/04\/03\/la-corea-del-sud-si-tinge-di-rosa\/#primaryimage"},"thumbnailUrl":"https:\/\/lbcomunicazione.org\/wp-content\/uploads\/2022\/04\/La-Corea-del-Sud-si-tinge-di-rosa-Seokchon-Lake.jpg","keywords":["Jinhae Gunhangje"],"articleSection":["cultura"],"inLanguage":"it-IT"},{"@type":"WebPage","@id":"https:\/\/lbcomunicazione.org\/index.php\/2022\/04\/03\/la-corea-del-sud-si-tinge-di-rosa\/","url":"https:\/\/lbcomunicazione.org\/index.php\/2022\/04\/03\/la-corea-del-sud-si-tinge-di-rosa\/","name":"La Corea del Sud si tinge di rosa - blog TG24 la comunicazione","isPartOf":{"@id":"https:\/\/lbcomunicazione.org\/#website"},"primaryImageOfPage":{"@id":"https:\/\/lbcomunicazione.org\/index.php\/2022\/04\/03\/la-corea-del-sud-si-tinge-di-rosa\/#primaryimage"},"image":{"@id":"https:\/\/lbcomunicazione.org\/index.php\/2022\/04\/03\/la-corea-del-sud-si-tinge-di-rosa\/#primaryimage"},"thumbnailUrl":"https:\/\/lbcomunicazione.org\/wp-content\/uploads\/2022\/04\/La-Corea-del-Sud-si-tinge-di-rosa-Seokchon-Lake.jpg","datePublished":"2022-04-03T17:43:27+00:00","dateModified":"2022-04-03T17:45:37+00:00","description":"La Corea del Sud si tinge di rosa - Guarda i\u00a0fiori di ciliegio!Il loro colore e il loro profumo cadono insieme a loro; se ne sono...","breadcrumb":{"@id":"https:\/\/lbcomunicazione.org\/index.php\/2022\/04\/03\/la-corea-del-sud-si-tinge-di-rosa\/#breadcrumb"},"inLanguage":"it-IT","potentialAction":[{"@type":"ReadAction","target":["https:\/\/lbcomunicazione.org\/index.php\/2022\/04\/03\/la-corea-del-sud-si-tinge-di-rosa\/"]}]},{"@type":"ImageObject","inLanguage":"it-IT","@id":"https:\/\/lbcomunicazione.org\/index.php\/2022\/04\/03\/la-corea-del-sud-si-tinge-di-rosa\/#primaryimage","url":"https:\/\/lbcomunicazione.org\/wp-content\/uploads\/2022\/04\/La-Corea-del-Sud-si-tinge-di-rosa-Seokchon-Lake.jpg","contentUrl":"https:\/\/lbcomunicazione.org\/wp-content\/uploads\/2022\/04\/La-Corea-del-Sud-si-tinge-di-rosa-Seokchon-Lake.jpg","width":1366,"height":768},{"@type":"BreadcrumbList","@id":"https:\/\/lbcomunicazione.org\/index.php\/2022\/04\/03\/la-corea-del-sud-si-tinge-di-rosa\/#breadcrumb","itemListElement":[{"@type":"ListItem","position":1,"name":"Home","item":"https:\/\/lbcomunicazione.org\/"},{"@type":"ListItem","position":2,"name":"La Corea del Sud si tinge di rosa"}]},{"@type":"WebSite","@id":"https:\/\/lbcomunicazione.org\/#website","url":"https:\/\/lbcomunicazione.org\/","name":"blogTG24lacomunicazione.org","description":"Siamo una squadra di blogger, che desiderano dare voce a quelle notizie, realt\u00e0, associazioni, che non sono divulgate dai giornali e media","publisher":{"@id":"https:\/\/lbcomunicazione.org\/#organization"},"potentialAction":[{"@type":"SearchAction","target":{"@type":"EntryPoint","urlTemplate":"https:\/\/lbcomunicazione.org\/?s={search_term_string}"},"query-input":{"@type":"PropertyValueSpecification","valueRequired":true,"valueName":"search_term_string"}}],"inLanguage":"it-IT"},{"@type":"Organization","@id":"https:\/\/lbcomunicazione.org\/#organization","name":"blogtg24lacomunicazione","url":"https:\/\/lbcomunicazione.org\/","logo":{"@type":"ImageObject","inLanguage":"it-IT","@id":"https:\/\/lbcomunicazione.org\/#\/schema\/logo\/image\/","url":"https:\/\/lbcomunicazione.org\/wp-content\/uploads\/2019\/01\/logo-cfpblogger.jpg","contentUrl":"https:\/\/lbcomunicazione.org\/wp-content\/uploads\/2019\/01\/logo-cfpblogger.jpg","width":680,"height":709,"caption":"blogtg24lacomunicazione"},"image":{"@id":"https:\/\/lbcomunicazione.org\/#\/schema\/logo\/image\/"},"sameAs":["https:\/\/www.facebook.com\/beezzup\/","https:\/\/x.com\/beezzup","https:\/\/www.instagram.com\/beezzup\/","https:\/\/www.pinterest.it\/beezzup\/","https:\/\/www.youtube.com\/channel\/UCPeEGg5tKdoyOPK--mGE5Yg"]},{"@type":"Person","@id":"https:\/\/lbcomunicazione.org\/#\/schema\/person\/c95bc3e05d87088b164dcb262c3bcffe","name":"Elisa Brigo","image":{"@type":"ImageObject","inLanguage":"it-IT","@id":"https:\/\/lbcomunicazione.org\/#\/schema\/person\/image\/","url":"https:\/\/secure.gravatar.com\/avatar\/2e5716af72e75e81d4869971a81c5518d58d442f1ed190ab4d2ec00d1b705efb?s=96&d=mm&r=g","contentUrl":"https:\/\/secure.gravatar.com\/avatar\/2e5716af72e75e81d4869971a81c5518d58d442f1ed190ab4d2ec00d1b705efb?s=96&d=mm&r=g","caption":"Elisa Brigo"},"url":"https:\/\/lbcomunicazione.org\/index.php\/author\/elisa-brigo\/"}]}},"_links":{"self":[{"href":"https:\/\/lbcomunicazione.org\/index.php\/wp-json\/wp\/v2\/posts\/8552","targetHints":{"allow":["GET"]}}],"collection":[{"href":"https:\/\/lbcomunicazione.org\/index.php\/wp-json\/wp\/v2\/posts"}],"about":[{"href":"https:\/\/lbcomunicazione.org\/index.php\/wp-json\/wp\/v2\/types\/post"}],"author":[{"embeddable":true,"href":"https:\/\/lbcomunicazione.org\/index.php\/wp-json\/wp\/v2\/users\/54"}],"replies":[{"embeddable":true,"href":"https:\/\/lbcomunicazione.org\/index.php\/wp-json\/wp\/v2\/comments?post=8552"}],"version-history":[{"count":0,"href":"https:\/\/lbcomunicazione.org\/index.php\/wp-json\/wp\/v2\/posts\/8552\/revisions"}],"wp:featuredmedia":[{"embeddable":true,"href":"https:\/\/lbcomunicazione.org\/index.php\/wp-json\/wp\/v2\/media\/8559"}],"wp:attachment":[{"href":"https:\/\/lbcomunicazione.org\/index.php\/wp-json\/wp\/v2\/media?parent=8552"}],"wp:term":[{"taxonomy":"category","embeddable":true,"href":"https:\/\/lbcomunicazione.org\/index.php\/wp-json\/wp\/v2\/categories?post=8552"},{"taxonomy":"post_tag","embeddable":true,"href":"https:\/\/lbcomunicazione.org\/index.php\/wp-json\/wp\/v2\/tags?post=8552"}],"curies":[{"name":"wp","href":"https:\/\/api.w.org\/{rel}","templated":true}]}}