{"id":8524,"date":"2022-03-09T11:57:43","date_gmt":"2022-03-09T10:57:43","guid":{"rendered":"https:\/\/lbcomunicazione.org\/?p=8524"},"modified":"2022-03-09T11:57:43","modified_gmt":"2022-03-09T10:57:43","slug":"guerra-e-pace","status":"publish","type":"post","link":"https:\/\/lbcomunicazione.org\/index.php\/2022\/03\/09\/guerra-e-pace\/","title":{"rendered":"Guerra e Pace"},"content":{"rendered":"<p><em><strong>&#8220;Forse tremate pi\u00f9 voi nel pronunciare questa sentenza che io nell&#8217;ascoltarla&#8221; <\/strong><\/em><\/p>\n<p><em>Giordano Bruno<\/em><!--more--><\/p>\n<h2>Guerra e Pace&#8230;<\/h2>\n<p>Guerra e Pace si possono definire due opposti di una stessa medaglia.<\/p>\n<p>Se siamo su questo Pianeta c\u2019\u00e8 sicuramente un motivo se la nostra anima ha deciso di incarnarsi qui, sulla Terra, dove pare che la pace non sia mai esistita\u2026o almeno cos\u00ec sembra.<\/p>\n<p>Da sempre ci sono state oscillazioni in direzione della guerra e talvolta della pace, ma una pace che rimane in superficie, apparente, sradicata dal nostro cuore, a parte in rari soggetti.<\/p>\n<p><em>Lo stato di pace verso la quale ognuno intimamente aspira \u00e8 una pace che regna nella stato di beatitudine, di luce e di equilibrio perfetto, una pace che una volta raggiunta e radicata in noi non \u00e8 pi\u00f9 possibile ignorarla, poich\u00e9 \u00e8 reale.<\/em><\/p>\n<p>Al di fuori c\u2019\u00e8 il conflitto, la guerra, sia nel piccolo che in grande, come ad esempio la guerra mondiale.<\/p>\n<p>Fino a che rimane nel piccolo, molti la ignorano perch\u00e9 non si sentono toccati, non si sentono minacciati, ma quando cresce, si espande e diventa un conflitto mondiale, allora tutti si risvegliano, proprio perch\u00e9 tutti si sentono minacciati, hanno paura, la morte si avvicina e c\u2019\u00e8 il rischio di patire la fame, il freddo e la violenza\u2026<img loading=\"lazy\" decoding=\"async\" class=\"size-medium wp-image-8528 aligncenter\" src=\"https:\/\/lbcomunicazione.org\/wp-content\/uploads\/2022\/03\/book-2929646_1920-300x176.jpg\" alt=\"\" width=\"300\" height=\"176\" srcset=\"https:\/\/lbcomunicazione.org\/wp-content\/uploads\/2022\/03\/book-2929646_1920-300x176.jpg 300w, https:\/\/lbcomunicazione.org\/wp-content\/uploads\/2022\/03\/book-2929646_1920-1024x601.jpg 1024w, https:\/\/lbcomunicazione.org\/wp-content\/uploads\/2022\/03\/book-2929646_1920-768x450.jpg 768w, https:\/\/lbcomunicazione.org\/wp-content\/uploads\/2022\/03\/book-2929646_1920-1536x901.jpg 1536w, https:\/\/lbcomunicazione.org\/wp-content\/uploads\/2022\/03\/book-2929646_1920-520x305.jpg 520w, https:\/\/lbcomunicazione.org\/wp-content\/uploads\/2022\/03\/book-2929646_1920.jpg 1920w\" sizes=\"auto, (max-width: 300px) 100vw, 300px\" \/><\/p>\n<h2>Ci\u00f2 che \u00e8 dentro \u00e8 anche fuori&#8230;<\/h2>\n<p><em>Insomma, come d\u2019incanto la realt\u00e0 si rivela, una realt\u00e0 che non si ha mai voluto riconoscere veramente, la realt\u00e0 della separazione da s\u00e9 stessi e di conseguenza dagli altri.<\/em><\/p>\n<p>Questa separazione genera conflitti continui, squilibri, mancanza di conoscenza dell\u2019aspetto divino che siamo, proprio perch\u00e9 separati da Esso.<\/p>\n<p>Siamo esseri di luce e di ombre, viviamo nel dualismo, in un clima dualistico, in un ambiente dualistico, in una visione dualistica, in un sentire conflittuale e tutto ci\u00f2 ci rende fragili, inconsapevoli, ignari della visione reale di ci\u00f2 che accade, e contemporaneamente siamo soggiogati da giochi di potere e di manipolazione perversi.<\/p>\n<p>Quando si dice che la luce abbia il sopravvento, \u00e8 quella parte di noi che \u00e8 luce che deve prendere il sopravvento in noi, in ognuno di noi, per poter arrivare oltre, oltre gli opposti, nel perfetto equilibrio.<\/p>\n<p>Solo cos\u00ec si pu\u00f2 vivere in pace.<\/p>\n<p>Le azioni impulsive dettate dall\u2019insicurezza e dalla paura non portano a nulla di buono poich\u00e9 il loro seme \u00e8 malato e i frutti che ne scaturiscono sono anch\u2019essi malsani.<img loading=\"lazy\" decoding=\"async\" class=\"size-medium wp-image-8527 aligncenter\" src=\"https:\/\/lbcomunicazione.org\/wp-content\/uploads\/2022\/03\/89619019_2567752606681568_231760137553969152_o-248x300.jpg\" alt=\"\" width=\"248\" height=\"300\" srcset=\"https:\/\/lbcomunicazione.org\/wp-content\/uploads\/2022\/03\/89619019_2567752606681568_231760137553969152_o-248x300.jpg 248w, https:\/\/lbcomunicazione.org\/wp-content\/uploads\/2022\/03\/89619019_2567752606681568_231760137553969152_o-847x1024.jpg 847w, https:\/\/lbcomunicazione.org\/wp-content\/uploads\/2022\/03\/89619019_2567752606681568_231760137553969152_o-768x929.jpg 768w, https:\/\/lbcomunicazione.org\/wp-content\/uploads\/2022\/03\/89619019_2567752606681568_231760137553969152_o-520x629.jpg 520w, https:\/\/lbcomunicazione.org\/wp-content\/uploads\/2022\/03\/89619019_2567752606681568_231760137553969152_o.jpg 1080w\" sizes=\"auto, (max-width: 248px) 100vw, 248px\" \/><\/p>\n<h2>Cosa vogliamo veramente&#8230;<\/h2>\n<p>Se vogliamo veramente cambiare le cose alla radice, partiamo da noi stessi, senza lasciarci ipnotizzare dal bombardamento dei mainstream e iniziando a guardare dentro di noi cosa veramente vogliamo essere.<\/p>\n<p><em><strong>Se vogliamo veramente la pace<\/strong><\/em>, \u00e8 giunto il momento di diventare noi pace ed esserne l\u2019emanazione.<\/p>\n<p><em><strong>Se vogliamo il conflitto<\/strong><\/em>, allora saremo conflitto con tutte le conseguenze che ci saranno.<\/p>\n<p><em><strong>La centratura, che \u00e8 il perfetto equilibrio in noi, non conosce conflitto.<\/strong><\/em><\/p>\n<p><em>Ogni persona ha gli strumenti e le capacit\u00e0 per crescere ed evolvere, sia spiritualmente che umanamente.<\/em><\/p>\n<p><em>Deve solo volerlo.<\/em><\/p>\n<p>Giordano Bruno:<\/p>\n<p>\u201c<em><strong>Che ci piaccia o no, siamo noi la causa di noi stessi. Nascendo in questo mondo, cadiamo nell\u2019illusione dei sensi; crediamo a ci\u00f2 che appare. Ignoriamo che siamo ciechi e sordi. Allora ci assale la paura e dimentichiamo che siamo divini, che possiamo modificare il corso degli eventi, persino lo Zodiaco<\/strong><\/em>\u201d.<\/p>\n<p>Per altri articoli di Pittrice di parole, clicca <a href=\"https:\/\/lbcomunicazione.org\/index.php\/pittricediparole\/\">QUI<\/a><\/p>\n","protected":false},"excerpt":{"rendered":"<p>&#8220;Forse tremate pi\u00f9 voi nel pronunciare questa sentenza che io nell&#8217;ascoltarla&#8221; Giordano Bruno<\/p>\n","protected":false},"author":12,"featured_media":8526,"comment_status":"closed","ping_status":"closed","sticky":false,"template":"","format":"image","meta":{"_crdt_document":"","footnotes":""},"categories":[6],"tags":[813],"class_list":["post-8524","post","type-post","status-publish","format-image","has-post-thumbnail","hentry","category-attualita","tag-guerra-e-pace","post_format-post-format-image"],"yoast_head":"<!-- This site is optimized with the Yoast SEO plugin v26.9 - https:\/\/yoast.com\/product\/yoast-seo-wordpress\/ -->\n<title>Guerra e Pace - blog TG24 la comunicazione<\/title>\n<meta name=\"robots\" content=\"index, follow, max-snippet:-1, max-image-preview:large, max-video-preview:-1\" \/>\n<link rel=\"canonical\" href=\"https:\/\/lbcomunicazione.org\/index.php\/2022\/03\/09\/guerra-e-pace\/\" \/>\n<meta property=\"og:locale\" content=\"it_IT\" \/>\n<meta property=\"og:type\" content=\"article\" \/>\n<meta property=\"og:title\" content=\"Guerra e Pace - blog TG24 la comunicazione\" \/>\n<meta property=\"og:description\" content=\"&#8220;Forse tremate pi\u00f9 voi nel pronunciare questa sentenza che io nell&#8217;ascoltarla&#8221; Giordano Bruno\" \/>\n<meta property=\"og:url\" content=\"https:\/\/lbcomunicazione.org\/index.php\/2022\/03\/09\/guerra-e-pace\/\" \/>\n<meta property=\"og:site_name\" content=\"blog TG24 la comunicazione\" \/>\n<meta property=\"article:publisher\" content=\"https:\/\/www.facebook.com\/beezzup\/\" \/>\n<meta property=\"article:published_time\" content=\"2022-03-09T10:57:43+00:00\" \/>\n<meta property=\"og:image\" content=\"https:\/\/lbcomunicazione.org\/wp-content\/uploads\/2022\/03\/girl-1843477_1920.jpg\" \/>\n\t<meta property=\"og:image:width\" content=\"1392\" \/>\n\t<meta property=\"og:image:height\" content=\"1920\" \/>\n\t<meta property=\"og:image:type\" content=\"image\/jpeg\" \/>\n<meta name=\"author\" content=\"Diana\" \/>\n<meta name=\"twitter:card\" content=\"summary_large_image\" \/>\n<meta name=\"twitter:creator\" content=\"@beezzup\" \/>\n<meta name=\"twitter:site\" content=\"@beezzup\" \/>\n<meta name=\"twitter:label1\" content=\"Scritto da\" \/>\n\t<meta name=\"twitter:data1\" content=\"Diana\" \/>\n\t<meta name=\"twitter:label2\" content=\"Tempo di lettura stimato\" \/>\n\t<meta name=\"twitter:data2\" content=\"3 minuti\" \/>\n<script type=\"application\/ld+json\" class=\"yoast-schema-graph\">{\"@context\":\"https:\/\/schema.org\",\"@graph\":[{\"@type\":\"Article\",\"@id\":\"https:\/\/lbcomunicazione.org\/index.php\/2022\/03\/09\/guerra-e-pace\/#article\",\"isPartOf\":{\"@id\":\"https:\/\/lbcomunicazione.org\/index.php\/2022\/03\/09\/guerra-e-pace\/\"},\"author\":{\"name\":\"Diana\",\"@id\":\"https:\/\/lbcomunicazione.org\/#\/schema\/person\/9f78fb4a635e4c4c13460b4bdf25f0a6\"},\"headline\":\"Guerra e Pace\",\"datePublished\":\"2022-03-09T10:57:43+00:00\",\"mainEntityOfPage\":{\"@id\":\"https:\/\/lbcomunicazione.org\/index.php\/2022\/03\/09\/guerra-e-pace\/\"},\"wordCount\":549,\"publisher\":{\"@id\":\"https:\/\/lbcomunicazione.org\/#organization\"},\"image\":{\"@id\":\"https:\/\/lbcomunicazione.org\/index.php\/2022\/03\/09\/guerra-e-pace\/#primaryimage\"},\"thumbnailUrl\":\"https:\/\/lbcomunicazione.org\/wp-content\/uploads\/2022\/03\/girl-1843477_1920.jpg\",\"keywords\":[\"Guerra e Pace\"],\"articleSection\":[\"attualit\u00e0\"],\"inLanguage\":\"it-IT\"},{\"@type\":\"WebPage\",\"@id\":\"https:\/\/lbcomunicazione.org\/index.php\/2022\/03\/09\/guerra-e-pace\/\",\"url\":\"https:\/\/lbcomunicazione.org\/index.php\/2022\/03\/09\/guerra-e-pace\/\",\"name\":\"Guerra e Pace - blog TG24 la comunicazione\",\"isPartOf\":{\"@id\":\"https:\/\/lbcomunicazione.org\/#website\"},\"primaryImageOfPage\":{\"@id\":\"https:\/\/lbcomunicazione.org\/index.php\/2022\/03\/09\/guerra-e-pace\/#primaryimage\"},\"image\":{\"@id\":\"https:\/\/lbcomunicazione.org\/index.php\/2022\/03\/09\/guerra-e-pace\/#primaryimage\"},\"thumbnailUrl\":\"https:\/\/lbcomunicazione.org\/wp-content\/uploads\/2022\/03\/girl-1843477_1920.jpg\",\"datePublished\":\"2022-03-09T10:57:43+00:00\",\"breadcrumb\":{\"@id\":\"https:\/\/lbcomunicazione.org\/index.php\/2022\/03\/09\/guerra-e-pace\/#breadcrumb\"},\"inLanguage\":\"it-IT\",\"potentialAction\":[{\"@type\":\"ReadAction\",\"target\":[\"https:\/\/lbcomunicazione.org\/index.php\/2022\/03\/09\/guerra-e-pace\/\"]}]},{\"@type\":\"ImageObject\",\"inLanguage\":\"it-IT\",\"@id\":\"https:\/\/lbcomunicazione.org\/index.php\/2022\/03\/09\/guerra-e-pace\/#primaryimage\",\"url\":\"https:\/\/lbcomunicazione.org\/wp-content\/uploads\/2022\/03\/girl-1843477_1920.jpg\",\"contentUrl\":\"https:\/\/lbcomunicazione.org\/wp-content\/uploads\/2022\/03\/girl-1843477_1920.jpg\",\"width\":1392,\"height\":1920},{\"@type\":\"BreadcrumbList\",\"@id\":\"https:\/\/lbcomunicazione.org\/index.php\/2022\/03\/09\/guerra-e-pace\/#breadcrumb\",\"itemListElement\":[{\"@type\":\"ListItem\",\"position\":1,\"name\":\"Home\",\"item\":\"https:\/\/lbcomunicazione.org\/\"},{\"@type\":\"ListItem\",\"position\":2,\"name\":\"Guerra e Pace\"}]},{\"@type\":\"WebSite\",\"@id\":\"https:\/\/lbcomunicazione.org\/#website\",\"url\":\"https:\/\/lbcomunicazione.org\/\",\"name\":\"blogTG24lacomunicazione.org\",\"description\":\"Siamo una squadra di blogger, che desiderano dare voce a quelle notizie, realt\u00e0, associazioni, che non sono divulgate dai giornali e media\",\"publisher\":{\"@id\":\"https:\/\/lbcomunicazione.org\/#organization\"},\"potentialAction\":[{\"@type\":\"SearchAction\",\"target\":{\"@type\":\"EntryPoint\",\"urlTemplate\":\"https:\/\/lbcomunicazione.org\/?s={search_term_string}\"},\"query-input\":{\"@type\":\"PropertyValueSpecification\",\"valueRequired\":true,\"valueName\":\"search_term_string\"}}],\"inLanguage\":\"it-IT\"},{\"@type\":\"Organization\",\"@id\":\"https:\/\/lbcomunicazione.org\/#organization\",\"name\":\"blogtg24lacomunicazione\",\"url\":\"https:\/\/lbcomunicazione.org\/\",\"logo\":{\"@type\":\"ImageObject\",\"inLanguage\":\"it-IT\",\"@id\":\"https:\/\/lbcomunicazione.org\/#\/schema\/logo\/image\/\",\"url\":\"https:\/\/lbcomunicazione.org\/wp-content\/uploads\/2019\/01\/logo-cfpblogger.jpg\",\"contentUrl\":\"https:\/\/lbcomunicazione.org\/wp-content\/uploads\/2019\/01\/logo-cfpblogger.jpg\",\"width\":680,\"height\":709,\"caption\":\"blogtg24lacomunicazione\"},\"image\":{\"@id\":\"https:\/\/lbcomunicazione.org\/#\/schema\/logo\/image\/\"},\"sameAs\":[\"https:\/\/www.facebook.com\/beezzup\/\",\"https:\/\/x.com\/beezzup\",\"https:\/\/www.instagram.com\/beezzup\/\",\"https:\/\/www.pinterest.it\/beezzup\/\",\"https:\/\/www.youtube.com\/channel\/UCPeEGg5tKdoyOPK--mGE5Yg\"]},{\"@type\":\"Person\",\"@id\":\"https:\/\/lbcomunicazione.org\/#\/schema\/person\/9f78fb4a635e4c4c13460b4bdf25f0a6\",\"name\":\"Diana\",\"image\":{\"@type\":\"ImageObject\",\"inLanguage\":\"it-IT\",\"@id\":\"https:\/\/lbcomunicazione.org\/#\/schema\/person\/image\/\",\"url\":\"https:\/\/secure.gravatar.com\/avatar\/aa52899ec89e7ca816b280bfb117392a90ed7667c233164dc569a91e4020cab6?s=96&d=mm&r=g\",\"contentUrl\":\"https:\/\/secure.gravatar.com\/avatar\/aa52899ec89e7ca816b280bfb117392a90ed7667c233164dc569a91e4020cab6?s=96&d=mm&r=g\",\"caption\":\"Diana\"},\"description\":\"Ciao, sono Diana e ti d\u00f2 il benvenuto come visitatore in questa pagina dove posso scambiare insieme a te idee ed esperienze che sono in continua evoluzione, in continua crescita. Questo \u00e8 il mio sostanziale desiderio: condividere il proprio intuire, il proprio sentire al di l\u00e0 di un semplice libro, ma attraverso lo studio delle esperienze di vita e degli strumenti che sono a portata di mano di ognuno di noi, come la natura, il cielo, gli occhi di una persona, il sentire del cuore e cos\u00ec via.....Io li chiamo strumenti viventi. Ecco, questo \u00e8 il mio sentire, questo \u00e8 il mio vivere. Se ti pu\u00f2 interessare visita questo sito: sei il\/la benvenuto\/a!\",\"url\":\"https:\/\/lbcomunicazione.org\/index.php\/author\/maria\/\"}]}<\/script>\n<!-- \/ Yoast SEO plugin. -->","yoast_head_json":{"title":"Guerra e Pace - blog TG24 la comunicazione","robots":{"index":"index","follow":"follow","max-snippet":"max-snippet:-1","max-image-preview":"max-image-preview:large","max-video-preview":"max-video-preview:-1"},"canonical":"https:\/\/lbcomunicazione.org\/index.php\/2022\/03\/09\/guerra-e-pace\/","og_locale":"it_IT","og_type":"article","og_title":"Guerra e Pace - blog TG24 la comunicazione","og_description":"&#8220;Forse tremate pi\u00f9 voi nel pronunciare questa sentenza che io nell&#8217;ascoltarla&#8221; Giordano Bruno","og_url":"https:\/\/lbcomunicazione.org\/index.php\/2022\/03\/09\/guerra-e-pace\/","og_site_name":"blog TG24 la comunicazione","article_publisher":"https:\/\/www.facebook.com\/beezzup\/","article_published_time":"2022-03-09T10:57:43+00:00","og_image":[{"width":1392,"height":1920,"url":"https:\/\/lbcomunicazione.org\/wp-content\/uploads\/2022\/03\/girl-1843477_1920.jpg","type":"image\/jpeg"}],"author":"Diana","twitter_card":"summary_large_image","twitter_creator":"@beezzup","twitter_site":"@beezzup","twitter_misc":{"Scritto da":"Diana","Tempo di lettura stimato":"3 minuti"},"schema":{"@context":"https:\/\/schema.org","@graph":[{"@type":"Article","@id":"https:\/\/lbcomunicazione.org\/index.php\/2022\/03\/09\/guerra-e-pace\/#article","isPartOf":{"@id":"https:\/\/lbcomunicazione.org\/index.php\/2022\/03\/09\/guerra-e-pace\/"},"author":{"name":"Diana","@id":"https:\/\/lbcomunicazione.org\/#\/schema\/person\/9f78fb4a635e4c4c13460b4bdf25f0a6"},"headline":"Guerra e Pace","datePublished":"2022-03-09T10:57:43+00:00","mainEntityOfPage":{"@id":"https:\/\/lbcomunicazione.org\/index.php\/2022\/03\/09\/guerra-e-pace\/"},"wordCount":549,"publisher":{"@id":"https:\/\/lbcomunicazione.org\/#organization"},"image":{"@id":"https:\/\/lbcomunicazione.org\/index.php\/2022\/03\/09\/guerra-e-pace\/#primaryimage"},"thumbnailUrl":"https:\/\/lbcomunicazione.org\/wp-content\/uploads\/2022\/03\/girl-1843477_1920.jpg","keywords":["Guerra e Pace"],"articleSection":["attualit\u00e0"],"inLanguage":"it-IT"},{"@type":"WebPage","@id":"https:\/\/lbcomunicazione.org\/index.php\/2022\/03\/09\/guerra-e-pace\/","url":"https:\/\/lbcomunicazione.org\/index.php\/2022\/03\/09\/guerra-e-pace\/","name":"Guerra e Pace - blog TG24 la comunicazione","isPartOf":{"@id":"https:\/\/lbcomunicazione.org\/#website"},"primaryImageOfPage":{"@id":"https:\/\/lbcomunicazione.org\/index.php\/2022\/03\/09\/guerra-e-pace\/#primaryimage"},"image":{"@id":"https:\/\/lbcomunicazione.org\/index.php\/2022\/03\/09\/guerra-e-pace\/#primaryimage"},"thumbnailUrl":"https:\/\/lbcomunicazione.org\/wp-content\/uploads\/2022\/03\/girl-1843477_1920.jpg","datePublished":"2022-03-09T10:57:43+00:00","breadcrumb":{"@id":"https:\/\/lbcomunicazione.org\/index.php\/2022\/03\/09\/guerra-e-pace\/#breadcrumb"},"inLanguage":"it-IT","potentialAction":[{"@type":"ReadAction","target":["https:\/\/lbcomunicazione.org\/index.php\/2022\/03\/09\/guerra-e-pace\/"]}]},{"@type":"ImageObject","inLanguage":"it-IT","@id":"https:\/\/lbcomunicazione.org\/index.php\/2022\/03\/09\/guerra-e-pace\/#primaryimage","url":"https:\/\/lbcomunicazione.org\/wp-content\/uploads\/2022\/03\/girl-1843477_1920.jpg","contentUrl":"https:\/\/lbcomunicazione.org\/wp-content\/uploads\/2022\/03\/girl-1843477_1920.jpg","width":1392,"height":1920},{"@type":"BreadcrumbList","@id":"https:\/\/lbcomunicazione.org\/index.php\/2022\/03\/09\/guerra-e-pace\/#breadcrumb","itemListElement":[{"@type":"ListItem","position":1,"name":"Home","item":"https:\/\/lbcomunicazione.org\/"},{"@type":"ListItem","position":2,"name":"Guerra e Pace"}]},{"@type":"WebSite","@id":"https:\/\/lbcomunicazione.org\/#website","url":"https:\/\/lbcomunicazione.org\/","name":"blogTG24lacomunicazione.org","description":"Siamo una squadra di blogger, che desiderano dare voce a quelle notizie, realt\u00e0, associazioni, che non sono divulgate dai giornali e media","publisher":{"@id":"https:\/\/lbcomunicazione.org\/#organization"},"potentialAction":[{"@type":"SearchAction","target":{"@type":"EntryPoint","urlTemplate":"https:\/\/lbcomunicazione.org\/?s={search_term_string}"},"query-input":{"@type":"PropertyValueSpecification","valueRequired":true,"valueName":"search_term_string"}}],"inLanguage":"it-IT"},{"@type":"Organization","@id":"https:\/\/lbcomunicazione.org\/#organization","name":"blogtg24lacomunicazione","url":"https:\/\/lbcomunicazione.org\/","logo":{"@type":"ImageObject","inLanguage":"it-IT","@id":"https:\/\/lbcomunicazione.org\/#\/schema\/logo\/image\/","url":"https:\/\/lbcomunicazione.org\/wp-content\/uploads\/2019\/01\/logo-cfpblogger.jpg","contentUrl":"https:\/\/lbcomunicazione.org\/wp-content\/uploads\/2019\/01\/logo-cfpblogger.jpg","width":680,"height":709,"caption":"blogtg24lacomunicazione"},"image":{"@id":"https:\/\/lbcomunicazione.org\/#\/schema\/logo\/image\/"},"sameAs":["https:\/\/www.facebook.com\/beezzup\/","https:\/\/x.com\/beezzup","https:\/\/www.instagram.com\/beezzup\/","https:\/\/www.pinterest.it\/beezzup\/","https:\/\/www.youtube.com\/channel\/UCPeEGg5tKdoyOPK--mGE5Yg"]},{"@type":"Person","@id":"https:\/\/lbcomunicazione.org\/#\/schema\/person\/9f78fb4a635e4c4c13460b4bdf25f0a6","name":"Diana","image":{"@type":"ImageObject","inLanguage":"it-IT","@id":"https:\/\/lbcomunicazione.org\/#\/schema\/person\/image\/","url":"https:\/\/secure.gravatar.com\/avatar\/aa52899ec89e7ca816b280bfb117392a90ed7667c233164dc569a91e4020cab6?s=96&d=mm&r=g","contentUrl":"https:\/\/secure.gravatar.com\/avatar\/aa52899ec89e7ca816b280bfb117392a90ed7667c233164dc569a91e4020cab6?s=96&d=mm&r=g","caption":"Diana"},"description":"Ciao, sono Diana e ti d\u00f2 il benvenuto come visitatore in questa pagina dove posso scambiare insieme a te idee ed esperienze che sono in continua evoluzione, in continua crescita. Questo \u00e8 il mio sostanziale desiderio: condividere il proprio intuire, il proprio sentire al di l\u00e0 di un semplice libro, ma attraverso lo studio delle esperienze di vita e degli strumenti che sono a portata di mano di ognuno di noi, come la natura, il cielo, gli occhi di una persona, il sentire del cuore e cos\u00ec via.....Io li chiamo strumenti viventi. Ecco, questo \u00e8 il mio sentire, questo \u00e8 il mio vivere. Se ti pu\u00f2 interessare visita questo sito: sei il\/la benvenuto\/a!","url":"https:\/\/lbcomunicazione.org\/index.php\/author\/maria\/"}]}},"_links":{"self":[{"href":"https:\/\/lbcomunicazione.org\/index.php\/wp-json\/wp\/v2\/posts\/8524","targetHints":{"allow":["GET"]}}],"collection":[{"href":"https:\/\/lbcomunicazione.org\/index.php\/wp-json\/wp\/v2\/posts"}],"about":[{"href":"https:\/\/lbcomunicazione.org\/index.php\/wp-json\/wp\/v2\/types\/post"}],"author":[{"embeddable":true,"href":"https:\/\/lbcomunicazione.org\/index.php\/wp-json\/wp\/v2\/users\/12"}],"replies":[{"embeddable":true,"href":"https:\/\/lbcomunicazione.org\/index.php\/wp-json\/wp\/v2\/comments?post=8524"}],"version-history":[{"count":0,"href":"https:\/\/lbcomunicazione.org\/index.php\/wp-json\/wp\/v2\/posts\/8524\/revisions"}],"wp:featuredmedia":[{"embeddable":true,"href":"https:\/\/lbcomunicazione.org\/index.php\/wp-json\/wp\/v2\/media\/8526"}],"wp:attachment":[{"href":"https:\/\/lbcomunicazione.org\/index.php\/wp-json\/wp\/v2\/media?parent=8524"}],"wp:term":[{"taxonomy":"category","embeddable":true,"href":"https:\/\/lbcomunicazione.org\/index.php\/wp-json\/wp\/v2\/categories?post=8524"},{"taxonomy":"post_tag","embeddable":true,"href":"https:\/\/lbcomunicazione.org\/index.php\/wp-json\/wp\/v2\/tags?post=8524"}],"curies":[{"name":"wp","href":"https:\/\/api.w.org\/{rel}","templated":true}]}}