{"id":8363,"date":"2021-12-18T23:08:44","date_gmt":"2021-12-18T22:08:44","guid":{"rendered":"https:\/\/lbcomunicazione.org\/?p=8363"},"modified":"2021-12-25T22:02:08","modified_gmt":"2021-12-25T21:02:08","slug":"la-ladra-di-parole-per-imparare-non-ce-eta","status":"publish","type":"post","link":"https:\/\/lbcomunicazione.org\/index.php\/2021\/12\/18\/la-ladra-di-parole-per-imparare-non-ce-eta\/","title":{"rendered":"La ladra di parole: &#8220;Per imparare non c&#8217;\u00e8 et\u00e0&#8221;"},"content":{"rendered":"<h1>La ladra di parole: &#8220;Per imparare non c&#8217;\u00e8 et\u00e0&#8221;<\/h1>\n<div id=\"attachment_8366\" style=\"width: 355px\" class=\"wp-caption alignleft\"><img loading=\"lazy\" decoding=\"async\" aria-describedby=\"caption-attachment-8366\" class=\"wp-image-8366\" title=\"La ladra di parole: &quot;Per imparare non c'\u00e8 et\u00e0&quot;\" src=\"https:\/\/lbcomunicazione.org\/wp-content\/uploads\/2021\/12\/Abi-Dare-c-AMP-2018-world-rights-cleared-1-200x300.jpg\" alt=\"\" width=\"345\" height=\"430\" \/><p id=\"caption-attachment-8366\" class=\"wp-caption-text\">Abi Dar\u00e8<\/p><\/div>\n<p><strong>Abi Dar\u00e8<\/strong>, scrittrice nigeriana, che vive in Inghilterra da quasi venti anni, debutta con il suo romanzo <em>La ladra di parole<\/em>.<\/p>\n<p>In una Nigeria della prima met\u00e0 del Novecento, la vita delle donne \u00e8 gi\u00e0 predestinata; il loro compito \u00e8 quello, sin dall&#8217;infanzia, di prendersi cura della famiglia.<\/p>\n<p>Per <strong>Adunni<\/strong>, giovane protagonista, invece, il sogno \u00e8 ben diverso. Ama studiare, conoscere nuove parole, scoprire cosa accade oltre il suo villaggio.<\/p>\n<p>Vuole provare a liberarsi dal peso di una vita coperta da miseria e solitudine.<\/p>\n<p>Sogno che sembra infrangersi quando il padre la obbliga, per denaro, a sposarsi con uno degli uomini pi\u00f9 vecchi e ricchi del territorio.<\/p>\n<p>Da questo matrimonio e da altre dolorose vicende come la morte, i soprusi, il razzismo, lo sfruttamento, Adunni non si arrender\u00e0 al silenzio e trover\u00e0 la sua voce e il coraggio di trasformare il suo sogno in una realt\u00e0 da vivere per lei e per tutte le giovani donne africane.<\/p>\n<p>&nbsp;<\/p>\n<div id=\"attachment_8365\" style=\"width: 252px\" class=\"wp-caption alignright\"><img loading=\"lazy\" decoding=\"async\" aria-describedby=\"caption-attachment-8365\" class=\"wp-image-8365\" title=\"La ladra di parole: &quot;Per imparare non c'\u00e8 et\u00e0&quot;\" src=\"https:\/\/lbcomunicazione.org\/wp-content\/uploads\/2021\/12\/ladra-1-200x300.jpg\" alt=\"\" width=\"242\" height=\"363\" srcset=\"https:\/\/lbcomunicazione.org\/wp-content\/uploads\/2021\/12\/ladra-1-200x300.jpg 200w, https:\/\/lbcomunicazione.org\/wp-content\/uploads\/2021\/12\/ladra-1.jpg 300w\" sizes=\"auto, (max-width: 242px) 100vw, 242px\" \/><p id=\"caption-attachment-8365\" class=\"wp-caption-text\"><em>Il libro di Abi Dar\u00e8, La ladra di parole<\/em><\/p><\/div>\n<p>&nbsp;<\/p>\n<p>&nbsp;<\/p>\n<p><em>&#8220;L&#8217;istruzione \u00e8 la tua voce, bambina. Parla per te anche se non apri la bocca. Parla finch\u00e8 Dio non ti chiama per andare da Lui.&#8221;\u00a0\u00a0<\/em>Adunni porter\u00e0 dentro il suo cuore e per tutto il suo viaggio, le parole della madre,\u00a0 che la aiuteranno\u00a0ad ottenere una borsa di studio per diventare maestra.<\/p>\n<p>Abi Dar\u00e8:<em>&#8220;Quando costringiamo le bambine a sposarsi o a lavorare invece che andare a scuola, noi buttiamo via il loro talento, i loro sogni e la loro intelligenza.&#8221;<\/em><\/p>\n<p>&nbsp;<\/p>\n<p>&nbsp;<\/p>\n<p>&nbsp;<\/p>\n<p>&nbsp;<\/p>\n<p>&nbsp;<\/p>\n<h3>Tutti gli aticoli di Elisa Brigo: Clicca <a href=\"https:\/\/lbcomunicazione.org\/index.php\/author\/elisa-brigo\/\">QUI<\/a><\/h3>\n","protected":false},"excerpt":{"rendered":"<p>La ladra di parole: &#8220;Per imparare non c&#8217;\u00e8 et\u00e0&#8221; Abi Dar\u00e8, scrittrice nigeriana, che vive in Inghilterra da quasi venti anni, debutta con il suo romanzo La ladra di parole. In una Nigeria della prima met\u00e0&#46;&#46;&#46;<\/p>\n","protected":false},"author":54,"featured_media":8370,"comment_status":"closed","ping_status":"closed","sticky":false,"template":"","format":"image","meta":{"footnotes":""},"categories":[71],"tags":[795,641,796],"class_list":["post-8363","post","type-post","status-publish","format-image","has-post-thumbnail","hentry","category-cultura","tag-abi-dare","tag-creazione-euro-scritturale","tag-scrittrice","post_format-post-format-image"],"_links":{"self":[{"href":"https:\/\/lbcomunicazione.org\/index.php\/wp-json\/wp\/v2\/posts\/8363","targetHints":{"allow":["GET"]}}],"collection":[{"href":"https:\/\/lbcomunicazione.org\/index.php\/wp-json\/wp\/v2\/posts"}],"about":[{"href":"https:\/\/lbcomunicazione.org\/index.php\/wp-json\/wp\/v2\/types\/post"}],"author":[{"embeddable":true,"href":"https:\/\/lbcomunicazione.org\/index.php\/wp-json\/wp\/v2\/users\/54"}],"replies":[{"embeddable":true,"href":"https:\/\/lbcomunicazione.org\/index.php\/wp-json\/wp\/v2\/comments?post=8363"}],"version-history":[{"count":0,"href":"https:\/\/lbcomunicazione.org\/index.php\/wp-json\/wp\/v2\/posts\/8363\/revisions"}],"wp:featuredmedia":[{"embeddable":true,"href":"https:\/\/lbcomunicazione.org\/index.php\/wp-json\/wp\/v2\/media\/8370"}],"wp:attachment":[{"href":"https:\/\/lbcomunicazione.org\/index.php\/wp-json\/wp\/v2\/media?parent=8363"}],"wp:term":[{"taxonomy":"category","embeddable":true,"href":"https:\/\/lbcomunicazione.org\/index.php\/wp-json\/wp\/v2\/categories?post=8363"},{"taxonomy":"post_tag","embeddable":true,"href":"https:\/\/lbcomunicazione.org\/index.php\/wp-json\/wp\/v2\/tags?post=8363"}],"curies":[{"name":"wp","href":"https:\/\/api.w.org\/{rel}","templated":true}]}}