{"id":8244,"date":"2021-11-11T14:05:46","date_gmt":"2021-11-11T13:05:46","guid":{"rendered":"https:\/\/lbcomunicazione.org\/?p=8244"},"modified":"2021-11-11T14:05:46","modified_gmt":"2021-11-11T13:05:46","slug":"ognuno-porti-la-sua-croce","status":"publish","type":"post","link":"https:\/\/lbcomunicazione.org\/index.php\/2021\/11\/11\/ognuno-porti-la-sua-croce\/","title":{"rendered":"Ognuno porti la sua Croce"},"content":{"rendered":"<p>\u201c<em><strong>Se deve scegliere chi deve essere crocifisso, la folla salver\u00e0 sempre i Barabba<\/strong><\/em>\u201d.<\/p>\n<p>Jean Cocteau<!--more--><\/p>\n<h2>Ognuno porti la sua croce&#8230;<\/h2>\n<p><img loading=\"lazy\" decoding=\"async\" class=\"size-medium wp-image-8248 aligncenter\" src=\"https:\/\/lbcomunicazione.org\/wp-content\/uploads\/2021\/11\/photo_2021-07-28_19-46-08-2-223x300.jpg\" alt=\"\" width=\"223\" height=\"300\" srcset=\"https:\/\/lbcomunicazione.org\/wp-content\/uploads\/2021\/11\/photo_2021-07-28_19-46-08-2-223x300.jpg 223w, https:\/\/lbcomunicazione.org\/wp-content\/uploads\/2021\/11\/photo_2021-07-28_19-46-08-2.jpg 500w\" sizes=\"auto, (max-width: 223px) 100vw, 223px\" \/><em><strong>Ognuno porti la sua croce, non una croce qualunque, ma la sua croce.<\/strong><\/em><\/p>\n<p>Siamo in un periodo storico, dove ogni situazione non si nasconde dietro falsi ideali, ma tutto viene a galla, allo scoperto, mostrando i pro e i contro di ogni gioco mantenuto fino ad oggi nell\u2019oscurit\u00e0.<\/p>\n<p>Non possiamo dire che sar\u00e0 facile, ci sar\u00e0 e c\u2019\u00e8 gi\u00e0 grande confusione.<\/p>\n<p>In questa confusione in atto c\u2019\u00e8 chi ne rimane coinvolto e inizia a sentirsi risucchiato come in un vortice caotico, e chi ne rimane fuori, mantenendo un distacco sano nell\u2019osservazione senza giudizio.<\/p>\n<p>Ognuno porti la sua croce non significa che la croce debba essere necessariamente pesante, sofferente, come un prezzo da pagare.<\/p>\n<h2>Un simbolo di sofferenza&#8230;<img loading=\"lazy\" decoding=\"async\" class=\"size-medium wp-image-8249 aligncenter\" src=\"https:\/\/lbcomunicazione.org\/wp-content\/uploads\/2021\/11\/photo_2020-12-27_09-33-49-300x194.jpg\" alt=\"\" width=\"300\" height=\"194\" srcset=\"https:\/\/lbcomunicazione.org\/wp-content\/uploads\/2021\/11\/photo_2020-12-27_09-33-49-300x194.jpg 300w, https:\/\/lbcomunicazione.org\/wp-content\/uploads\/2021\/11\/photo_2020-12-27_09-33-49-520x335.jpg 520w, https:\/\/lbcomunicazione.org\/wp-content\/uploads\/2021\/11\/photo_2020-12-27_09-33-49.jpg 620w\" sizes=\"auto, (max-width: 300px) 100vw, 300px\" \/><\/h2>\n<p>Molti vedono la croce come un simbolo di sofferenza, di dolore e, per carit\u00e0, c\u2019\u00e8 chi la vive in questo modo.<\/p>\n<p><em><strong>Ma la croce, come la sofferenza, si vivono fino a che non si raggiunge lo stato di beatitudine che comporta vivere il momento presente.<\/strong><\/em><\/p>\n<p>La croce viene vissuta come prova per venire in qualche modo \u201c<em>lavorati<\/em>\u201d nella direzione della purificazione, ossia si viene liberati attraverso le prove dal legame e dalla dipendenza dall\u2019ego.<\/p>\n<p><em><strong>Quando si vive nella sofferenza, si sta vivendo l\u2019attrito del conflitto interiore che l\u2019ego impone con il suo dominio.<\/strong><\/em><\/p>\n<p><em>Ed ecco la sensazione di portare una croce pesante.<\/em><\/p>\n<h2>Aprire il nostro cuore&#8230;<img loading=\"lazy\" decoding=\"async\" class=\"size-medium wp-image-8250 aligncenter\" src=\"https:\/\/lbcomunicazione.org\/wp-content\/uploads\/2021\/11\/lotus-4244658_1920-300x212.jpg\" alt=\"\" width=\"300\" height=\"212\" srcset=\"https:\/\/lbcomunicazione.org\/wp-content\/uploads\/2021\/11\/lotus-4244658_1920-300x212.jpg 300w, https:\/\/lbcomunicazione.org\/wp-content\/uploads\/2021\/11\/lotus-4244658_1920-1024x724.jpg 1024w, https:\/\/lbcomunicazione.org\/wp-content\/uploads\/2021\/11\/lotus-4244658_1920-768x543.jpg 768w, https:\/\/lbcomunicazione.org\/wp-content\/uploads\/2021\/11\/lotus-4244658_1920-1536x1086.jpg 1536w, https:\/\/lbcomunicazione.org\/wp-content\/uploads\/2021\/11\/lotus-4244658_1920-520x368.jpg 520w, https:\/\/lbcomunicazione.org\/wp-content\/uploads\/2021\/11\/lotus-4244658_1920.jpg 1920w\" sizes=\"auto, (max-width: 300px) 100vw, 300px\" \/><\/h2>\n<p><em>Ma portare la croce, in particolare oggi, dovrebbe indurci ad aprire il nostro cuore all\u2019aspetto spirituale del momento attuale, dove le due forze in conflitto, il bene e il male, stanno raggiungendo dei livelli molto intensi\u2026<\/em><\/p>\n<p>Chi porta il suo focus alla luce si render\u00e0 conto dell\u2019attivit\u00e0 intensa in atto e ne trarr\u00e0 un beneficio immenso, mentre chi porta il suo focus alle tenebre, rischia di venirne risucchiato oserei dire irrimediabilmente.<\/p>\n<p><em><strong>Spesso ci\u00f2 che chiediamo al mondo \u00e8 ci\u00f2 che non siamo in grado di essere\u2026<\/strong><\/em><\/p>\n<h2>Riconosciamo chi siamo&#8230;<img loading=\"lazy\" decoding=\"async\" class=\"size-medium wp-image-8251 aligncenter\" src=\"https:\/\/lbcomunicazione.org\/wp-content\/uploads\/2021\/11\/man-4079512_1920-300x109.jpg\" alt=\"\" width=\"300\" height=\"109\" srcset=\"https:\/\/lbcomunicazione.org\/wp-content\/uploads\/2021\/11\/man-4079512_1920-300x109.jpg 300w, https:\/\/lbcomunicazione.org\/wp-content\/uploads\/2021\/11\/man-4079512_1920-1024x372.jpg 1024w, https:\/\/lbcomunicazione.org\/wp-content\/uploads\/2021\/11\/man-4079512_1920-768x279.jpg 768w, https:\/\/lbcomunicazione.org\/wp-content\/uploads\/2021\/11\/man-4079512_1920-1536x558.jpg 1536w, https:\/\/lbcomunicazione.org\/wp-content\/uploads\/2021\/11\/man-4079512_1920-520x189.jpg 520w, https:\/\/lbcomunicazione.org\/wp-content\/uploads\/2021\/11\/man-4079512_1920.jpg 1920w\" sizes=\"auto, (max-width: 300px) 100vw, 300px\" \/><\/h2>\n<p><em><strong>Ma se riconosciamo chi siamo realmente, non faremo pi\u00f9 parte del mondo e la croce sar\u00e0 molto leggera, quasi inesistente.<\/strong><\/em><\/p>\n<p>Non \u00e8 la croce il problema, anzi: la croce \u00e8 il metro misuratore del nostro cammino su questo pianeta.<\/p>\n<p>Il problema \u00e8 ognuno di noi quando si allontana dal suo centro, dalla sua essenza, e rimane intrappolato nel gioco delle illusioni dell\u2019ego.<\/p>\n<p>Per altri articoli di Pittrice di parole, clicca <a href=\"https:\/\/lbcomunicazione.org\/index.php\/pittricediparole\/\">QUI<\/a><\/p>\n","protected":false},"excerpt":{"rendered":"<p>\u201cSe deve scegliere chi deve essere crocifisso, la folla salver\u00e0 sempre i Barabba\u201d. Jean Cocteau<\/p>\n","protected":false},"author":12,"featured_media":8247,"comment_status":"open","ping_status":"closed","sticky":false,"template":"","format":"image","meta":{"_crdt_document":"","footnotes":""},"categories":[181],"tags":[785],"class_list":["post-8244","post","type-post","status-publish","format-image","has-post-thumbnail","hentry","category-riflessioni","tag-ognuno-porti-la-sua-croce","post_format-post-format-image"],"yoast_head":"<!-- This site is optimized with the Yoast SEO plugin v26.9 - https:\/\/yoast.com\/product\/yoast-seo-wordpress\/ -->\n<title>Ognuno porti la sua Croce - blog TG24 la comunicazione<\/title>\n<meta name=\"robots\" content=\"index, follow, max-snippet:-1, max-image-preview:large, max-video-preview:-1\" \/>\n<link rel=\"canonical\" href=\"https:\/\/lbcomunicazione.org\/index.php\/2021\/11\/11\/ognuno-porti-la-sua-croce\/\" \/>\n<meta property=\"og:locale\" content=\"it_IT\" \/>\n<meta property=\"og:type\" content=\"article\" \/>\n<meta property=\"og:title\" content=\"Ognuno porti la sua Croce - blog TG24 la comunicazione\" \/>\n<meta property=\"og:description\" content=\"\u201cSe deve scegliere chi deve essere crocifisso, la folla salver\u00e0 sempre i Barabba\u201d. Jean Cocteau\" \/>\n<meta property=\"og:url\" content=\"https:\/\/lbcomunicazione.org\/index.php\/2021\/11\/11\/ognuno-porti-la-sua-croce\/\" \/>\n<meta property=\"og:site_name\" content=\"blog TG24 la comunicazione\" \/>\n<meta property=\"article:publisher\" content=\"https:\/\/www.facebook.com\/beezzup\/\" \/>\n<meta property=\"article:published_time\" content=\"2021-11-11T13:05:46+00:00\" \/>\n<meta property=\"og:image\" content=\"https:\/\/lbcomunicazione.org\/wp-content\/uploads\/2021\/11\/alone-2666433_1920.jpg\" \/>\n\t<meta property=\"og:image:width\" content=\"1920\" \/>\n\t<meta property=\"og:image:height\" content=\"1279\" \/>\n\t<meta property=\"og:image:type\" content=\"image\/jpeg\" \/>\n<meta name=\"author\" content=\"Diana\" \/>\n<meta name=\"twitter:card\" content=\"summary_large_image\" \/>\n<meta name=\"twitter:creator\" content=\"@beezzup\" \/>\n<meta name=\"twitter:site\" content=\"@beezzup\" \/>\n<meta name=\"twitter:label1\" content=\"Scritto da\" \/>\n\t<meta name=\"twitter:data1\" content=\"Diana\" \/>\n\t<meta name=\"twitter:label2\" content=\"Tempo di lettura stimato\" \/>\n\t<meta name=\"twitter:data2\" content=\"2 minuti\" \/>\n<script type=\"application\/ld+json\" class=\"yoast-schema-graph\">{\"@context\":\"https:\/\/schema.org\",\"@graph\":[{\"@type\":\"Article\",\"@id\":\"https:\/\/lbcomunicazione.org\/index.php\/2021\/11\/11\/ognuno-porti-la-sua-croce\/#article\",\"isPartOf\":{\"@id\":\"https:\/\/lbcomunicazione.org\/index.php\/2021\/11\/11\/ognuno-porti-la-sua-croce\/\"},\"author\":{\"name\":\"Diana\",\"@id\":\"https:\/\/lbcomunicazione.org\/#\/schema\/person\/9f78fb4a635e4c4c13460b4bdf25f0a6\"},\"headline\":\"Ognuno porti la sua Croce\",\"datePublished\":\"2021-11-11T13:05:46+00:00\",\"mainEntityOfPage\":{\"@id\":\"https:\/\/lbcomunicazione.org\/index.php\/2021\/11\/11\/ognuno-porti-la-sua-croce\/\"},\"wordCount\":412,\"commentCount\":0,\"publisher\":{\"@id\":\"https:\/\/lbcomunicazione.org\/#organization\"},\"image\":{\"@id\":\"https:\/\/lbcomunicazione.org\/index.php\/2021\/11\/11\/ognuno-porti-la-sua-croce\/#primaryimage\"},\"thumbnailUrl\":\"https:\/\/lbcomunicazione.org\/wp-content\/uploads\/2021\/11\/alone-2666433_1920.jpg\",\"keywords\":[\"Ognuno porti la sua croce\"],\"articleSection\":[\"riflessioni\"],\"inLanguage\":\"it-IT\",\"potentialAction\":[{\"@type\":\"CommentAction\",\"name\":\"Comment\",\"target\":[\"https:\/\/lbcomunicazione.org\/index.php\/2021\/11\/11\/ognuno-porti-la-sua-croce\/#respond\"]}]},{\"@type\":\"WebPage\",\"@id\":\"https:\/\/lbcomunicazione.org\/index.php\/2021\/11\/11\/ognuno-porti-la-sua-croce\/\",\"url\":\"https:\/\/lbcomunicazione.org\/index.php\/2021\/11\/11\/ognuno-porti-la-sua-croce\/\",\"name\":\"Ognuno porti la sua Croce - blog TG24 la comunicazione\",\"isPartOf\":{\"@id\":\"https:\/\/lbcomunicazione.org\/#website\"},\"primaryImageOfPage\":{\"@id\":\"https:\/\/lbcomunicazione.org\/index.php\/2021\/11\/11\/ognuno-porti-la-sua-croce\/#primaryimage\"},\"image\":{\"@id\":\"https:\/\/lbcomunicazione.org\/index.php\/2021\/11\/11\/ognuno-porti-la-sua-croce\/#primaryimage\"},\"thumbnailUrl\":\"https:\/\/lbcomunicazione.org\/wp-content\/uploads\/2021\/11\/alone-2666433_1920.jpg\",\"datePublished\":\"2021-11-11T13:05:46+00:00\",\"breadcrumb\":{\"@id\":\"https:\/\/lbcomunicazione.org\/index.php\/2021\/11\/11\/ognuno-porti-la-sua-croce\/#breadcrumb\"},\"inLanguage\":\"it-IT\",\"potentialAction\":[{\"@type\":\"ReadAction\",\"target\":[\"https:\/\/lbcomunicazione.org\/index.php\/2021\/11\/11\/ognuno-porti-la-sua-croce\/\"]}]},{\"@type\":\"ImageObject\",\"inLanguage\":\"it-IT\",\"@id\":\"https:\/\/lbcomunicazione.org\/index.php\/2021\/11\/11\/ognuno-porti-la-sua-croce\/#primaryimage\",\"url\":\"https:\/\/lbcomunicazione.org\/wp-content\/uploads\/2021\/11\/alone-2666433_1920.jpg\",\"contentUrl\":\"https:\/\/lbcomunicazione.org\/wp-content\/uploads\/2021\/11\/alone-2666433_1920.jpg\",\"width\":1920,\"height\":1279},{\"@type\":\"BreadcrumbList\",\"@id\":\"https:\/\/lbcomunicazione.org\/index.php\/2021\/11\/11\/ognuno-porti-la-sua-croce\/#breadcrumb\",\"itemListElement\":[{\"@type\":\"ListItem\",\"position\":1,\"name\":\"Home\",\"item\":\"https:\/\/lbcomunicazione.org\/\"},{\"@type\":\"ListItem\",\"position\":2,\"name\":\"Ognuno porti la sua Croce\"}]},{\"@type\":\"WebSite\",\"@id\":\"https:\/\/lbcomunicazione.org\/#website\",\"url\":\"https:\/\/lbcomunicazione.org\/\",\"name\":\"blogTG24lacomunicazione.org\",\"description\":\"Siamo una squadra di blogger, che desiderano dare voce a quelle notizie, realt\u00e0, associazioni, che non sono divulgate dai giornali e media\",\"publisher\":{\"@id\":\"https:\/\/lbcomunicazione.org\/#organization\"},\"potentialAction\":[{\"@type\":\"SearchAction\",\"target\":{\"@type\":\"EntryPoint\",\"urlTemplate\":\"https:\/\/lbcomunicazione.org\/?s={search_term_string}\"},\"query-input\":{\"@type\":\"PropertyValueSpecification\",\"valueRequired\":true,\"valueName\":\"search_term_string\"}}],\"inLanguage\":\"it-IT\"},{\"@type\":\"Organization\",\"@id\":\"https:\/\/lbcomunicazione.org\/#organization\",\"name\":\"blogtg24lacomunicazione\",\"url\":\"https:\/\/lbcomunicazione.org\/\",\"logo\":{\"@type\":\"ImageObject\",\"inLanguage\":\"it-IT\",\"@id\":\"https:\/\/lbcomunicazione.org\/#\/schema\/logo\/image\/\",\"url\":\"https:\/\/lbcomunicazione.org\/wp-content\/uploads\/2019\/01\/logo-cfpblogger.jpg\",\"contentUrl\":\"https:\/\/lbcomunicazione.org\/wp-content\/uploads\/2019\/01\/logo-cfpblogger.jpg\",\"width\":680,\"height\":709,\"caption\":\"blogtg24lacomunicazione\"},\"image\":{\"@id\":\"https:\/\/lbcomunicazione.org\/#\/schema\/logo\/image\/\"},\"sameAs\":[\"https:\/\/www.facebook.com\/beezzup\/\",\"https:\/\/x.com\/beezzup\",\"https:\/\/www.instagram.com\/beezzup\/\",\"https:\/\/www.pinterest.it\/beezzup\/\",\"https:\/\/www.youtube.com\/channel\/UCPeEGg5tKdoyOPK--mGE5Yg\"]},{\"@type\":\"Person\",\"@id\":\"https:\/\/lbcomunicazione.org\/#\/schema\/person\/9f78fb4a635e4c4c13460b4bdf25f0a6\",\"name\":\"Diana\",\"image\":{\"@type\":\"ImageObject\",\"inLanguage\":\"it-IT\",\"@id\":\"https:\/\/lbcomunicazione.org\/#\/schema\/person\/image\/\",\"url\":\"https:\/\/secure.gravatar.com\/avatar\/aa52899ec89e7ca816b280bfb117392a90ed7667c233164dc569a91e4020cab6?s=96&d=mm&r=g\",\"contentUrl\":\"https:\/\/secure.gravatar.com\/avatar\/aa52899ec89e7ca816b280bfb117392a90ed7667c233164dc569a91e4020cab6?s=96&d=mm&r=g\",\"caption\":\"Diana\"},\"description\":\"Ciao, sono Diana e ti d\u00f2 il benvenuto come visitatore in questa pagina dove posso scambiare insieme a te idee ed esperienze che sono in continua evoluzione, in continua crescita. Questo \u00e8 il mio sostanziale desiderio: condividere il proprio intuire, il proprio sentire al di l\u00e0 di un semplice libro, ma attraverso lo studio delle esperienze di vita e degli strumenti che sono a portata di mano di ognuno di noi, come la natura, il cielo, gli occhi di una persona, il sentire del cuore e cos\u00ec via.....Io li chiamo strumenti viventi. Ecco, questo \u00e8 il mio sentire, questo \u00e8 il mio vivere. Se ti pu\u00f2 interessare visita questo sito: sei il\/la benvenuto\/a!\",\"url\":\"https:\/\/lbcomunicazione.org\/index.php\/author\/maria\/\"}]}<\/script>\n<!-- \/ Yoast SEO plugin. -->","yoast_head_json":{"title":"Ognuno porti la sua Croce - blog TG24 la comunicazione","robots":{"index":"index","follow":"follow","max-snippet":"max-snippet:-1","max-image-preview":"max-image-preview:large","max-video-preview":"max-video-preview:-1"},"canonical":"https:\/\/lbcomunicazione.org\/index.php\/2021\/11\/11\/ognuno-porti-la-sua-croce\/","og_locale":"it_IT","og_type":"article","og_title":"Ognuno porti la sua Croce - blog TG24 la comunicazione","og_description":"\u201cSe deve scegliere chi deve essere crocifisso, la folla salver\u00e0 sempre i Barabba\u201d. Jean Cocteau","og_url":"https:\/\/lbcomunicazione.org\/index.php\/2021\/11\/11\/ognuno-porti-la-sua-croce\/","og_site_name":"blog TG24 la comunicazione","article_publisher":"https:\/\/www.facebook.com\/beezzup\/","article_published_time":"2021-11-11T13:05:46+00:00","og_image":[{"width":1920,"height":1279,"url":"https:\/\/lbcomunicazione.org\/wp-content\/uploads\/2021\/11\/alone-2666433_1920.jpg","type":"image\/jpeg"}],"author":"Diana","twitter_card":"summary_large_image","twitter_creator":"@beezzup","twitter_site":"@beezzup","twitter_misc":{"Scritto da":"Diana","Tempo di lettura stimato":"2 minuti"},"schema":{"@context":"https:\/\/schema.org","@graph":[{"@type":"Article","@id":"https:\/\/lbcomunicazione.org\/index.php\/2021\/11\/11\/ognuno-porti-la-sua-croce\/#article","isPartOf":{"@id":"https:\/\/lbcomunicazione.org\/index.php\/2021\/11\/11\/ognuno-porti-la-sua-croce\/"},"author":{"name":"Diana","@id":"https:\/\/lbcomunicazione.org\/#\/schema\/person\/9f78fb4a635e4c4c13460b4bdf25f0a6"},"headline":"Ognuno porti la sua Croce","datePublished":"2021-11-11T13:05:46+00:00","mainEntityOfPage":{"@id":"https:\/\/lbcomunicazione.org\/index.php\/2021\/11\/11\/ognuno-porti-la-sua-croce\/"},"wordCount":412,"commentCount":0,"publisher":{"@id":"https:\/\/lbcomunicazione.org\/#organization"},"image":{"@id":"https:\/\/lbcomunicazione.org\/index.php\/2021\/11\/11\/ognuno-porti-la-sua-croce\/#primaryimage"},"thumbnailUrl":"https:\/\/lbcomunicazione.org\/wp-content\/uploads\/2021\/11\/alone-2666433_1920.jpg","keywords":["Ognuno porti la sua croce"],"articleSection":["riflessioni"],"inLanguage":"it-IT","potentialAction":[{"@type":"CommentAction","name":"Comment","target":["https:\/\/lbcomunicazione.org\/index.php\/2021\/11\/11\/ognuno-porti-la-sua-croce\/#respond"]}]},{"@type":"WebPage","@id":"https:\/\/lbcomunicazione.org\/index.php\/2021\/11\/11\/ognuno-porti-la-sua-croce\/","url":"https:\/\/lbcomunicazione.org\/index.php\/2021\/11\/11\/ognuno-porti-la-sua-croce\/","name":"Ognuno porti la sua Croce - blog TG24 la comunicazione","isPartOf":{"@id":"https:\/\/lbcomunicazione.org\/#website"},"primaryImageOfPage":{"@id":"https:\/\/lbcomunicazione.org\/index.php\/2021\/11\/11\/ognuno-porti-la-sua-croce\/#primaryimage"},"image":{"@id":"https:\/\/lbcomunicazione.org\/index.php\/2021\/11\/11\/ognuno-porti-la-sua-croce\/#primaryimage"},"thumbnailUrl":"https:\/\/lbcomunicazione.org\/wp-content\/uploads\/2021\/11\/alone-2666433_1920.jpg","datePublished":"2021-11-11T13:05:46+00:00","breadcrumb":{"@id":"https:\/\/lbcomunicazione.org\/index.php\/2021\/11\/11\/ognuno-porti-la-sua-croce\/#breadcrumb"},"inLanguage":"it-IT","potentialAction":[{"@type":"ReadAction","target":["https:\/\/lbcomunicazione.org\/index.php\/2021\/11\/11\/ognuno-porti-la-sua-croce\/"]}]},{"@type":"ImageObject","inLanguage":"it-IT","@id":"https:\/\/lbcomunicazione.org\/index.php\/2021\/11\/11\/ognuno-porti-la-sua-croce\/#primaryimage","url":"https:\/\/lbcomunicazione.org\/wp-content\/uploads\/2021\/11\/alone-2666433_1920.jpg","contentUrl":"https:\/\/lbcomunicazione.org\/wp-content\/uploads\/2021\/11\/alone-2666433_1920.jpg","width":1920,"height":1279},{"@type":"BreadcrumbList","@id":"https:\/\/lbcomunicazione.org\/index.php\/2021\/11\/11\/ognuno-porti-la-sua-croce\/#breadcrumb","itemListElement":[{"@type":"ListItem","position":1,"name":"Home","item":"https:\/\/lbcomunicazione.org\/"},{"@type":"ListItem","position":2,"name":"Ognuno porti la sua Croce"}]},{"@type":"WebSite","@id":"https:\/\/lbcomunicazione.org\/#website","url":"https:\/\/lbcomunicazione.org\/","name":"blogTG24lacomunicazione.org","description":"Siamo una squadra di blogger, che desiderano dare voce a quelle notizie, realt\u00e0, associazioni, che non sono divulgate dai giornali e media","publisher":{"@id":"https:\/\/lbcomunicazione.org\/#organization"},"potentialAction":[{"@type":"SearchAction","target":{"@type":"EntryPoint","urlTemplate":"https:\/\/lbcomunicazione.org\/?s={search_term_string}"},"query-input":{"@type":"PropertyValueSpecification","valueRequired":true,"valueName":"search_term_string"}}],"inLanguage":"it-IT"},{"@type":"Organization","@id":"https:\/\/lbcomunicazione.org\/#organization","name":"blogtg24lacomunicazione","url":"https:\/\/lbcomunicazione.org\/","logo":{"@type":"ImageObject","inLanguage":"it-IT","@id":"https:\/\/lbcomunicazione.org\/#\/schema\/logo\/image\/","url":"https:\/\/lbcomunicazione.org\/wp-content\/uploads\/2019\/01\/logo-cfpblogger.jpg","contentUrl":"https:\/\/lbcomunicazione.org\/wp-content\/uploads\/2019\/01\/logo-cfpblogger.jpg","width":680,"height":709,"caption":"blogtg24lacomunicazione"},"image":{"@id":"https:\/\/lbcomunicazione.org\/#\/schema\/logo\/image\/"},"sameAs":["https:\/\/www.facebook.com\/beezzup\/","https:\/\/x.com\/beezzup","https:\/\/www.instagram.com\/beezzup\/","https:\/\/www.pinterest.it\/beezzup\/","https:\/\/www.youtube.com\/channel\/UCPeEGg5tKdoyOPK--mGE5Yg"]},{"@type":"Person","@id":"https:\/\/lbcomunicazione.org\/#\/schema\/person\/9f78fb4a635e4c4c13460b4bdf25f0a6","name":"Diana","image":{"@type":"ImageObject","inLanguage":"it-IT","@id":"https:\/\/lbcomunicazione.org\/#\/schema\/person\/image\/","url":"https:\/\/secure.gravatar.com\/avatar\/aa52899ec89e7ca816b280bfb117392a90ed7667c233164dc569a91e4020cab6?s=96&d=mm&r=g","contentUrl":"https:\/\/secure.gravatar.com\/avatar\/aa52899ec89e7ca816b280bfb117392a90ed7667c233164dc569a91e4020cab6?s=96&d=mm&r=g","caption":"Diana"},"description":"Ciao, sono Diana e ti d\u00f2 il benvenuto come visitatore in questa pagina dove posso scambiare insieme a te idee ed esperienze che sono in continua evoluzione, in continua crescita. Questo \u00e8 il mio sostanziale desiderio: condividere il proprio intuire, il proprio sentire al di l\u00e0 di un semplice libro, ma attraverso lo studio delle esperienze di vita e degli strumenti che sono a portata di mano di ognuno di noi, come la natura, il cielo, gli occhi di una persona, il sentire del cuore e cos\u00ec via.....Io li chiamo strumenti viventi. Ecco, questo \u00e8 il mio sentire, questo \u00e8 il mio vivere. Se ti pu\u00f2 interessare visita questo sito: sei il\/la benvenuto\/a!","url":"https:\/\/lbcomunicazione.org\/index.php\/author\/maria\/"}]}},"_links":{"self":[{"href":"https:\/\/lbcomunicazione.org\/index.php\/wp-json\/wp\/v2\/posts\/8244","targetHints":{"allow":["GET"]}}],"collection":[{"href":"https:\/\/lbcomunicazione.org\/index.php\/wp-json\/wp\/v2\/posts"}],"about":[{"href":"https:\/\/lbcomunicazione.org\/index.php\/wp-json\/wp\/v2\/types\/post"}],"author":[{"embeddable":true,"href":"https:\/\/lbcomunicazione.org\/index.php\/wp-json\/wp\/v2\/users\/12"}],"replies":[{"embeddable":true,"href":"https:\/\/lbcomunicazione.org\/index.php\/wp-json\/wp\/v2\/comments?post=8244"}],"version-history":[{"count":0,"href":"https:\/\/lbcomunicazione.org\/index.php\/wp-json\/wp\/v2\/posts\/8244\/revisions"}],"wp:featuredmedia":[{"embeddable":true,"href":"https:\/\/lbcomunicazione.org\/index.php\/wp-json\/wp\/v2\/media\/8247"}],"wp:attachment":[{"href":"https:\/\/lbcomunicazione.org\/index.php\/wp-json\/wp\/v2\/media?parent=8244"}],"wp:term":[{"taxonomy":"category","embeddable":true,"href":"https:\/\/lbcomunicazione.org\/index.php\/wp-json\/wp\/v2\/categories?post=8244"},{"taxonomy":"post_tag","embeddable":true,"href":"https:\/\/lbcomunicazione.org\/index.php\/wp-json\/wp\/v2\/tags?post=8244"}],"curies":[{"name":"wp","href":"https:\/\/api.w.org\/{rel}","templated":true}]}}