{"id":814,"date":"2019-11-03T11:22:05","date_gmt":"2019-11-03T10:22:05","guid":{"rendered":"http:\/\/lbcomunicazione.org\/?p=814"},"modified":"2019-11-03T21:12:41","modified_gmt":"2019-11-03T20:12:41","slug":"la-cultura-teatrale-a-sostengo-di-un-progetto-sociale","status":"publish","type":"post","link":"https:\/\/lbcomunicazione.org\/index.php\/2019\/11\/03\/la-cultura-teatrale-a-sostengo-di-un-progetto-sociale\/","title":{"rendered":"La cultura teatrale a sostengo di un progetto sociale"},"content":{"rendered":"<p><a href=\"https:\/\/photos.app.goo.gl\/E1sn3zzfDH6bYJEn8\">https:\/\/photos.app.goo.gl\/E1sn3zzfDH6bYJEn8<\/a><\/p>\n<blockquote>\n<ul>\n<li>La cultura teatrale a sostengo di un progetto sociale.<\/li>\n<\/ul>\n<\/blockquote>\n<p>Tutto il bello che l&#8217; essere umano pi\u00f9 esprimere va&#8217; salvato perch\u00e9 oggi il tempo \u00e8 compiuto :<\/p>\n<p><a href=\"https:\/\/www.facebook.com\/notes\/coemm-clemm\/nei-salotti-di-novembre-parliamo-di-alleanza\/2463571597013019\/\">https:\/\/www.facebook.com\/notes\/coemm-clemm\/nei-salotti-di-novembre-parliamo-di-alleanza\/2463571597013019<\/a><\/p>\n<p>&nbsp;<\/p>\n<p>&nbsp;<\/p>\n<p><a href=\"https:\/\/photos.app.goo.gl\/4zmUxfVUuKQrqVvS7\">https:\/\/photos.app.goo.gl\/4zmUxfVUuKQrqVvS7<\/a><\/p>\n<h2>Obiettivo: alleanza che unisce alla fonte del progetto: il cuore per promuovere Valore Umano.<\/h2>\n<p><a href=\"https:\/\/photos.app.goo.gl\/WoR9wPubgxajZcPc8\">https:\/\/photos.app.goo.gl\/WoR9wPubgxajZcPc8<\/a><\/p>\n<p><img loading=\"lazy\" decoding=\"async\" class=\"alignnone size-medium wp-image-818\" src=\"https:\/\/lbcomunicazione.org\/wp-content\/uploads\/2019\/11\/447808353_397442-300x212.jpg\" alt=\"\" width=\"300\" height=\"212\" srcset=\"https:\/\/lbcomunicazione.org\/wp-content\/uploads\/2019\/11\/447808353_397442-300x212.jpg 300w, https:\/\/lbcomunicazione.org\/wp-content\/uploads\/2019\/11\/447808353_397442-768x543.jpg 768w, https:\/\/lbcomunicazione.org\/wp-content\/uploads\/2019\/11\/447808353_397442-1024x724.jpg 1024w, https:\/\/lbcomunicazione.org\/wp-content\/uploads\/2019\/11\/447808353_397442-520x368.jpg 520w, https:\/\/lbcomunicazione.org\/wp-content\/uploads\/2019\/11\/447808353_397442.jpg 1280w\" sizes=\"auto, (max-width: 300px) 100vw, 300px\" \/><\/p>\n","protected":false},"excerpt":{"rendered":"<p>La cultura teatrale a sostengo di un progetto sociale. Tutto il bello che l&#8217; essere umano pi\u00f9 esprimere va&#8217; salvato perch\u00e9 oggi il tempo \u00e8 compiuto : https:\/\/www.facebook.com\/notes\/coemm-clemm\/nei-salotti-di-novembre-parliamo-di-alleanza\/2463571597013019 &nbsp; &nbsp; Obiettivo: alleanza che unisce alla fonte&#46;&#46;&#46;<\/p>\n","protected":false},"author":8,"featured_media":818,"comment_status":"open","ping_status":"closed","sticky":false,"template":"","format":"image","meta":{"footnotes":""},"categories":[6],"tags":[154,153],"class_list":["post-814","post","type-post","status-publish","format-image","has-post-thumbnail","hentry","category-attualita","tag-alleanza","tag-progetto","post_format-post-format-image"],"_links":{"self":[{"href":"https:\/\/lbcomunicazione.org\/index.php\/wp-json\/wp\/v2\/posts\/814","targetHints":{"allow":["GET"]}}],"collection":[{"href":"https:\/\/lbcomunicazione.org\/index.php\/wp-json\/wp\/v2\/posts"}],"about":[{"href":"https:\/\/lbcomunicazione.org\/index.php\/wp-json\/wp\/v2\/types\/post"}],"author":[{"embeddable":true,"href":"https:\/\/lbcomunicazione.org\/index.php\/wp-json\/wp\/v2\/users\/8"}],"replies":[{"embeddable":true,"href":"https:\/\/lbcomunicazione.org\/index.php\/wp-json\/wp\/v2\/comments?post=814"}],"version-history":[{"count":0,"href":"https:\/\/lbcomunicazione.org\/index.php\/wp-json\/wp\/v2\/posts\/814\/revisions"}],"wp:featuredmedia":[{"embeddable":true,"href":"https:\/\/lbcomunicazione.org\/index.php\/wp-json\/wp\/v2\/media\/818"}],"wp:attachment":[{"href":"https:\/\/lbcomunicazione.org\/index.php\/wp-json\/wp\/v2\/media?parent=814"}],"wp:term":[{"taxonomy":"category","embeddable":true,"href":"https:\/\/lbcomunicazione.org\/index.php\/wp-json\/wp\/v2\/categories?post=814"},{"taxonomy":"post_tag","embeddable":true,"href":"https:\/\/lbcomunicazione.org\/index.php\/wp-json\/wp\/v2\/tags?post=814"}],"curies":[{"name":"wp","href":"https:\/\/api.w.org\/{rel}","templated":true}]}}