{"id":8122,"date":"2021-09-18T09:53:46","date_gmt":"2021-09-18T08:53:46","guid":{"rendered":"https:\/\/lbcomunicazione.org\/?p=8122"},"modified":"2021-09-20T20:41:00","modified_gmt":"2021-09-20T19:41:00","slug":"sei-in-grado-di-scegliere","status":"publish","type":"post","link":"https:\/\/lbcomunicazione.org\/index.php\/2021\/09\/18\/sei-in-grado-di-scegliere\/","title":{"rendered":"Sei in grado di Scegliere?"},"content":{"rendered":"<p>&#8220;<em><strong>Di regola le grandi decisioni della vita umana hanno a che fare pi\u00f9 con gli istinti che con la volont\u00e0 cosciente e la ragionevolezza<\/strong><\/em>.&#8221;<\/p>\n<p><em>Carl Gustav Jung<\/em><!--more--><\/p>\n<p>&nbsp;<\/p>\n<h2>Sei in grado di scegliere&#8230;<\/h2>\n<p><em>Questo articolo non vuole essere una critica o un giudizio ma bens\u00ec un esplorare da altre prospettive la situazione di oggi e la sua conseguente repressione.<\/em><\/p>\n<h3>Sei in grado di scegliere?<\/h3>\n<p><img loading=\"lazy\" decoding=\"async\" class=\"size-medium wp-image-8130 alignleft\" src=\"https:\/\/lbcomunicazione.org\/wp-content\/uploads\/2021\/09\/face-623315_1920-300x212.jpg\" alt=\"\" width=\"300\" height=\"212\" srcset=\"https:\/\/lbcomunicazione.org\/wp-content\/uploads\/2021\/09\/face-623315_1920-300x212.jpg 300w, https:\/\/lbcomunicazione.org\/wp-content\/uploads\/2021\/09\/face-623315_1920-1024x724.jpg 1024w, https:\/\/lbcomunicazione.org\/wp-content\/uploads\/2021\/09\/face-623315_1920-768x543.jpg 768w, https:\/\/lbcomunicazione.org\/wp-content\/uploads\/2021\/09\/face-623315_1920-1536x1086.jpg 1536w, https:\/\/lbcomunicazione.org\/wp-content\/uploads\/2021\/09\/face-623315_1920-520x368.jpg 520w, https:\/\/lbcomunicazione.org\/wp-content\/uploads\/2021\/09\/face-623315_1920.jpg 1920w\" sizes=\"auto, (max-width: 300px) 100vw, 300px\" \/>Perch\u00e9 questa domanda?<\/p>\n<p>Quando si diventa adulti si \u00e8 convinti che le scelte che si fanno siano consapevoli e dettate dalla nostra maturit\u00e0, nonostante l\u2019ambiente nel quale viviamo e dal quale assorbiamo molte informazioni che ci vengono date come informazioni attendibili.<\/p>\n<p>La nostra mente \u00e8 una spugna che fin dalla tenera et\u00e0 assorbe in continuazione informazioni modificando la realt\u00e0 e convincendoci che questa realt\u00e0 che ci \u00e8 stata propinata sia l\u2019unica reale.<\/p>\n<h2>Cosa sta accadendo&#8230;<\/h2>\n<p>Ora passiamo alla situazione attuale e vediamo insieme cosa sta accadendo.<img loading=\"lazy\" decoding=\"async\" class=\"size-medium wp-image-8129 alignright\" src=\"https:\/\/lbcomunicazione.org\/wp-content\/uploads\/2021\/09\/childrens-eyes-1914519_1920-300x187.jpg\" alt=\"\" width=\"300\" height=\"187\" srcset=\"https:\/\/lbcomunicazione.org\/wp-content\/uploads\/2021\/09\/childrens-eyes-1914519_1920-300x187.jpg 300w, https:\/\/lbcomunicazione.org\/wp-content\/uploads\/2021\/09\/childrens-eyes-1914519_1920-1024x639.jpg 1024w, https:\/\/lbcomunicazione.org\/wp-content\/uploads\/2021\/09\/childrens-eyes-1914519_1920-768x480.jpg 768w, https:\/\/lbcomunicazione.org\/wp-content\/uploads\/2021\/09\/childrens-eyes-1914519_1920-1536x959.jpg 1536w, https:\/\/lbcomunicazione.org\/wp-content\/uploads\/2021\/09\/childrens-eyes-1914519_1920-520x325.jpg 520w, https:\/\/lbcomunicazione.org\/wp-content\/uploads\/2021\/09\/childrens-eyes-1914519_1920.jpg 1920w\" sizes=\"auto, (max-width: 300px) 100vw, 300px\" \/><\/p>\n<p>Ogni potere ha degli strumenti che collaborano per trainare nella direzione da lui voluta il maggior numero di anime possibili.<\/p>\n<p>Queste anime, ignare e inconsapevoli, si lasciano guidare anche perch\u00e9 in fondo fin da fanciulli il loro punto di riferimento era il genitore che oggi \u00e8 stato sostituito da altre figure.<\/p>\n<p>In poche parole bisogna seguire qualcuno, non si \u00e8 stati abituati a camminare con le proprie gambe.<\/p>\n<h2><img loading=\"lazy\" decoding=\"async\" class=\"size-medium wp-image-8131 alignleft\" src=\"https:\/\/lbcomunicazione.org\/wp-content\/uploads\/2021\/09\/photo_2020-08-23_20-29-47-189x300.jpg\" alt=\"\" width=\"189\" height=\"300\" srcset=\"https:\/\/lbcomunicazione.org\/wp-content\/uploads\/2021\/09\/photo_2020-08-23_20-29-47-189x300.jpg 189w, https:\/\/lbcomunicazione.org\/wp-content\/uploads\/2021\/09\/photo_2020-08-23_20-29-47.jpg 453w\" sizes=\"auto, (max-width: 189px) 100vw, 189px\" \/>Eseguire gli ordini&#8230;<\/h2>\n<p>Peccato che questo qualcuno \u00e8 esente dall\u2019amore di un genitore, e ci\u00f2 che vuole \u00e8 semplicemente che tu non abbia la facolt\u00e0 n\u00e9 di pensiero n\u00e9 di parola\u2026ma debba essere un automa che si appresta ad eseguire gli ordini, n\u00e9 di pi\u00f9 n\u00e9 di meno.<\/p>\n<p><em><strong>Chi non si unisce a questo obiettivo viene espulso in qualsiasi modo possibile, perch\u00e9 \u00e8 di disturbo.<\/strong><\/em><\/p>\n<p>Ora ti chiedo: sei in grado di scegliere?<\/p>\n<p>Essere in grado di scegliere comporta svegliarsi da questa nebbia, da questo gioco che ti isola dalla realt\u00e0, da questa oppressione\u2026<\/p>\n<h2><\/h2>\n<h2>Avere coraggio di scegliere&#8230;<\/h2>\n<p><strong><em>Svegliarsi comporta avere il coraggio di scegliere e di agire, ma non in modo inappropriato tramite violenza e <img loading=\"lazy\" decoding=\"async\" class=\"size-medium wp-image-8132 alignright\" src=\"https:\/\/lbcomunicazione.org\/wp-content\/uploads\/2021\/09\/photo_2020-08-23_14-42-08-300x300.jpg\" alt=\"\" width=\"300\" height=\"300\" srcset=\"https:\/\/lbcomunicazione.org\/wp-content\/uploads\/2021\/09\/photo_2020-08-23_14-42-08-300x300.jpg 300w, https:\/\/lbcomunicazione.org\/wp-content\/uploads\/2021\/09\/photo_2020-08-23_14-42-08-150x150.jpg 150w, https:\/\/lbcomunicazione.org\/wp-content\/uploads\/2021\/09\/photo_2020-08-23_14-42-08-160x160.jpg 160w, https:\/\/lbcomunicazione.org\/wp-content\/uploads\/2021\/09\/photo_2020-08-23_14-42-08-320x320.jpg 320w, https:\/\/lbcomunicazione.org\/wp-content\/uploads\/2021\/09\/photo_2020-08-23_14-42-08-520x520.jpg 520w, https:\/\/lbcomunicazione.org\/wp-content\/uploads\/2021\/09\/photo_2020-08-23_14-42-08.jpg 564w\" sizes=\"auto, (max-width: 300px) 100vw, 300px\" \/>rabbia\u2026<\/em><\/strong><\/p>\n<p><strong><em>Scegliere non deve essere uno sfogo ma una presa di consapevolezza.<\/em><\/strong><\/p>\n<p>Quando ti accorgi che qualcosa non quadra, che la vita ti sta sfuggendo dalle mani, che ci\u00f2 che vivi \u00e8 inaccettabile, da quel momento inizi ad aprire gli occhi\u2026ma giunge la paura, la paura di fare una scelta che possa andare controcorrente e ti manca il coraggio.<\/p>\n<p>Questo accade perch\u00e9 le informazioni che hai ricevuto non sono corrette, devi rimanere nell\u2019ignoranza, non devi sapere e tutto ci\u00f2 che infastidisce il potere viene censurato.<\/p>\n<p>Devi rimanere in gabbia!<\/p>\n<p>Hai il timore di rimanere isolato..<\/p>\n<h2>Dividi Et Impera&#8230;<\/h2>\n<p><img loading=\"lazy\" decoding=\"async\" class=\"size-medium wp-image-8125 alignleft\" src=\"https:\/\/lbcomunicazione.org\/wp-content\/uploads\/2021\/09\/photo_2021-07-28_19-46-08-2-223x300.jpg\" alt=\"\" width=\"223\" height=\"300\" srcset=\"https:\/\/lbcomunicazione.org\/wp-content\/uploads\/2021\/09\/photo_2021-07-28_19-46-08-2-223x300.jpg 223w, https:\/\/lbcomunicazione.org\/wp-content\/uploads\/2021\/09\/photo_2021-07-28_19-46-08-2.jpg 500w\" sizes=\"auto, (max-width: 223px) 100vw, 223px\" \/>Dividi Et Impera\u2026.uno strumento efficace nelle mani del potere\u2026Solo cos\u00ec si riesce a dominare.<\/p>\n<p><em><strong>Solo il congiungersi alla propria anima e il rimanerne ancorati comporta diventare un essere incorruttibile che non si lascia n\u00e9 vendere n\u00e9 comprare!<\/strong><\/em><\/p>\n<p>Ma prima bisogna fare il passo dell\u2019informazione, quell\u2019informazione che ti porta a scegliere ampliando a 360\u00b0 la conoscenza di ci\u00f2 che sta accadendo.<\/p>\n<p>Se rimani nell\u2019ignoranza e assorbi esclusivamente l\u2019informazione che ti passa chi \u00e8 al potere come unica informazione certa, non stai scegliendo: stai semplicemente subendo!<\/p>\n<p>Concludo con un\u2019affermazione di <em>Nelson Mandela<\/em>:<\/p>\n<p>\u201c<em><strong>Possano le tue scelte riflettere le tue speranze, non le tue paure.<\/strong><\/em>\u201d<\/p>\n<p>Per altri articoli di Pittrice di parole, clicca <a href=\"https:\/\/lbcomunicazione.org\/index.php\/pittricediparole\/\">QUI<\/a><\/p>\n<p>&nbsp;<\/p>\n","protected":false},"excerpt":{"rendered":"<p>&#8220;Di regola le grandi decisioni della vita umana hanno a che fare pi\u00f9 con gli istinti che con la volont\u00e0 cosciente e la ragionevolezza.&#8221; Carl Gustav Jung<\/p>\n","protected":false},"author":12,"featured_media":8126,"comment_status":"open","ping_status":"closed","sticky":false,"template":"","format":"image","meta":{"_crdt_document":"","footnotes":""},"categories":[181],"tags":[768],"class_list":["post-8122","post","type-post","status-publish","format-image","has-post-thumbnail","hentry","category-riflessioni","tag-sei-in-grado-di-scegliere","post_format-post-format-image"],"yoast_head":"<!-- This site is optimized with the Yoast SEO plugin v26.9 - https:\/\/yoast.com\/product\/yoast-seo-wordpress\/ -->\n<title>Sei in grado di Scegliere? - blog TG24 la comunicazione<\/title>\n<meta name=\"robots\" content=\"index, follow, max-snippet:-1, max-image-preview:large, max-video-preview:-1\" \/>\n<link rel=\"canonical\" href=\"https:\/\/lbcomunicazione.org\/index.php\/2021\/09\/18\/sei-in-grado-di-scegliere\/\" \/>\n<meta property=\"og:locale\" content=\"it_IT\" \/>\n<meta property=\"og:type\" content=\"article\" \/>\n<meta property=\"og:title\" content=\"Sei in grado di Scegliere? - blog TG24 la comunicazione\" \/>\n<meta property=\"og:description\" content=\"&#8220;Di regola le grandi decisioni della vita umana hanno a che fare pi\u00f9 con gli istinti che con la volont\u00e0 cosciente e la ragionevolezza.&#8221; Carl Gustav Jung\" \/>\n<meta property=\"og:url\" content=\"https:\/\/lbcomunicazione.org\/index.php\/2021\/09\/18\/sei-in-grado-di-scegliere\/\" \/>\n<meta property=\"og:site_name\" content=\"blog TG24 la comunicazione\" \/>\n<meta property=\"article:publisher\" content=\"https:\/\/www.facebook.com\/beezzup\/\" \/>\n<meta property=\"article:published_time\" content=\"2021-09-18T08:53:46+00:00\" \/>\n<meta property=\"article:modified_time\" content=\"2021-09-20T19:41:00+00:00\" \/>\n<meta property=\"og:image\" content=\"https:\/\/lbcomunicazione.org\/wp-content\/uploads\/2021\/09\/sad-4133121_1920.jpg\" \/>\n\t<meta property=\"og:image:width\" content=\"1920\" \/>\n\t<meta property=\"og:image:height\" content=\"1280\" \/>\n\t<meta property=\"og:image:type\" content=\"image\/jpeg\" \/>\n<meta name=\"author\" content=\"Diana\" \/>\n<meta name=\"twitter:card\" content=\"summary_large_image\" \/>\n<meta name=\"twitter:creator\" content=\"@beezzup\" \/>\n<meta name=\"twitter:site\" content=\"@beezzup\" \/>\n<meta name=\"twitter:label1\" content=\"Scritto da\" \/>\n\t<meta name=\"twitter:data1\" content=\"Diana\" \/>\n\t<meta name=\"twitter:label2\" content=\"Tempo di lettura stimato\" \/>\n\t<meta name=\"twitter:data2\" content=\"3 minuti\" \/>\n<script type=\"application\/ld+json\" class=\"yoast-schema-graph\">{\"@context\":\"https:\/\/schema.org\",\"@graph\":[{\"@type\":\"Article\",\"@id\":\"https:\/\/lbcomunicazione.org\/index.php\/2021\/09\/18\/sei-in-grado-di-scegliere\/#article\",\"isPartOf\":{\"@id\":\"https:\/\/lbcomunicazione.org\/index.php\/2021\/09\/18\/sei-in-grado-di-scegliere\/\"},\"author\":{\"name\":\"Diana\",\"@id\":\"https:\/\/lbcomunicazione.org\/#\/schema\/person\/9f78fb4a635e4c4c13460b4bdf25f0a6\"},\"headline\":\"Sei in grado di Scegliere?\",\"datePublished\":\"2021-09-18T08:53:46+00:00\",\"dateModified\":\"2021-09-20T19:41:00+00:00\",\"mainEntityOfPage\":{\"@id\":\"https:\/\/lbcomunicazione.org\/index.php\/2021\/09\/18\/sei-in-grado-di-scegliere\/\"},\"wordCount\":551,\"commentCount\":0,\"publisher\":{\"@id\":\"https:\/\/lbcomunicazione.org\/#organization\"},\"image\":{\"@id\":\"https:\/\/lbcomunicazione.org\/index.php\/2021\/09\/18\/sei-in-grado-di-scegliere\/#primaryimage\"},\"thumbnailUrl\":\"https:\/\/lbcomunicazione.org\/wp-content\/uploads\/2021\/09\/sad-4133121_1920.jpg\",\"keywords\":[\"Sei in grado di scegliere\"],\"articleSection\":[\"riflessioni\"],\"inLanguage\":\"it-IT\",\"potentialAction\":[{\"@type\":\"CommentAction\",\"name\":\"Comment\",\"target\":[\"https:\/\/lbcomunicazione.org\/index.php\/2021\/09\/18\/sei-in-grado-di-scegliere\/#respond\"]}]},{\"@type\":\"WebPage\",\"@id\":\"https:\/\/lbcomunicazione.org\/index.php\/2021\/09\/18\/sei-in-grado-di-scegliere\/\",\"url\":\"https:\/\/lbcomunicazione.org\/index.php\/2021\/09\/18\/sei-in-grado-di-scegliere\/\",\"name\":\"Sei in grado di Scegliere? - blog TG24 la comunicazione\",\"isPartOf\":{\"@id\":\"https:\/\/lbcomunicazione.org\/#website\"},\"primaryImageOfPage\":{\"@id\":\"https:\/\/lbcomunicazione.org\/index.php\/2021\/09\/18\/sei-in-grado-di-scegliere\/#primaryimage\"},\"image\":{\"@id\":\"https:\/\/lbcomunicazione.org\/index.php\/2021\/09\/18\/sei-in-grado-di-scegliere\/#primaryimage\"},\"thumbnailUrl\":\"https:\/\/lbcomunicazione.org\/wp-content\/uploads\/2021\/09\/sad-4133121_1920.jpg\",\"datePublished\":\"2021-09-18T08:53:46+00:00\",\"dateModified\":\"2021-09-20T19:41:00+00:00\",\"breadcrumb\":{\"@id\":\"https:\/\/lbcomunicazione.org\/index.php\/2021\/09\/18\/sei-in-grado-di-scegliere\/#breadcrumb\"},\"inLanguage\":\"it-IT\",\"potentialAction\":[{\"@type\":\"ReadAction\",\"target\":[\"https:\/\/lbcomunicazione.org\/index.php\/2021\/09\/18\/sei-in-grado-di-scegliere\/\"]}]},{\"@type\":\"ImageObject\",\"inLanguage\":\"it-IT\",\"@id\":\"https:\/\/lbcomunicazione.org\/index.php\/2021\/09\/18\/sei-in-grado-di-scegliere\/#primaryimage\",\"url\":\"https:\/\/lbcomunicazione.org\/wp-content\/uploads\/2021\/09\/sad-4133121_1920.jpg\",\"contentUrl\":\"https:\/\/lbcomunicazione.org\/wp-content\/uploads\/2021\/09\/sad-4133121_1920.jpg\",\"width\":1920,\"height\":1280},{\"@type\":\"BreadcrumbList\",\"@id\":\"https:\/\/lbcomunicazione.org\/index.php\/2021\/09\/18\/sei-in-grado-di-scegliere\/#breadcrumb\",\"itemListElement\":[{\"@type\":\"ListItem\",\"position\":1,\"name\":\"Home\",\"item\":\"https:\/\/lbcomunicazione.org\/\"},{\"@type\":\"ListItem\",\"position\":2,\"name\":\"Sei in grado di Scegliere?\"}]},{\"@type\":\"WebSite\",\"@id\":\"https:\/\/lbcomunicazione.org\/#website\",\"url\":\"https:\/\/lbcomunicazione.org\/\",\"name\":\"blogTG24lacomunicazione.org\",\"description\":\"Siamo una squadra di blogger, che desiderano dare voce a quelle notizie, realt\u00e0, associazioni, che non sono divulgate dai giornali e media\",\"publisher\":{\"@id\":\"https:\/\/lbcomunicazione.org\/#organization\"},\"potentialAction\":[{\"@type\":\"SearchAction\",\"target\":{\"@type\":\"EntryPoint\",\"urlTemplate\":\"https:\/\/lbcomunicazione.org\/?s={search_term_string}\"},\"query-input\":{\"@type\":\"PropertyValueSpecification\",\"valueRequired\":true,\"valueName\":\"search_term_string\"}}],\"inLanguage\":\"it-IT\"},{\"@type\":\"Organization\",\"@id\":\"https:\/\/lbcomunicazione.org\/#organization\",\"name\":\"blogtg24lacomunicazione\",\"url\":\"https:\/\/lbcomunicazione.org\/\",\"logo\":{\"@type\":\"ImageObject\",\"inLanguage\":\"it-IT\",\"@id\":\"https:\/\/lbcomunicazione.org\/#\/schema\/logo\/image\/\",\"url\":\"https:\/\/lbcomunicazione.org\/wp-content\/uploads\/2019\/01\/logo-cfpblogger.jpg\",\"contentUrl\":\"https:\/\/lbcomunicazione.org\/wp-content\/uploads\/2019\/01\/logo-cfpblogger.jpg\",\"width\":680,\"height\":709,\"caption\":\"blogtg24lacomunicazione\"},\"image\":{\"@id\":\"https:\/\/lbcomunicazione.org\/#\/schema\/logo\/image\/\"},\"sameAs\":[\"https:\/\/www.facebook.com\/beezzup\/\",\"https:\/\/x.com\/beezzup\",\"https:\/\/www.instagram.com\/beezzup\/\",\"https:\/\/www.pinterest.it\/beezzup\/\",\"https:\/\/www.youtube.com\/channel\/UCPeEGg5tKdoyOPK--mGE5Yg\"]},{\"@type\":\"Person\",\"@id\":\"https:\/\/lbcomunicazione.org\/#\/schema\/person\/9f78fb4a635e4c4c13460b4bdf25f0a6\",\"name\":\"Diana\",\"image\":{\"@type\":\"ImageObject\",\"inLanguage\":\"it-IT\",\"@id\":\"https:\/\/lbcomunicazione.org\/#\/schema\/person\/image\/\",\"url\":\"https:\/\/secure.gravatar.com\/avatar\/aa52899ec89e7ca816b280bfb117392a90ed7667c233164dc569a91e4020cab6?s=96&d=mm&r=g\",\"contentUrl\":\"https:\/\/secure.gravatar.com\/avatar\/aa52899ec89e7ca816b280bfb117392a90ed7667c233164dc569a91e4020cab6?s=96&d=mm&r=g\",\"caption\":\"Diana\"},\"description\":\"Ciao, sono Diana e ti d\u00f2 il benvenuto come visitatore in questa pagina dove posso scambiare insieme a te idee ed esperienze che sono in continua evoluzione, in continua crescita. Questo \u00e8 il mio sostanziale desiderio: condividere il proprio intuire, il proprio sentire al di l\u00e0 di un semplice libro, ma attraverso lo studio delle esperienze di vita e degli strumenti che sono a portata di mano di ognuno di noi, come la natura, il cielo, gli occhi di una persona, il sentire del cuore e cos\u00ec via.....Io li chiamo strumenti viventi. Ecco, questo \u00e8 il mio sentire, questo \u00e8 il mio vivere. Se ti pu\u00f2 interessare visita questo sito: sei il\/la benvenuto\/a!\",\"url\":\"https:\/\/lbcomunicazione.org\/index.php\/author\/maria\/\"}]}<\/script>\n<!-- \/ Yoast SEO plugin. -->","yoast_head_json":{"title":"Sei in grado di Scegliere? - blog TG24 la comunicazione","robots":{"index":"index","follow":"follow","max-snippet":"max-snippet:-1","max-image-preview":"max-image-preview:large","max-video-preview":"max-video-preview:-1"},"canonical":"https:\/\/lbcomunicazione.org\/index.php\/2021\/09\/18\/sei-in-grado-di-scegliere\/","og_locale":"it_IT","og_type":"article","og_title":"Sei in grado di Scegliere? - blog TG24 la comunicazione","og_description":"&#8220;Di regola le grandi decisioni della vita umana hanno a che fare pi\u00f9 con gli istinti che con la volont\u00e0 cosciente e la ragionevolezza.&#8221; Carl Gustav Jung","og_url":"https:\/\/lbcomunicazione.org\/index.php\/2021\/09\/18\/sei-in-grado-di-scegliere\/","og_site_name":"blog TG24 la comunicazione","article_publisher":"https:\/\/www.facebook.com\/beezzup\/","article_published_time":"2021-09-18T08:53:46+00:00","article_modified_time":"2021-09-20T19:41:00+00:00","og_image":[{"width":1920,"height":1280,"url":"https:\/\/lbcomunicazione.org\/wp-content\/uploads\/2021\/09\/sad-4133121_1920.jpg","type":"image\/jpeg"}],"author":"Diana","twitter_card":"summary_large_image","twitter_creator":"@beezzup","twitter_site":"@beezzup","twitter_misc":{"Scritto da":"Diana","Tempo di lettura stimato":"3 minuti"},"schema":{"@context":"https:\/\/schema.org","@graph":[{"@type":"Article","@id":"https:\/\/lbcomunicazione.org\/index.php\/2021\/09\/18\/sei-in-grado-di-scegliere\/#article","isPartOf":{"@id":"https:\/\/lbcomunicazione.org\/index.php\/2021\/09\/18\/sei-in-grado-di-scegliere\/"},"author":{"name":"Diana","@id":"https:\/\/lbcomunicazione.org\/#\/schema\/person\/9f78fb4a635e4c4c13460b4bdf25f0a6"},"headline":"Sei in grado di Scegliere?","datePublished":"2021-09-18T08:53:46+00:00","dateModified":"2021-09-20T19:41:00+00:00","mainEntityOfPage":{"@id":"https:\/\/lbcomunicazione.org\/index.php\/2021\/09\/18\/sei-in-grado-di-scegliere\/"},"wordCount":551,"commentCount":0,"publisher":{"@id":"https:\/\/lbcomunicazione.org\/#organization"},"image":{"@id":"https:\/\/lbcomunicazione.org\/index.php\/2021\/09\/18\/sei-in-grado-di-scegliere\/#primaryimage"},"thumbnailUrl":"https:\/\/lbcomunicazione.org\/wp-content\/uploads\/2021\/09\/sad-4133121_1920.jpg","keywords":["Sei in grado di scegliere"],"articleSection":["riflessioni"],"inLanguage":"it-IT","potentialAction":[{"@type":"CommentAction","name":"Comment","target":["https:\/\/lbcomunicazione.org\/index.php\/2021\/09\/18\/sei-in-grado-di-scegliere\/#respond"]}]},{"@type":"WebPage","@id":"https:\/\/lbcomunicazione.org\/index.php\/2021\/09\/18\/sei-in-grado-di-scegliere\/","url":"https:\/\/lbcomunicazione.org\/index.php\/2021\/09\/18\/sei-in-grado-di-scegliere\/","name":"Sei in grado di Scegliere? - blog TG24 la comunicazione","isPartOf":{"@id":"https:\/\/lbcomunicazione.org\/#website"},"primaryImageOfPage":{"@id":"https:\/\/lbcomunicazione.org\/index.php\/2021\/09\/18\/sei-in-grado-di-scegliere\/#primaryimage"},"image":{"@id":"https:\/\/lbcomunicazione.org\/index.php\/2021\/09\/18\/sei-in-grado-di-scegliere\/#primaryimage"},"thumbnailUrl":"https:\/\/lbcomunicazione.org\/wp-content\/uploads\/2021\/09\/sad-4133121_1920.jpg","datePublished":"2021-09-18T08:53:46+00:00","dateModified":"2021-09-20T19:41:00+00:00","breadcrumb":{"@id":"https:\/\/lbcomunicazione.org\/index.php\/2021\/09\/18\/sei-in-grado-di-scegliere\/#breadcrumb"},"inLanguage":"it-IT","potentialAction":[{"@type":"ReadAction","target":["https:\/\/lbcomunicazione.org\/index.php\/2021\/09\/18\/sei-in-grado-di-scegliere\/"]}]},{"@type":"ImageObject","inLanguage":"it-IT","@id":"https:\/\/lbcomunicazione.org\/index.php\/2021\/09\/18\/sei-in-grado-di-scegliere\/#primaryimage","url":"https:\/\/lbcomunicazione.org\/wp-content\/uploads\/2021\/09\/sad-4133121_1920.jpg","contentUrl":"https:\/\/lbcomunicazione.org\/wp-content\/uploads\/2021\/09\/sad-4133121_1920.jpg","width":1920,"height":1280},{"@type":"BreadcrumbList","@id":"https:\/\/lbcomunicazione.org\/index.php\/2021\/09\/18\/sei-in-grado-di-scegliere\/#breadcrumb","itemListElement":[{"@type":"ListItem","position":1,"name":"Home","item":"https:\/\/lbcomunicazione.org\/"},{"@type":"ListItem","position":2,"name":"Sei in grado di Scegliere?"}]},{"@type":"WebSite","@id":"https:\/\/lbcomunicazione.org\/#website","url":"https:\/\/lbcomunicazione.org\/","name":"blogTG24lacomunicazione.org","description":"Siamo una squadra di blogger, che desiderano dare voce a quelle notizie, realt\u00e0, associazioni, che non sono divulgate dai giornali e media","publisher":{"@id":"https:\/\/lbcomunicazione.org\/#organization"},"potentialAction":[{"@type":"SearchAction","target":{"@type":"EntryPoint","urlTemplate":"https:\/\/lbcomunicazione.org\/?s={search_term_string}"},"query-input":{"@type":"PropertyValueSpecification","valueRequired":true,"valueName":"search_term_string"}}],"inLanguage":"it-IT"},{"@type":"Organization","@id":"https:\/\/lbcomunicazione.org\/#organization","name":"blogtg24lacomunicazione","url":"https:\/\/lbcomunicazione.org\/","logo":{"@type":"ImageObject","inLanguage":"it-IT","@id":"https:\/\/lbcomunicazione.org\/#\/schema\/logo\/image\/","url":"https:\/\/lbcomunicazione.org\/wp-content\/uploads\/2019\/01\/logo-cfpblogger.jpg","contentUrl":"https:\/\/lbcomunicazione.org\/wp-content\/uploads\/2019\/01\/logo-cfpblogger.jpg","width":680,"height":709,"caption":"blogtg24lacomunicazione"},"image":{"@id":"https:\/\/lbcomunicazione.org\/#\/schema\/logo\/image\/"},"sameAs":["https:\/\/www.facebook.com\/beezzup\/","https:\/\/x.com\/beezzup","https:\/\/www.instagram.com\/beezzup\/","https:\/\/www.pinterest.it\/beezzup\/","https:\/\/www.youtube.com\/channel\/UCPeEGg5tKdoyOPK--mGE5Yg"]},{"@type":"Person","@id":"https:\/\/lbcomunicazione.org\/#\/schema\/person\/9f78fb4a635e4c4c13460b4bdf25f0a6","name":"Diana","image":{"@type":"ImageObject","inLanguage":"it-IT","@id":"https:\/\/lbcomunicazione.org\/#\/schema\/person\/image\/","url":"https:\/\/secure.gravatar.com\/avatar\/aa52899ec89e7ca816b280bfb117392a90ed7667c233164dc569a91e4020cab6?s=96&d=mm&r=g","contentUrl":"https:\/\/secure.gravatar.com\/avatar\/aa52899ec89e7ca816b280bfb117392a90ed7667c233164dc569a91e4020cab6?s=96&d=mm&r=g","caption":"Diana"},"description":"Ciao, sono Diana e ti d\u00f2 il benvenuto come visitatore in questa pagina dove posso scambiare insieme a te idee ed esperienze che sono in continua evoluzione, in continua crescita. Questo \u00e8 il mio sostanziale desiderio: condividere il proprio intuire, il proprio sentire al di l\u00e0 di un semplice libro, ma attraverso lo studio delle esperienze di vita e degli strumenti che sono a portata di mano di ognuno di noi, come la natura, il cielo, gli occhi di una persona, il sentire del cuore e cos\u00ec via.....Io li chiamo strumenti viventi. Ecco, questo \u00e8 il mio sentire, questo \u00e8 il mio vivere. Se ti pu\u00f2 interessare visita questo sito: sei il\/la benvenuto\/a!","url":"https:\/\/lbcomunicazione.org\/index.php\/author\/maria\/"}]}},"_links":{"self":[{"href":"https:\/\/lbcomunicazione.org\/index.php\/wp-json\/wp\/v2\/posts\/8122","targetHints":{"allow":["GET"]}}],"collection":[{"href":"https:\/\/lbcomunicazione.org\/index.php\/wp-json\/wp\/v2\/posts"}],"about":[{"href":"https:\/\/lbcomunicazione.org\/index.php\/wp-json\/wp\/v2\/types\/post"}],"author":[{"embeddable":true,"href":"https:\/\/lbcomunicazione.org\/index.php\/wp-json\/wp\/v2\/users\/12"}],"replies":[{"embeddable":true,"href":"https:\/\/lbcomunicazione.org\/index.php\/wp-json\/wp\/v2\/comments?post=8122"}],"version-history":[{"count":0,"href":"https:\/\/lbcomunicazione.org\/index.php\/wp-json\/wp\/v2\/posts\/8122\/revisions"}],"wp:featuredmedia":[{"embeddable":true,"href":"https:\/\/lbcomunicazione.org\/index.php\/wp-json\/wp\/v2\/media\/8126"}],"wp:attachment":[{"href":"https:\/\/lbcomunicazione.org\/index.php\/wp-json\/wp\/v2\/media?parent=8122"}],"wp:term":[{"taxonomy":"category","embeddable":true,"href":"https:\/\/lbcomunicazione.org\/index.php\/wp-json\/wp\/v2\/categories?post=8122"},{"taxonomy":"post_tag","embeddable":true,"href":"https:\/\/lbcomunicazione.org\/index.php\/wp-json\/wp\/v2\/tags?post=8122"}],"curies":[{"name":"wp","href":"https:\/\/api.w.org\/{rel}","templated":true}]}}