{"id":8104,"date":"2021-09-06T15:20:28","date_gmt":"2021-09-06T14:20:28","guid":{"rendered":"https:\/\/lbcomunicazione.org\/?p=8104"},"modified":"2021-09-06T15:20:28","modified_gmt":"2021-09-06T14:20:28","slug":"webinar-teorico-pratico-sullarte-della-retorica","status":"publish","type":"post","link":"https:\/\/lbcomunicazione.org\/index.php\/2021\/09\/06\/webinar-teorico-pratico-sullarte-della-retorica\/","title":{"rendered":"Webinar teorico pratico sull&#8217;Arte della retorica"},"content":{"rendered":"<h1>Webinar teorico pratico sull&#8217;Arte della retorica<\/h1>\n<p>L&#8217;Associazione Noumeno Culture Club organizza per marted\u00ec 21 settembre, una <em>webinar<\/em> teorico pratico sull&#8217;Arte della retorica.<\/p>\n<p>La webinar si svilupper\u00e0 su piattaforma skype, e verr\u00e0 gestita da Nuria Kanzian.<\/p>\n<p>Per l&#8217;iscrizione \u00e8 previsto un contributo di 10\u20ac.<\/p>\n<p>Info e iscrizioni: <a href=\"http:\/\/centropromozione@yahoo.it\">centropromozione@yahoo.it<\/a><\/p>\n<p>&nbsp;<\/p>\n<p>&nbsp;<\/p>\n<h3>Tutti gli articoli dell\u2019Associazione Culture Club Noumeno; clicca <a href=\"https:\/\/lbcomunicazione.org\/index.php\/author\/noumeno\/\">QUI<\/a><\/h3>\n<p>&nbsp;<\/p>\n","protected":false},"excerpt":{"rendered":"<p>Webinar teorico pratico sull&#8217;Arte della retorica L&#8217;Associazione Noumeno Culture Club organizza per marted\u00ec 21 settembre, una webinar teorico pratico sull&#8217;Arte della retorica. La webinar si svilupper\u00e0 su piattaforma skype, e verr\u00e0 gestita da Nuria Kanzian. Per&#46;&#46;&#46;<\/p>\n","protected":false},"author":57,"featured_media":8105,"comment_status":"open","ping_status":"closed","sticky":false,"template":"","format":"image","meta":{"footnotes":""},"categories":[71],"tags":[764,766,765],"class_list":["post-8104","post","type-post","status-publish","format-image","has-post-thumbnail","hentry","category-cultura","tag-associazione-noumeno-culture-club","tag-corso-retorica","tag-webinar-retorica","post_format-post-format-image"],"_links":{"self":[{"href":"https:\/\/lbcomunicazione.org\/index.php\/wp-json\/wp\/v2\/posts\/8104","targetHints":{"allow":["GET"]}}],"collection":[{"href":"https:\/\/lbcomunicazione.org\/index.php\/wp-json\/wp\/v2\/posts"}],"about":[{"href":"https:\/\/lbcomunicazione.org\/index.php\/wp-json\/wp\/v2\/types\/post"}],"author":[{"embeddable":true,"href":"https:\/\/lbcomunicazione.org\/index.php\/wp-json\/wp\/v2\/users\/57"}],"replies":[{"embeddable":true,"href":"https:\/\/lbcomunicazione.org\/index.php\/wp-json\/wp\/v2\/comments?post=8104"}],"version-history":[{"count":0,"href":"https:\/\/lbcomunicazione.org\/index.php\/wp-json\/wp\/v2\/posts\/8104\/revisions"}],"wp:featuredmedia":[{"embeddable":true,"href":"https:\/\/lbcomunicazione.org\/index.php\/wp-json\/wp\/v2\/media\/8105"}],"wp:attachment":[{"href":"https:\/\/lbcomunicazione.org\/index.php\/wp-json\/wp\/v2\/media?parent=8104"}],"wp:term":[{"taxonomy":"category","embeddable":true,"href":"https:\/\/lbcomunicazione.org\/index.php\/wp-json\/wp\/v2\/categories?post=8104"},{"taxonomy":"post_tag","embeddable":true,"href":"https:\/\/lbcomunicazione.org\/index.php\/wp-json\/wp\/v2\/tags?post=8104"}],"curies":[{"name":"wp","href":"https:\/\/api.w.org\/{rel}","templated":true}]}}