{"id":8070,"date":"2021-08-21T12:09:26","date_gmt":"2021-08-21T11:09:26","guid":{"rendered":"https:\/\/lbcomunicazione.org\/?p=8070"},"modified":"2021-08-21T12:09:26","modified_gmt":"2021-08-21T11:09:26","slug":"malcesine-tra-storia-e-arte","status":"publish","type":"post","link":"https:\/\/lbcomunicazione.org\/index.php\/2021\/08\/21\/malcesine-tra-storia-e-arte\/","title":{"rendered":"Malcesine tra storia e arte"},"content":{"rendered":"<h1>Malcesine tra storia e arte<\/h1>\n<p>Manselice \u00e8 una nota localit\u00e0 turistica, situata nella sponda veronese del lago di Garda. \u00c8 da sempre meta di artisti e poeti, basti pensare a Klimt e a Goethe.<\/p>\n<p>Il suo clima sempre e mite,\u00a0 permette di passeggiare lungo i suoi vicoli tutto l&#8217;anno.<\/p>\n<p>Punto nevralgico del piccolo borgo \u00e8 di certo il suo Castello Scaligero che si pu\u00f2 visitare fino a raggiungere la\u00a0 parte pi\u00f9 alta, ovvero la torre, dalla quale si pu\u00f2 godere di un panorama da togliere il fiato.<\/p>\n<p>Goethe ne rimase cos\u00ec abbagliato, da provare a ritrarlo da una barca sul lago ma\u00a0 la leggenda narra che fu bloccato dalla polizia perch\u00e9 considerato una spia.<\/p>\n<p>Scrivendo alla sorella Caterina dice: &#8220;Torner\u00f2 un uomo nuovo e vivr\u00f2 per maggiore felicit\u00e0 mia e dei miei cari.&#8221;<\/p>\n<p>Il castello \u00e8 anche sede del Museo di storia naturale con una parte dedicata alla storia della navigazione.<\/p>\n<p>&nbsp;<\/p>\n<p>&nbsp;<\/p>\n<p>Le viuzze che lo circondano appaiono come piccoli sentieri dove pietra, roccia e legno donano un&#8217; aria storica e romantica che riporta ad epoche lontane.<\/p>\n<p>Girovagando non possiamo non rimanere ammaliati dalla piccola ma preziosa galleria fotografica del maestro Luciano Bonacini.<\/p>\n<p>Uomo e artista di grande cultura ed empatia che attraverso le sue opere ci invita a prenderci cura della nostra anima, dei nostri desideri, del nostro essere persone che necessitano della praticit\u00e0 della vita ma anche della capacit\u00e0 di comprendere la bellezza di ci\u00f2 che siamo e realizziamo.<\/p>\n","protected":false},"excerpt":{"rendered":"<p>Malcesine tra storia e arte Manselice \u00e8 una nota localit\u00e0 turistica, situata nella sponda veronese del lago di Garda. \u00c8 da sempre meta di artisti e poeti, basti pensare a Klimt e a Goethe. Il suo&#46;&#46;&#46;<\/p>\n","protected":false},"author":54,"featured_media":8079,"comment_status":"open","ping_status":"closed","sticky":false,"template":"","format":"image","meta":{"footnotes":""},"categories":[71],"tags":[757],"class_list":["post-8070","post","type-post","status-publish","format-image","has-post-thumbnail","hentry","category-cultura","tag-manselice","post_format-post-format-image"],"_links":{"self":[{"href":"https:\/\/lbcomunicazione.org\/index.php\/wp-json\/wp\/v2\/posts\/8070","targetHints":{"allow":["GET"]}}],"collection":[{"href":"https:\/\/lbcomunicazione.org\/index.php\/wp-json\/wp\/v2\/posts"}],"about":[{"href":"https:\/\/lbcomunicazione.org\/index.php\/wp-json\/wp\/v2\/types\/post"}],"author":[{"embeddable":true,"href":"https:\/\/lbcomunicazione.org\/index.php\/wp-json\/wp\/v2\/users\/54"}],"replies":[{"embeddable":true,"href":"https:\/\/lbcomunicazione.org\/index.php\/wp-json\/wp\/v2\/comments?post=8070"}],"version-history":[{"count":0,"href":"https:\/\/lbcomunicazione.org\/index.php\/wp-json\/wp\/v2\/posts\/8070\/revisions"}],"wp:featuredmedia":[{"embeddable":true,"href":"https:\/\/lbcomunicazione.org\/index.php\/wp-json\/wp\/v2\/media\/8079"}],"wp:attachment":[{"href":"https:\/\/lbcomunicazione.org\/index.php\/wp-json\/wp\/v2\/media?parent=8070"}],"wp:term":[{"taxonomy":"category","embeddable":true,"href":"https:\/\/lbcomunicazione.org\/index.php\/wp-json\/wp\/v2\/categories?post=8070"},{"taxonomy":"post_tag","embeddable":true,"href":"https:\/\/lbcomunicazione.org\/index.php\/wp-json\/wp\/v2\/tags?post=8070"}],"curies":[{"name":"wp","href":"https:\/\/api.w.org\/{rel}","templated":true}]}}