{"id":7957,"date":"2021-06-30T18:18:28","date_gmt":"2021-06-30T17:18:28","guid":{"rendered":"https:\/\/lbcomunicazione.org\/?p=7957"},"modified":"2021-06-30T18:18:28","modified_gmt":"2021-06-30T17:18:28","slug":"sicurezza-e-schiavitu","status":"publish","type":"post","link":"https:\/\/lbcomunicazione.org\/index.php\/2021\/06\/30\/sicurezza-e-schiavitu\/","title":{"rendered":"Sicurezza e Schiavit\u00f9.."},"content":{"rendered":"<p><em><strong>Nessuno \u00e8 nato schiavo, n\u00e9 signore, n\u00e9 per vivere in miseria, ma tutti siamo nati per essere fratelli.<\/strong><\/em><!--more--><\/p>\n<h2>La vita fa paura&#8230;<\/h2>\n<p><img loading=\"lazy\" decoding=\"async\" class=\"size-medium wp-image-7962 alignleft\" src=\"https:\/\/lbcomunicazione.org\/wp-content\/uploads\/2021\/06\/eyes-4803234_1920-300x200.jpg\" alt=\"\" width=\"300\" height=\"200\" srcset=\"https:\/\/lbcomunicazione.org\/wp-content\/uploads\/2021\/06\/eyes-4803234_1920-300x200.jpg 300w, https:\/\/lbcomunicazione.org\/wp-content\/uploads\/2021\/06\/eyes-4803234_1920-1024x683.jpg 1024w, https:\/\/lbcomunicazione.org\/wp-content\/uploads\/2021\/06\/eyes-4803234_1920-768x512.jpg 768w, https:\/\/lbcomunicazione.org\/wp-content\/uploads\/2021\/06\/eyes-4803234_1920-1536x1024.jpg 1536w, https:\/\/lbcomunicazione.org\/wp-content\/uploads\/2021\/06\/eyes-4803234_1920-520x347.jpg 520w, https:\/\/lbcomunicazione.org\/wp-content\/uploads\/2021\/06\/eyes-4803234_1920.jpg 1920w\" sizes=\"auto, (max-width: 300px) 100vw, 300px\" \/>La vita non viene compresa, accettata e soprattutto amata, per questo fa paura.<\/p>\n<p>Vivere nell\u2019ansia di dover soffrire, ammalarsi, morire mi allontana dalla vita stessa, e il mio percorso di vita su questo pianeta diventa sterile, arido e grigio: manca proprio la vita stessa!<\/p>\n<p>Vivere come in un recinto, creato comunque da me stessa, mi impedisce di assaporare le ricchezze che si trovano al di fuori di questo recinto.<\/p>\n<p>La cosiddetta protezione, in realt\u00e0, \u00e8 una schiavit\u00f9.<\/p>\n<p>Mi creo la dipendenza dalla paura e il rifiuto della vita.<\/p>\n<h2>Il rifiuto alla vita&#8230;<img loading=\"lazy\" decoding=\"async\" class=\"size-medium wp-image-7964 alignright\" src=\"https:\/\/lbcomunicazione.org\/wp-content\/uploads\/2021\/06\/photo_2021-05-02_13-12-15-300x297.jpg\" alt=\"\" width=\"300\" height=\"297\" srcset=\"https:\/\/lbcomunicazione.org\/wp-content\/uploads\/2021\/06\/photo_2021-05-02_13-12-15-300x297.jpg 300w, https:\/\/lbcomunicazione.org\/wp-content\/uploads\/2021\/06\/photo_2021-05-02_13-12-15-150x150.jpg 150w, https:\/\/lbcomunicazione.org\/wp-content\/uploads\/2021\/06\/photo_2021-05-02_13-12-15-520x515.jpg 520w, https:\/\/lbcomunicazione.org\/wp-content\/uploads\/2021\/06\/photo_2021-05-02_13-12-15.jpg 600w\" sizes=\"auto, (max-width: 300px) 100vw, 300px\" \/><\/h2>\n<p><em>Questa, nella maggior parte dei casi, \u00e8 la vita che l\u2019individuo medio sta vivendo oggi: il rifiuto alla vita.<\/em><\/p>\n<p>Un immagine della vita all\u2019interno di un recinto che viene visto come l\u2019essenziale protezione per poter vivere, in uno schema ben preciso che gli d\u00e0 sicurezza e conforto, ma che gli sta \u201csucchiando\u201d l\u2019anima.<\/p>\n<p>L\u2019individuo \u00e8 stato abituato fin da bambino a questo schema di vita, senza il quale si sentirebbe perso, e per questo permette di venire usato, manipolato, deteriorato pur di non perdere la sua sicurezza \u201capparente\u201d.<\/p>\n<p>Rinuncia a se stesso, rinuncia alla sua anima.<\/p>\n<h2><strong>Da che parte vuoi stare?<\/strong><\/h2>\n<p><strong>Il gran conflitto in atto oggi in particolare, comporta una scelta ben precisa: devi sapere da che parte vuoi stare!<\/strong><\/p>\n<p><img loading=\"lazy\" decoding=\"async\" class=\"size-medium wp-image-7963 alignleft\" src=\"https:\/\/lbcomunicazione.org\/wp-content\/uploads\/2021\/06\/awakening-3366359_1920-300x208.jpg\" alt=\"\" width=\"300\" height=\"208\" srcset=\"https:\/\/lbcomunicazione.org\/wp-content\/uploads\/2021\/06\/awakening-3366359_1920-300x208.jpg 300w, https:\/\/lbcomunicazione.org\/wp-content\/uploads\/2021\/06\/awakening-3366359_1920-1024x709.jpg 1024w, https:\/\/lbcomunicazione.org\/wp-content\/uploads\/2021\/06\/awakening-3366359_1920-768x532.jpg 768w, https:\/\/lbcomunicazione.org\/wp-content\/uploads\/2021\/06\/awakening-3366359_1920-1536x1063.jpg 1536w, https:\/\/lbcomunicazione.org\/wp-content\/uploads\/2021\/06\/awakening-3366359_1920-520x360.jpg 520w, https:\/\/lbcomunicazione.org\/wp-content\/uploads\/2021\/06\/awakening-3366359_1920.jpg 1920w\" sizes=\"auto, (max-width: 300px) 100vw, 300px\" \/>Non esiste titubanza alcuna, ma chiarezza dal profondo del tuo cuore.<\/p>\n<p><em>Il recinto sta per cadere, tutto sta per sgretolarsi. E\u2019 come se una forte scossa di terremoto, dopo una serie di micro scosse, si stia preparando ad arrivare: il vecchio mondo non esister\u00e0 pi\u00f9.<\/em><\/p>\n<p><strong>E tutto questo ha una ragione ben precisa: l\u2019essere umano deve riscoprire la sua reale essenza e riprendere il ruolo che aveva dimenticato all\u2019interno di questo mondo.<\/strong><\/p>\n<p>Ovviamente, per chi vede il cambiamento come un qualcosa di catastrofico, non riuscir\u00e0 a gioire per ci\u00f2 che sta avvenendo, ma si concentrer\u00e0 esclusivamente sugli aspetti \u201cdistruttivi\u201d in atto senza guardare oltre\u2026. Si sta facendo spazio ad un nuovo mondo!<\/p>\n<p>Per altri articoli di Pittrice di parole, clicca <a href=\"https:\/\/lbcomunicazione.org\/index.php\/pittricediparole\/\">QUI<\/a><\/p>\n<p><span class=\"Apple-converted-space\">\u00a0<\/span><\/p>\n","protected":false},"excerpt":{"rendered":"<p>Nessuno \u00e8 nato schiavo, n\u00e9 signore, n\u00e9 per vivere in miseria, ma tutti siamo nati per essere fratelli.<\/p>\n","protected":false},"author":12,"featured_media":7961,"comment_status":"open","ping_status":"closed","sticky":false,"template":"","format":"image","meta":{"footnotes":""},"categories":[181],"tags":[602,433],"class_list":["post-7957","post","type-post","status-publish","format-image","has-post-thumbnail","hentry","category-riflessioni","tag-schiavitu","tag-sicurezza","post_format-post-format-image"],"_links":{"self":[{"href":"https:\/\/lbcomunicazione.org\/index.php\/wp-json\/wp\/v2\/posts\/7957","targetHints":{"allow":["GET"]}}],"collection":[{"href":"https:\/\/lbcomunicazione.org\/index.php\/wp-json\/wp\/v2\/posts"}],"about":[{"href":"https:\/\/lbcomunicazione.org\/index.php\/wp-json\/wp\/v2\/types\/post"}],"author":[{"embeddable":true,"href":"https:\/\/lbcomunicazione.org\/index.php\/wp-json\/wp\/v2\/users\/12"}],"replies":[{"embeddable":true,"href":"https:\/\/lbcomunicazione.org\/index.php\/wp-json\/wp\/v2\/comments?post=7957"}],"version-history":[{"count":0,"href":"https:\/\/lbcomunicazione.org\/index.php\/wp-json\/wp\/v2\/posts\/7957\/revisions"}],"wp:featuredmedia":[{"embeddable":true,"href":"https:\/\/lbcomunicazione.org\/index.php\/wp-json\/wp\/v2\/media\/7961"}],"wp:attachment":[{"href":"https:\/\/lbcomunicazione.org\/index.php\/wp-json\/wp\/v2\/media?parent=7957"}],"wp:term":[{"taxonomy":"category","embeddable":true,"href":"https:\/\/lbcomunicazione.org\/index.php\/wp-json\/wp\/v2\/categories?post=7957"},{"taxonomy":"post_tag","embeddable":true,"href":"https:\/\/lbcomunicazione.org\/index.php\/wp-json\/wp\/v2\/tags?post=7957"}],"curies":[{"name":"wp","href":"https:\/\/api.w.org\/{rel}","templated":true}]}}