{"id":7628,"date":"2021-03-02T00:14:30","date_gmt":"2021-03-01T23:14:30","guid":{"rendered":"http:\/\/lbcomunicazione.org\/?p=7628"},"modified":"2022-01-27T18:14:51","modified_gmt":"2022-01-27T17:14:51","slug":"testimonianza-rigetto-multa-e-recupero-crediti","status":"publish","type":"post","link":"https:\/\/lbcomunicazione.org\/index.php\/2021\/03\/02\/testimonianza-rigetto-multa-e-recupero-crediti\/","title":{"rendered":"Testimonianza: rigetto multa e recupero crediti"},"content":{"rendered":"<h1>Testimonianza: rigetto multa e recupero crediti<\/h1>\n<p><em>Rosella, 28 febbraio 2021<\/em><\/p>\n<p>Condivido la mia esperienza riguardo il rigetto di una multa e di una raccomandata di un recupero crediti.<\/p>\n<p>&nbsp;<\/p>\n<h2>A met\u00e0 Gennaio mi \u00e8 arrivata una multa con raccomandata<\/h2>\n<p>dalla polizia locale di un comune vicino al mio, era una multa di diversi anni fa, riferita ad un auto che neanche c\u2019\u00e8 pi\u00f9 perch\u00e9 \u00e8 stata demolita.<\/p>\n<p>Quindi procedo al rigetto della stessa come da procedura e all&#8217;invio della notifica di cortesia, alla persona indicata, che \u00e8 un facente funzione Commissario.<br \/>\nDopo tre giorni mi risponde che era passato il termine per poter contestare la multa.<\/p>\n<p>Quindi rispondo alla loro email, con l&#8217;invio della fattura; questa volta oltre ad inviarla al facente funzione <em>Commissario<\/em>, cerco su internet il sito della polizia locale interessata e invio per conoscenza l&#8217;email anche al facente funzione <em>Comandante<\/em>.<\/p>\n<p>&nbsp;<\/p>\n<h2>La seconda esperienza riguarda un recupero crediti che mi assilla da pi\u00f9 di 15 anni.<\/h2>\n<p>Nel 2006 chiudo la mia attivit\u00e0 di Erboristeria; a quel tempo avevo un fido con la banca <em>AntonVeneta<\/em>.<br \/>\nIl mio commercialista vista la situazione che la banca stava manifestando in quel periodo anche per vicissitudine successe, mi consiglia di lasciar decadere il pagamento.<\/p>\n<p>In questi anni in pi\u00f9 occasioni mi hanno chiamato e scritto, &#8230;sono addirittura venuti direttamente a casa mia.<\/p>\n<p><strong>A met\u00e0 Gennaio<\/strong> mi arriva l\u2019ennesima raccomandata dove mi chiedono di saldare questa pendenza oramai arrivata ad una cifra esorbitante.<br \/>\n<strong>Prendo la raccomandata, la rigetto e invio la notifica di cortesia<\/strong> alla persona che aveva firmato la lettera.<br \/>\nDopo una settimana questa persona mi risponde dicendo che non era possibile estinguere il debito perch\u00e9 loro si attengono alla legge.<\/p>\n<p><strong>Procedo con la fatturazione<\/strong> e anche in questo caso vado a cercare su internet i riferimenti di un eventuale superiore; invio anche a lui la fattura per conoscenza.<br \/>\n\u00c8 passato un mese e non ho pi\u00f9 saputo nulla.<\/p>\n<p>Questo mi ha fatto capire che sanno di Oppt 1776, e che ad un certo punto, l\u2019informazione si ferma nei &#8220;piani superiori&#8221;, mentre ai &#8220;ruoli inferiori&#8221;, non viene comunicato nulla.<\/p>\n<p>Spero che grazie alla mia notifica di cortesia e fattura, anche questi uomini abbiano lo stimolo per informarsi.<\/p>\n<p>&nbsp;<\/p>\n<p>&nbsp;<\/p>\n<p>&nbsp;<\/p>\n<p>Tutti gli articoli della rubrica OPPT 1776 &#8211; New Governance: clicca <a href=\"https:\/\/lbcomunicazione.org\/index.php\/oppt-1776-la-nazione-noi-e-io-sono\/\">QUI<\/a><\/p>\n","protected":false},"excerpt":{"rendered":"<p>Testimonianza: rigetto multa e recupero crediti Rosella, 28 febbraio 2021 Condivido la mia esperienza riguardo il rigetto di una multa e di una raccomandata di un recupero crediti. &nbsp; A met\u00e0 Gennaio mi \u00e8 arrivata una multa con raccomandata dalla polizia locale di un comune vicino al mio, era una multa di diversi anni fa, riferita ad un auto che neanche c\u2019\u00e8 pi\u00f9 perch\u00e9 \u00e8 stata demolita. Quindi procedo al rigetto della stessa come da procedura e all&#8217;invio della notifica di cortesia, alla persona indicata, che \u00e8 un facente funzione Commissario. Dopo tre giorni mi risponde che era passato il termine&#46;&#46;&#46;<\/p>\n","protected":false},"author":5,"featured_media":7631,"comment_status":"open","ping_status":"closed","sticky":false,"template":"","format":"image","meta":{"_crdt_document":"","footnotes":""},"categories":[703],"tags":[705,704,711],"class_list":["post-7628","post","type-post","status-publish","format-image","has-post-thumbnail","hentry","category-oppt-1776-la-nazione","tag-noi-e-io-sono","tag-oppt-1776","tag-rigetto-raccomandata","post_format-post-format-image"],"yoast_head":"<!-- This site is optimized with the Yoast SEO plugin v26.9 - https:\/\/yoast.com\/product\/yoast-seo-wordpress\/ -->\n<title>Testimonianza: rigetto multa e recupero crediti - blog TG24 la comunicazione<\/title>\n<meta name=\"description\" content=\"Condivido la mia esperienza riguardo il rigetto di una multa e di una raccomandata di un recupero crediti, come da procedura.\" \/>\n<meta name=\"robots\" content=\"index, follow, max-snippet:-1, max-image-preview:large, max-video-preview:-1\" \/>\n<link rel=\"canonical\" href=\"https:\/\/lbcomunicazione.org\/index.php\/2021\/03\/02\/testimonianza-rigetto-multa-e-recupero-crediti\/\" \/>\n<meta property=\"og:locale\" content=\"it_IT\" \/>\n<meta property=\"og:type\" content=\"article\" \/>\n<meta property=\"og:title\" content=\"Testimonianza: rigetto multa e recupero crediti - blog TG24 la comunicazione\" \/>\n<meta property=\"og:description\" content=\"Condivido la mia esperienza riguardo il rigetto di una multa e di una raccomandata di un recupero crediti, come da procedura.\" \/>\n<meta property=\"og:url\" content=\"https:\/\/lbcomunicazione.org\/index.php\/2021\/03\/02\/testimonianza-rigetto-multa-e-recupero-crediti\/\" \/>\n<meta property=\"og:site_name\" content=\"blog TG24 la comunicazione\" \/>\n<meta property=\"article:publisher\" content=\"https:\/\/www.facebook.com\/beezzup\/\" \/>\n<meta property=\"article:published_time\" content=\"2021-03-01T23:14:30+00:00\" \/>\n<meta property=\"article:modified_time\" content=\"2022-01-27T17:14:51+00:00\" \/>\n<meta property=\"og:image\" content=\"https:\/\/lbcomunicazione.org\/wp-content\/uploads\/2021\/03\/Testimonianza-rigetto-multa-e-recupero-crediti-1.jpg\" \/>\n\t<meta property=\"og:image:width\" content=\"1366\" \/>\n\t<meta property=\"og:image:height\" content=\"768\" \/>\n\t<meta property=\"og:image:type\" content=\"image\/jpeg\" \/>\n<meta name=\"author\" content=\"La Comunicazione\" \/>\n<meta name=\"twitter:card\" content=\"summary_large_image\" \/>\n<meta name=\"twitter:creator\" content=\"@beezzup\" \/>\n<meta name=\"twitter:site\" content=\"@beezzup\" \/>\n<meta name=\"twitter:label1\" content=\"Scritto da\" \/>\n\t<meta name=\"twitter:data1\" content=\"La Comunicazione\" \/>\n\t<meta name=\"twitter:label2\" content=\"Tempo di lettura stimato\" \/>\n\t<meta name=\"twitter:data2\" content=\"2 minuti\" \/>\n<script type=\"application\/ld+json\" class=\"yoast-schema-graph\">{\"@context\":\"https:\/\/schema.org\",\"@graph\":[{\"@type\":\"Article\",\"@id\":\"https:\/\/lbcomunicazione.org\/index.php\/2021\/03\/02\/testimonianza-rigetto-multa-e-recupero-crediti\/#article\",\"isPartOf\":{\"@id\":\"https:\/\/lbcomunicazione.org\/index.php\/2021\/03\/02\/testimonianza-rigetto-multa-e-recupero-crediti\/\"},\"author\":{\"name\":\"La Comunicazione\",\"@id\":\"https:\/\/lbcomunicazione.org\/#\/schema\/person\/4778ef7ff2b9c118338053433d8ff990\"},\"headline\":\"Testimonianza: rigetto multa e recupero crediti\",\"datePublished\":\"2021-03-01T23:14:30+00:00\",\"dateModified\":\"2022-01-27T17:14:51+00:00\",\"mainEntityOfPage\":{\"@id\":\"https:\/\/lbcomunicazione.org\/index.php\/2021\/03\/02\/testimonianza-rigetto-multa-e-recupero-crediti\/\"},\"wordCount\":381,\"commentCount\":0,\"publisher\":{\"@id\":\"https:\/\/lbcomunicazione.org\/#organization\"},\"image\":{\"@id\":\"https:\/\/lbcomunicazione.org\/index.php\/2021\/03\/02\/testimonianza-rigetto-multa-e-recupero-crediti\/#primaryimage\"},\"thumbnailUrl\":\"https:\/\/lbcomunicazione.org\/wp-content\/uploads\/2021\/03\/Testimonianza-rigetto-multa-e-recupero-crediti-1.jpg\",\"keywords\":[\"Noi \u00e8 Io Sono\",\"oppt 1776\",\"rigetto raccomandata\"],\"articleSection\":[\"OPPT 1776-La Nazione\"],\"inLanguage\":\"it-IT\",\"potentialAction\":[{\"@type\":\"CommentAction\",\"name\":\"Comment\",\"target\":[\"https:\/\/lbcomunicazione.org\/index.php\/2021\/03\/02\/testimonianza-rigetto-multa-e-recupero-crediti\/#respond\"]}]},{\"@type\":\"WebPage\",\"@id\":\"https:\/\/lbcomunicazione.org\/index.php\/2021\/03\/02\/testimonianza-rigetto-multa-e-recupero-crediti\/\",\"url\":\"https:\/\/lbcomunicazione.org\/index.php\/2021\/03\/02\/testimonianza-rigetto-multa-e-recupero-crediti\/\",\"name\":\"Testimonianza: rigetto multa e recupero crediti - blog TG24 la comunicazione\",\"isPartOf\":{\"@id\":\"https:\/\/lbcomunicazione.org\/#website\"},\"primaryImageOfPage\":{\"@id\":\"https:\/\/lbcomunicazione.org\/index.php\/2021\/03\/02\/testimonianza-rigetto-multa-e-recupero-crediti\/#primaryimage\"},\"image\":{\"@id\":\"https:\/\/lbcomunicazione.org\/index.php\/2021\/03\/02\/testimonianza-rigetto-multa-e-recupero-crediti\/#primaryimage\"},\"thumbnailUrl\":\"https:\/\/lbcomunicazione.org\/wp-content\/uploads\/2021\/03\/Testimonianza-rigetto-multa-e-recupero-crediti-1.jpg\",\"datePublished\":\"2021-03-01T23:14:30+00:00\",\"dateModified\":\"2022-01-27T17:14:51+00:00\",\"description\":\"Condivido la mia esperienza riguardo il rigetto di una multa e di una raccomandata di un recupero crediti, come da procedura.\",\"breadcrumb\":{\"@id\":\"https:\/\/lbcomunicazione.org\/index.php\/2021\/03\/02\/testimonianza-rigetto-multa-e-recupero-crediti\/#breadcrumb\"},\"inLanguage\":\"it-IT\",\"potentialAction\":[{\"@type\":\"ReadAction\",\"target\":[\"https:\/\/lbcomunicazione.org\/index.php\/2021\/03\/02\/testimonianza-rigetto-multa-e-recupero-crediti\/\"]}]},{\"@type\":\"ImageObject\",\"inLanguage\":\"it-IT\",\"@id\":\"https:\/\/lbcomunicazione.org\/index.php\/2021\/03\/02\/testimonianza-rigetto-multa-e-recupero-crediti\/#primaryimage\",\"url\":\"https:\/\/lbcomunicazione.org\/wp-content\/uploads\/2021\/03\/Testimonianza-rigetto-multa-e-recupero-crediti-1.jpg\",\"contentUrl\":\"https:\/\/lbcomunicazione.org\/wp-content\/uploads\/2021\/03\/Testimonianza-rigetto-multa-e-recupero-crediti-1.jpg\",\"width\":1366,\"height\":768},{\"@type\":\"BreadcrumbList\",\"@id\":\"https:\/\/lbcomunicazione.org\/index.php\/2021\/03\/02\/testimonianza-rigetto-multa-e-recupero-crediti\/#breadcrumb\",\"itemListElement\":[{\"@type\":\"ListItem\",\"position\":1,\"name\":\"Home\",\"item\":\"https:\/\/lbcomunicazione.org\/\"},{\"@type\":\"ListItem\",\"position\":2,\"name\":\"Testimonianza: rigetto multa e recupero crediti\"}]},{\"@type\":\"WebSite\",\"@id\":\"https:\/\/lbcomunicazione.org\/#website\",\"url\":\"https:\/\/lbcomunicazione.org\/\",\"name\":\"blogTG24lacomunicazione.org\",\"description\":\"Siamo una squadra di blogger, che desiderano dare voce a quelle notizie, realt\u00e0, associazioni, che non sono divulgate dai giornali e media\",\"publisher\":{\"@id\":\"https:\/\/lbcomunicazione.org\/#organization\"},\"potentialAction\":[{\"@type\":\"SearchAction\",\"target\":{\"@type\":\"EntryPoint\",\"urlTemplate\":\"https:\/\/lbcomunicazione.org\/?s={search_term_string}\"},\"query-input\":{\"@type\":\"PropertyValueSpecification\",\"valueRequired\":true,\"valueName\":\"search_term_string\"}}],\"inLanguage\":\"it-IT\"},{\"@type\":\"Organization\",\"@id\":\"https:\/\/lbcomunicazione.org\/#organization\",\"name\":\"blogtg24lacomunicazione\",\"url\":\"https:\/\/lbcomunicazione.org\/\",\"logo\":{\"@type\":\"ImageObject\",\"inLanguage\":\"it-IT\",\"@id\":\"https:\/\/lbcomunicazione.org\/#\/schema\/logo\/image\/\",\"url\":\"https:\/\/lbcomunicazione.org\/wp-content\/uploads\/2019\/01\/logo-cfpblogger.jpg\",\"contentUrl\":\"https:\/\/lbcomunicazione.org\/wp-content\/uploads\/2019\/01\/logo-cfpblogger.jpg\",\"width\":680,\"height\":709,\"caption\":\"blogtg24lacomunicazione\"},\"image\":{\"@id\":\"https:\/\/lbcomunicazione.org\/#\/schema\/logo\/image\/\"},\"sameAs\":[\"https:\/\/www.facebook.com\/beezzup\/\",\"https:\/\/x.com\/beezzup\",\"https:\/\/www.instagram.com\/beezzup\/\",\"https:\/\/www.pinterest.it\/beezzup\/\",\"https:\/\/www.youtube.com\/channel\/UCPeEGg5tKdoyOPK--mGE5Yg\"]},{\"@type\":\"Person\",\"@id\":\"https:\/\/lbcomunicazione.org\/#\/schema\/person\/4778ef7ff2b9c118338053433d8ff990\",\"name\":\"La Comunicazione\",\"image\":{\"@type\":\"ImageObject\",\"inLanguage\":\"it-IT\",\"@id\":\"https:\/\/lbcomunicazione.org\/#\/schema\/person\/image\/\",\"url\":\"https:\/\/secure.gravatar.com\/avatar\/f0acce20d511d66615074096311ea57dff3857daee266619ab652f5b400832d3?s=96&d=mm&r=g\",\"contentUrl\":\"https:\/\/secure.gravatar.com\/avatar\/f0acce20d511d66615074096311ea57dff3857daee266619ab652f5b400832d3?s=96&d=mm&r=g\",\"caption\":\"La Comunicazione\"},\"sameAs\":[\"https:\/\/cloudsystemgroup.com\"],\"url\":\"https:\/\/lbcomunicazione.org\/index.php\/author\/stefano\/\"}]}<\/script>\n<!-- \/ Yoast SEO plugin. -->","yoast_head_json":{"title":"Testimonianza: rigetto multa e recupero crediti - blog TG24 la comunicazione","description":"Condivido la mia esperienza riguardo il rigetto di una multa e di una raccomandata di un recupero crediti, come da procedura.","robots":{"index":"index","follow":"follow","max-snippet":"max-snippet:-1","max-image-preview":"max-image-preview:large","max-video-preview":"max-video-preview:-1"},"canonical":"https:\/\/lbcomunicazione.org\/index.php\/2021\/03\/02\/testimonianza-rigetto-multa-e-recupero-crediti\/","og_locale":"it_IT","og_type":"article","og_title":"Testimonianza: rigetto multa e recupero crediti - blog TG24 la comunicazione","og_description":"Condivido la mia esperienza riguardo il rigetto di una multa e di una raccomandata di un recupero crediti, come da procedura.","og_url":"https:\/\/lbcomunicazione.org\/index.php\/2021\/03\/02\/testimonianza-rigetto-multa-e-recupero-crediti\/","og_site_name":"blog TG24 la comunicazione","article_publisher":"https:\/\/www.facebook.com\/beezzup\/","article_published_time":"2021-03-01T23:14:30+00:00","article_modified_time":"2022-01-27T17:14:51+00:00","og_image":[{"width":1366,"height":768,"url":"https:\/\/lbcomunicazione.org\/wp-content\/uploads\/2021\/03\/Testimonianza-rigetto-multa-e-recupero-crediti-1.jpg","type":"image\/jpeg"}],"author":"La Comunicazione","twitter_card":"summary_large_image","twitter_creator":"@beezzup","twitter_site":"@beezzup","twitter_misc":{"Scritto da":"La Comunicazione","Tempo di lettura stimato":"2 minuti"},"schema":{"@context":"https:\/\/schema.org","@graph":[{"@type":"Article","@id":"https:\/\/lbcomunicazione.org\/index.php\/2021\/03\/02\/testimonianza-rigetto-multa-e-recupero-crediti\/#article","isPartOf":{"@id":"https:\/\/lbcomunicazione.org\/index.php\/2021\/03\/02\/testimonianza-rigetto-multa-e-recupero-crediti\/"},"author":{"name":"La Comunicazione","@id":"https:\/\/lbcomunicazione.org\/#\/schema\/person\/4778ef7ff2b9c118338053433d8ff990"},"headline":"Testimonianza: rigetto multa e recupero crediti","datePublished":"2021-03-01T23:14:30+00:00","dateModified":"2022-01-27T17:14:51+00:00","mainEntityOfPage":{"@id":"https:\/\/lbcomunicazione.org\/index.php\/2021\/03\/02\/testimonianza-rigetto-multa-e-recupero-crediti\/"},"wordCount":381,"commentCount":0,"publisher":{"@id":"https:\/\/lbcomunicazione.org\/#organization"},"image":{"@id":"https:\/\/lbcomunicazione.org\/index.php\/2021\/03\/02\/testimonianza-rigetto-multa-e-recupero-crediti\/#primaryimage"},"thumbnailUrl":"https:\/\/lbcomunicazione.org\/wp-content\/uploads\/2021\/03\/Testimonianza-rigetto-multa-e-recupero-crediti-1.jpg","keywords":["Noi \u00e8 Io Sono","oppt 1776","rigetto raccomandata"],"articleSection":["OPPT 1776-La Nazione"],"inLanguage":"it-IT","potentialAction":[{"@type":"CommentAction","name":"Comment","target":["https:\/\/lbcomunicazione.org\/index.php\/2021\/03\/02\/testimonianza-rigetto-multa-e-recupero-crediti\/#respond"]}]},{"@type":"WebPage","@id":"https:\/\/lbcomunicazione.org\/index.php\/2021\/03\/02\/testimonianza-rigetto-multa-e-recupero-crediti\/","url":"https:\/\/lbcomunicazione.org\/index.php\/2021\/03\/02\/testimonianza-rigetto-multa-e-recupero-crediti\/","name":"Testimonianza: rigetto multa e recupero crediti - blog TG24 la comunicazione","isPartOf":{"@id":"https:\/\/lbcomunicazione.org\/#website"},"primaryImageOfPage":{"@id":"https:\/\/lbcomunicazione.org\/index.php\/2021\/03\/02\/testimonianza-rigetto-multa-e-recupero-crediti\/#primaryimage"},"image":{"@id":"https:\/\/lbcomunicazione.org\/index.php\/2021\/03\/02\/testimonianza-rigetto-multa-e-recupero-crediti\/#primaryimage"},"thumbnailUrl":"https:\/\/lbcomunicazione.org\/wp-content\/uploads\/2021\/03\/Testimonianza-rigetto-multa-e-recupero-crediti-1.jpg","datePublished":"2021-03-01T23:14:30+00:00","dateModified":"2022-01-27T17:14:51+00:00","description":"Condivido la mia esperienza riguardo il rigetto di una multa e di una raccomandata di un recupero crediti, come da procedura.","breadcrumb":{"@id":"https:\/\/lbcomunicazione.org\/index.php\/2021\/03\/02\/testimonianza-rigetto-multa-e-recupero-crediti\/#breadcrumb"},"inLanguage":"it-IT","potentialAction":[{"@type":"ReadAction","target":["https:\/\/lbcomunicazione.org\/index.php\/2021\/03\/02\/testimonianza-rigetto-multa-e-recupero-crediti\/"]}]},{"@type":"ImageObject","inLanguage":"it-IT","@id":"https:\/\/lbcomunicazione.org\/index.php\/2021\/03\/02\/testimonianza-rigetto-multa-e-recupero-crediti\/#primaryimage","url":"https:\/\/lbcomunicazione.org\/wp-content\/uploads\/2021\/03\/Testimonianza-rigetto-multa-e-recupero-crediti-1.jpg","contentUrl":"https:\/\/lbcomunicazione.org\/wp-content\/uploads\/2021\/03\/Testimonianza-rigetto-multa-e-recupero-crediti-1.jpg","width":1366,"height":768},{"@type":"BreadcrumbList","@id":"https:\/\/lbcomunicazione.org\/index.php\/2021\/03\/02\/testimonianza-rigetto-multa-e-recupero-crediti\/#breadcrumb","itemListElement":[{"@type":"ListItem","position":1,"name":"Home","item":"https:\/\/lbcomunicazione.org\/"},{"@type":"ListItem","position":2,"name":"Testimonianza: rigetto multa e recupero crediti"}]},{"@type":"WebSite","@id":"https:\/\/lbcomunicazione.org\/#website","url":"https:\/\/lbcomunicazione.org\/","name":"blogTG24lacomunicazione.org","description":"Siamo una squadra di blogger, che desiderano dare voce a quelle notizie, realt\u00e0, associazioni, che non sono divulgate dai giornali e media","publisher":{"@id":"https:\/\/lbcomunicazione.org\/#organization"},"potentialAction":[{"@type":"SearchAction","target":{"@type":"EntryPoint","urlTemplate":"https:\/\/lbcomunicazione.org\/?s={search_term_string}"},"query-input":{"@type":"PropertyValueSpecification","valueRequired":true,"valueName":"search_term_string"}}],"inLanguage":"it-IT"},{"@type":"Organization","@id":"https:\/\/lbcomunicazione.org\/#organization","name":"blogtg24lacomunicazione","url":"https:\/\/lbcomunicazione.org\/","logo":{"@type":"ImageObject","inLanguage":"it-IT","@id":"https:\/\/lbcomunicazione.org\/#\/schema\/logo\/image\/","url":"https:\/\/lbcomunicazione.org\/wp-content\/uploads\/2019\/01\/logo-cfpblogger.jpg","contentUrl":"https:\/\/lbcomunicazione.org\/wp-content\/uploads\/2019\/01\/logo-cfpblogger.jpg","width":680,"height":709,"caption":"blogtg24lacomunicazione"},"image":{"@id":"https:\/\/lbcomunicazione.org\/#\/schema\/logo\/image\/"},"sameAs":["https:\/\/www.facebook.com\/beezzup\/","https:\/\/x.com\/beezzup","https:\/\/www.instagram.com\/beezzup\/","https:\/\/www.pinterest.it\/beezzup\/","https:\/\/www.youtube.com\/channel\/UCPeEGg5tKdoyOPK--mGE5Yg"]},{"@type":"Person","@id":"https:\/\/lbcomunicazione.org\/#\/schema\/person\/4778ef7ff2b9c118338053433d8ff990","name":"La Comunicazione","image":{"@type":"ImageObject","inLanguage":"it-IT","@id":"https:\/\/lbcomunicazione.org\/#\/schema\/person\/image\/","url":"https:\/\/secure.gravatar.com\/avatar\/f0acce20d511d66615074096311ea57dff3857daee266619ab652f5b400832d3?s=96&d=mm&r=g","contentUrl":"https:\/\/secure.gravatar.com\/avatar\/f0acce20d511d66615074096311ea57dff3857daee266619ab652f5b400832d3?s=96&d=mm&r=g","caption":"La Comunicazione"},"sameAs":["https:\/\/cloudsystemgroup.com"],"url":"https:\/\/lbcomunicazione.org\/index.php\/author\/stefano\/"}]}},"_links":{"self":[{"href":"https:\/\/lbcomunicazione.org\/index.php\/wp-json\/wp\/v2\/posts\/7628","targetHints":{"allow":["GET"]}}],"collection":[{"href":"https:\/\/lbcomunicazione.org\/index.php\/wp-json\/wp\/v2\/posts"}],"about":[{"href":"https:\/\/lbcomunicazione.org\/index.php\/wp-json\/wp\/v2\/types\/post"}],"author":[{"embeddable":true,"href":"https:\/\/lbcomunicazione.org\/index.php\/wp-json\/wp\/v2\/users\/5"}],"replies":[{"embeddable":true,"href":"https:\/\/lbcomunicazione.org\/index.php\/wp-json\/wp\/v2\/comments?post=7628"}],"version-history":[{"count":0,"href":"https:\/\/lbcomunicazione.org\/index.php\/wp-json\/wp\/v2\/posts\/7628\/revisions"}],"wp:featuredmedia":[{"embeddable":true,"href":"https:\/\/lbcomunicazione.org\/index.php\/wp-json\/wp\/v2\/media\/7631"}],"wp:attachment":[{"href":"https:\/\/lbcomunicazione.org\/index.php\/wp-json\/wp\/v2\/media?parent=7628"}],"wp:term":[{"taxonomy":"category","embeddable":true,"href":"https:\/\/lbcomunicazione.org\/index.php\/wp-json\/wp\/v2\/categories?post=7628"},{"taxonomy":"post_tag","embeddable":true,"href":"https:\/\/lbcomunicazione.org\/index.php\/wp-json\/wp\/v2\/tags?post=7628"}],"curies":[{"name":"wp","href":"https:\/\/api.w.org\/{rel}","templated":true}]}}