{"id":7623,"date":"2021-03-01T23:34:40","date_gmt":"2021-03-01T22:34:40","guid":{"rendered":"http:\/\/lbcomunicazione.org\/?p=7623"},"modified":"2022-01-27T18:15:38","modified_gmt":"2022-01-27T17:15:38","slug":"testimonianza-il-mio-viaggio-in-grecia","status":"publish","type":"post","link":"https:\/\/lbcomunicazione.org\/index.php\/2021\/03\/01\/testimonianza-il-mio-viaggio-in-grecia\/","title":{"rendered":"Testimonianza: il mio viaggio in Grecia"},"content":{"rendered":"<h1>Testimonianza: il mio viaggio in Grecia<\/h1>\n<p><em>Rossella, 23 febbraio 2021<\/em><\/p>\n<h2><strong>Il mio viaggio Grecia &#8211; Italia<\/strong><\/h2>\n<p>Salve tutti, ho il piacere di condividere con voi l&#8217;esperienza di viaggio che ho avuto ieri utilizzando l&#8217;<strong>Universal Pass<\/strong> come documento di riconoscimento.<br \/>\nArrivo al <em>check in<\/em> Chania (Grecia) e al posto della<em> carta d&#8217;identit\u00e0<\/em> provo a mostrare l&#8217;<em>Universal Pass<\/em>.<br \/>\nAlla domanda &#8220;<em>Mi faccia vedere il covid-test<\/em>&#8220;, ho rispondo semplicemente non ce l&#8217;ho; nessuna risposta.<\/p>\n<p>Per terminare la procedura di <em>check in<\/em> ho dovuto comunque mostrare anche la carta d&#8217;identit\u00e0 perch\u00e8 il sistema non riconosceva la numerazione.<\/p>\n<p>&nbsp;<\/p>\n<div id=\"attachment_7626\" style=\"width: 468px\" class=\"wp-caption alignleft\"><img loading=\"lazy\" decoding=\"async\" aria-describedby=\"caption-attachment-7626\" class=\" wp-image-7626\" src=\"https:\/\/lbcomunicazione.org\/wp-content\/uploads\/2021\/03\/Universal-Pass.jpg\" alt=\"\" width=\"458\" height=\"319\" \/><p id=\"caption-attachment-7626\" class=\"wp-caption-text\"><em>Universal Pass<\/em><\/p><\/div>\n<h2>Arrivata ad Atene,<\/h2>\n<p>al primo controllo per l&#8217;imbarco per Roma, mostro nuovamente l&#8217;<em>Universal Pass<\/em>; lo guarda in modo strano, solita domanda.. &lt;&lt;<em>cos&#8217;\u00e8?<\/em>&gt;&gt; rispondo: &lt;&lt;<em>il mio pass universale<\/em>&gt;&gt; &#8230;lo guarda&#8230; e mi lascia passare.<br \/>\nStessa cosa al secondo controllo prima dell&#8217;imbarco.<\/p>\n<p>&nbsp;<\/p>\n<h2>Arrivata a Roma,<\/h2>\n<p>primo controllo della polizia, tutti davanti a me pronti a mostrare i documenti, test, dichiarazioni etc. Io mostro semplicemente l&#8217;<em>Universal Pass<\/em> e gli dico: &lt;&lt;<em>Sono una donna viva<\/em>&gt;&gt; &#8230;non mi ha lasciato finire.. e mi dice&#8230;: &lt;&lt;<em>Va b\u00e8 va b\u00e8&#8230; dove \u00e8 diretta?<\/em>&gt;&gt; &#8230;rispondo: &lt;&lt;<em>A Bari<\/em>&gt;&gt;; &#8230;e lui: &lt;&lt;<em>Ok ok vada<\/em>&gt;&gt;.<\/p>\n<p>Continuando, prima di giungere al recupero bagaglio, un altro <strong>controllo per i test covid<\/strong>. Non ho avuto neanche il tempo di pensare cosa fare e dire, e mentre fermavano gli atri davanti a me, mi fecero passare.<br \/>\nMi sembrava quasi di essere diventata invisibile &#8230;forse non mi vedevano? &#8230;altrimenti sicuramente mi avrebbero fermata come tutti gli altri.<\/p>\n<p>&nbsp;<\/p>\n<h2>Infine l&#8217;ultimo controllo prima dell&#8217;uscita.<\/h2>\n<p>Mentre fermavano alcune persone davanti a me per il controllo bagagli, la polizia mi guarda e con un sorriso mi fanno segno di passare.<\/p>\n<p>Ci tengo a precisare, che per tutta la procedura e per tutto il viaggio stesso, <em>sono stata anche senza la mascherina e nessuno mi ha detto nulla<\/em>.<\/p>\n<p>Ho evitato anche il controllo della temperatura.<\/p>\n<p>La reazione pi\u00f9 bella \u00e8 stata del conducente del pulman che ho preso per andare a Bari; &#8230;al mio segno di rifiuto ha reagito con un tale entusiasmo che ha detto: &lt;&lt;<em>Brava brava Rossella&#8230;<\/em>&gt;&gt; e sorridendo mi ha preso con gioia i bagagli e li ha riposti nella &#8220;stiva&#8221; (cosa che non ha fatto con nessuno).<\/p>\n<h2>Il viaggio \u00e8 andato per il meglio,<\/h2>\n<p>per me \u00e8 stata la conferma della magia che siamo in grado di creare quando viviamo nella completa consapevolezza di chi siamo, senza alcuna contrazione o dubbio e timore.<br \/>\nQuando raggiungi tale consapevolezza non hai neanche necessit\u00e0 di mostrare i documenti, li rappresenti con tutto il tuo Essere e la magia accade da s\u00e8!!!<\/p>\n<p><em>Un abbraccio affettuoso a tutti.. tra qualche settimana partir\u00f2 per la Francia &#8230;vi far\u00f2 sapere!<\/em><\/p>\n<p>&nbsp;<\/p>\n<p>&nbsp;<\/p>\n<p>Tutti gli articoli della rubrica OPPT 1776 &#8211; New Governance: clicca <a href=\"https:\/\/lbcomunicazione.org\/index.php\/oppt-1776-la-nazione-noi-e-io-sono\/\">QUI<\/a><\/p>\n","protected":false},"excerpt":{"rendered":"<p>Testimonianza: il mio viaggio in Grecia Rossella, 23 febbraio 2021 Il mio viaggio Grecia &#8211; Italia Salve tutti, ho il piacere di condividere con voi l&#8217;esperienza di viaggio che ho avuto ieri utilizzando l&#8217;Universal Pass come&#46;&#46;&#46;<\/p>\n","protected":false},"author":5,"featured_media":7624,"comment_status":"open","ping_status":"closed","sticky":false,"template":"","format":"image","meta":{"footnotes":""},"categories":[703],"tags":[710,705,704],"class_list":["post-7623","post","type-post","status-publish","format-image","has-post-thumbnail","hentry","category-oppt-1776-la-nazione","tag-new-gocernance","tag-noi-e-io-sono","tag-oppt-1776","post_format-post-format-image"],"_links":{"self":[{"href":"https:\/\/lbcomunicazione.org\/index.php\/wp-json\/wp\/v2\/posts\/7623","targetHints":{"allow":["GET"]}}],"collection":[{"href":"https:\/\/lbcomunicazione.org\/index.php\/wp-json\/wp\/v2\/posts"}],"about":[{"href":"https:\/\/lbcomunicazione.org\/index.php\/wp-json\/wp\/v2\/types\/post"}],"author":[{"embeddable":true,"href":"https:\/\/lbcomunicazione.org\/index.php\/wp-json\/wp\/v2\/users\/5"}],"replies":[{"embeddable":true,"href":"https:\/\/lbcomunicazione.org\/index.php\/wp-json\/wp\/v2\/comments?post=7623"}],"version-history":[{"count":0,"href":"https:\/\/lbcomunicazione.org\/index.php\/wp-json\/wp\/v2\/posts\/7623\/revisions"}],"wp:featuredmedia":[{"embeddable":true,"href":"https:\/\/lbcomunicazione.org\/index.php\/wp-json\/wp\/v2\/media\/7624"}],"wp:attachment":[{"href":"https:\/\/lbcomunicazione.org\/index.php\/wp-json\/wp\/v2\/media?parent=7623"}],"wp:term":[{"taxonomy":"category","embeddable":true,"href":"https:\/\/lbcomunicazione.org\/index.php\/wp-json\/wp\/v2\/categories?post=7623"},{"taxonomy":"post_tag","embeddable":true,"href":"https:\/\/lbcomunicazione.org\/index.php\/wp-json\/wp\/v2\/tags?post=7623"}],"curies":[{"name":"wp","href":"https:\/\/api.w.org\/{rel}","templated":true}]}}