{"id":7615,"date":"2021-03-01T22:59:38","date_gmt":"2021-03-01T21:59:38","guid":{"rendered":"http:\/\/lbcomunicazione.org\/?p=7615"},"modified":"2021-03-02T00:18:23","modified_gmt":"2021-03-01T23:18:23","slug":"testimonianza-recupero-crediti","status":"publish","type":"post","link":"https:\/\/lbcomunicazione.org\/index.php\/2021\/03\/01\/testimonianza-recupero-crediti\/","title":{"rendered":"Testimonianza: recupero crediti"},"content":{"rendered":"<h1>Testimonianza: recupero crediti<\/h1>\n<p><em>Mattiuw, 16 febbraio ore 12.40<\/em><\/p>\n<p>Ps. nel testo inseriamo <em>Mario Rossi<\/em> al posto del nome originale<\/p>\n<h2>Squilla il telefono, vedo &#8220;numero anonimo&#8221;&#8230;<\/h2>\n<p>Qualche mese fa col caxx che avrei risposto, ma ora prendo e rispondo senza nessunissimo timore.<\/p>\n<p><strong>io:<\/strong> &lt;&lt;Si? &#8230;chi \u00e8?&gt;&gt;<br \/>\n<strong>Operatore:<\/strong> &lt;&lt;Buongiorno chiamo per conto della Deutsche Bank sto cercando Mario Rossi, \u00e8 lei?&gt;&gt;<br \/>\n<strong>io:<\/strong> &lt;&lt;Buongiorno, lei chi \u00e8?&gt;&gt;<br \/>\n<strong>operatore:<\/strong> &lt;&lt;Chiamo per conto della Deutsche Bank, \u00e8 lei Mario Rossi?&gt;&gt;<br \/>\n<strong>io:<\/strong> &lt;&lt;Quindi lei non \u00e8 la Deutsche Bank?&gt;&gt;<br \/>\n<strong>Operatore:<\/strong> &lt;&lt;Siamo una societ\u00e0 che opera per la banca e ho delle importantissime comunicazioni per il Sig. Mario Rossi, \u00e8 lei? Le comunico che la telefonata \u00e8 registrata!&gt;&gt;<br \/>\n<strong>io:<\/strong> &lt;&lt;Io non sono la finzione giuridica che state cercando ma bens\u00ec un Uomo Vivo in carne, ossa e sangue!&gt;&gt;<br \/>\n<strong>Operatore<\/strong><em>, &#8230;silenzio di circa 15 secondi, &#8230;poi<\/em><strong>:<\/strong> &lt;&lt;Come entro in contatto con la finzione giuridica?&gt;&gt;<br \/>\n<strong>Io:<\/strong> &lt;&lt;Sul contratto della banca era indicato un indirizzo email, questo \u00e8 un numero privato al quale non ho mai dato il consenso al suo utilizzo e ne approfitto, dato che la telefonata \u00e8 registrata, a negare il consenso all&#8217;utilizzo, al mantenimento e trasferimento dei dati della finzione giuridica di cui io sono personalmente e illimitatamente responsabile!&gt;&gt;<br \/>\n<strong>Operatore<\/strong> (<em>balbettava<\/em>)<strong>:<\/strong> &lt;&lt;Non abbiamo l&#8217;email, \u00e8 possibile averla?&gt;&gt;<br \/>\n<strong>io:<\/strong> &lt;&lt;Certamente, rossi@gmail.com&gt;&gt;<br \/>\n<strong>Operatore:<\/strong> &lt;&lt;Invieremo un email, buona giornata!&gt;&gt;<br \/>\n<strong>Io:<\/strong> &lt;&lt;Meravigliosa giornata a lei!&gt;&gt;<\/p>\n<p>Sono le 16:05 e l&#8217;email ancora non \u00e8 arrivata&#8230;<\/p>\n<p><em>Grazie a tutti, sarebbe stato impensabile qualche mese fa!<\/em><\/p>\n<p>&nbsp;<\/p>\n<p>Tutti gli articoli della rubrica OPPT 1776 &#8211; New Governance: clicca <a href=\"https:\/\/lbcomunicazione.org\/index.php\/oppt-1776-new-governace-noi-e-io-sono\/\">QUI<\/a><\/p>\n","protected":false},"excerpt":{"rendered":"<p>Testimonianza: recupero crediti Mattiuw, 16 febbraio ore 12.40 Ps. nel testo inseriamo Mario Rossi al posto del nome originale Squilla il telefono, vedo &#8220;numero anonimo&#8221;&#8230; Qualche mese fa col caxx che avrei risposto, ma ora prendo e rispondo senza nessunissimo timore. io: &lt;&lt;Si? &#8230;chi \u00e8?&gt;&gt; Operatore: &lt;&lt;Buongiorno chiamo per conto della Deutsche Bank sto cercando Mario Rossi, \u00e8 lei?&gt;&gt; io: &lt;&lt;Buongiorno, lei chi \u00e8?&gt;&gt; operatore: &lt;&lt;Chiamo per conto della Deutsche Bank, \u00e8 lei Mario Rossi?&gt;&gt; io: &lt;&lt;Quindi lei non \u00e8 la Deutsche Bank?&gt;&gt; Operatore: &lt;&lt;Siamo una societ\u00e0 che opera per la banca e ho delle importantissime comunicazioni per il Sig. Mario&#46;&#46;&#46;<\/p>\n","protected":false},"author":5,"featured_media":7616,"comment_status":"open","ping_status":"closed","sticky":false,"template":"","format":"image","meta":{"_crdt_document":"","footnotes":""},"categories":[703],"tags":[706,705,704,707],"class_list":["post-7615","post","type-post","status-publish","format-image","has-post-thumbnail","hentry","category-oppt-1776-la-nazione","tag-i-am","tag-noi-e-io-sono","tag-oppt-1776","tag-recupero-crediti","post_format-post-format-image"],"yoast_head":"<!-- This site is optimized with the Yoast SEO plugin v26.9 - https:\/\/yoast.com\/product\/yoast-seo-wordpress\/ -->\n<title>Testimonianza: recupero crediti - blog TG24 la comunicazione<\/title>\n<meta name=\"robots\" content=\"index, follow, max-snippet:-1, max-image-preview:large, max-video-preview:-1\" \/>\n<link rel=\"canonical\" href=\"https:\/\/lbcomunicazione.org\/index.php\/2021\/03\/01\/testimonianza-recupero-crediti\/\" \/>\n<meta property=\"og:locale\" content=\"it_IT\" \/>\n<meta property=\"og:type\" content=\"article\" \/>\n<meta property=\"og:title\" content=\"Testimonianza: recupero crediti - blog TG24 la comunicazione\" \/>\n<meta property=\"og:description\" content=\"Testimonianza: recupero crediti Mattiuw, 16 febbraio ore 12.40 Ps. nel testo inseriamo Mario Rossi al posto del nome originale Squilla il telefono, vedo &#8220;numero anonimo&#8221;&#8230; Qualche mese fa col caxx che avrei risposto, ma ora prendo e rispondo senza nessunissimo timore. io: &lt;&lt;Si? &#8230;chi \u00e8?&gt;&gt; Operatore: &lt;&lt;Buongiorno chiamo per conto della Deutsche Bank sto cercando Mario Rossi, \u00e8 lei?&gt;&gt; io: &lt;&lt;Buongiorno, lei chi \u00e8?&gt;&gt; operatore: &lt;&lt;Chiamo per conto della Deutsche Bank, \u00e8 lei Mario Rossi?&gt;&gt; io: &lt;&lt;Quindi lei non \u00e8 la Deutsche Bank?&gt;&gt; Operatore: &lt;&lt;Siamo una societ\u00e0 che opera per la banca e ho delle importantissime comunicazioni per il Sig. Mario&#046;&#046;&#046;\" \/>\n<meta property=\"og:url\" content=\"https:\/\/lbcomunicazione.org\/index.php\/2021\/03\/01\/testimonianza-recupero-crediti\/\" \/>\n<meta property=\"og:site_name\" content=\"blog TG24 la comunicazione\" \/>\n<meta property=\"article:publisher\" content=\"https:\/\/www.facebook.com\/beezzup\/\" \/>\n<meta property=\"article:published_time\" content=\"2021-03-01T21:59:38+00:00\" \/>\n<meta property=\"article:modified_time\" content=\"2021-03-01T23:18:23+00:00\" \/>\n<meta property=\"og:image\" content=\"https:\/\/lbcomunicazione.org\/wp-content\/uploads\/2021\/03\/testimonianza-recupero-crediti.jpg\" \/>\n\t<meta property=\"og:image:width\" content=\"1174\" \/>\n\t<meta property=\"og:image:height\" content=\"656\" \/>\n\t<meta property=\"og:image:type\" content=\"image\/jpeg\" \/>\n<meta name=\"author\" content=\"La Comunicazione\" \/>\n<meta name=\"twitter:card\" content=\"summary_large_image\" \/>\n<meta name=\"twitter:creator\" content=\"@beezzup\" \/>\n<meta name=\"twitter:site\" content=\"@beezzup\" \/>\n<meta name=\"twitter:label1\" content=\"Scritto da\" \/>\n\t<meta name=\"twitter:data1\" content=\"La Comunicazione\" \/>\n\t<meta name=\"twitter:label2\" content=\"Tempo di lettura stimato\" \/>\n\t<meta name=\"twitter:data2\" content=\"2 minuti\" \/>\n<script type=\"application\/ld+json\" class=\"yoast-schema-graph\">{\"@context\":\"https:\/\/schema.org\",\"@graph\":[{\"@type\":\"Article\",\"@id\":\"https:\/\/lbcomunicazione.org\/index.php\/2021\/03\/01\/testimonianza-recupero-crediti\/#article\",\"isPartOf\":{\"@id\":\"https:\/\/lbcomunicazione.org\/index.php\/2021\/03\/01\/testimonianza-recupero-crediti\/\"},\"author\":{\"name\":\"La Comunicazione\",\"@id\":\"https:\/\/lbcomunicazione.org\/#\/schema\/person\/4778ef7ff2b9c118338053433d8ff990\"},\"headline\":\"Testimonianza: recupero crediti\",\"datePublished\":\"2021-03-01T21:59:38+00:00\",\"dateModified\":\"2021-03-01T23:18:23+00:00\",\"mainEntityOfPage\":{\"@id\":\"https:\/\/lbcomunicazione.org\/index.php\/2021\/03\/01\/testimonianza-recupero-crediti\/\"},\"wordCount\":300,\"commentCount\":0,\"publisher\":{\"@id\":\"https:\/\/lbcomunicazione.org\/#organization\"},\"image\":{\"@id\":\"https:\/\/lbcomunicazione.org\/index.php\/2021\/03\/01\/testimonianza-recupero-crediti\/#primaryimage\"},\"thumbnailUrl\":\"https:\/\/lbcomunicazione.org\/wp-content\/uploads\/2021\/03\/testimonianza-recupero-crediti.jpg\",\"keywords\":[\"I AM\",\"Noi \u00e8 Io Sono\",\"oppt 1776\",\"recupero crediti\"],\"articleSection\":[\"OPPT 1776-La Nazione\"],\"inLanguage\":\"it-IT\",\"potentialAction\":[{\"@type\":\"CommentAction\",\"name\":\"Comment\",\"target\":[\"https:\/\/lbcomunicazione.org\/index.php\/2021\/03\/01\/testimonianza-recupero-crediti\/#respond\"]}]},{\"@type\":\"WebPage\",\"@id\":\"https:\/\/lbcomunicazione.org\/index.php\/2021\/03\/01\/testimonianza-recupero-crediti\/\",\"url\":\"https:\/\/lbcomunicazione.org\/index.php\/2021\/03\/01\/testimonianza-recupero-crediti\/\",\"name\":\"Testimonianza: recupero crediti - blog TG24 la comunicazione\",\"isPartOf\":{\"@id\":\"https:\/\/lbcomunicazione.org\/#website\"},\"primaryImageOfPage\":{\"@id\":\"https:\/\/lbcomunicazione.org\/index.php\/2021\/03\/01\/testimonianza-recupero-crediti\/#primaryimage\"},\"image\":{\"@id\":\"https:\/\/lbcomunicazione.org\/index.php\/2021\/03\/01\/testimonianza-recupero-crediti\/#primaryimage\"},\"thumbnailUrl\":\"https:\/\/lbcomunicazione.org\/wp-content\/uploads\/2021\/03\/testimonianza-recupero-crediti.jpg\",\"datePublished\":\"2021-03-01T21:59:38+00:00\",\"dateModified\":\"2021-03-01T23:18:23+00:00\",\"breadcrumb\":{\"@id\":\"https:\/\/lbcomunicazione.org\/index.php\/2021\/03\/01\/testimonianza-recupero-crediti\/#breadcrumb\"},\"inLanguage\":\"it-IT\",\"potentialAction\":[{\"@type\":\"ReadAction\",\"target\":[\"https:\/\/lbcomunicazione.org\/index.php\/2021\/03\/01\/testimonianza-recupero-crediti\/\"]}]},{\"@type\":\"ImageObject\",\"inLanguage\":\"it-IT\",\"@id\":\"https:\/\/lbcomunicazione.org\/index.php\/2021\/03\/01\/testimonianza-recupero-crediti\/#primaryimage\",\"url\":\"https:\/\/lbcomunicazione.org\/wp-content\/uploads\/2021\/03\/testimonianza-recupero-crediti.jpg\",\"contentUrl\":\"https:\/\/lbcomunicazione.org\/wp-content\/uploads\/2021\/03\/testimonianza-recupero-crediti.jpg\",\"width\":1174,\"height\":656},{\"@type\":\"BreadcrumbList\",\"@id\":\"https:\/\/lbcomunicazione.org\/index.php\/2021\/03\/01\/testimonianza-recupero-crediti\/#breadcrumb\",\"itemListElement\":[{\"@type\":\"ListItem\",\"position\":1,\"name\":\"Home\",\"item\":\"https:\/\/lbcomunicazione.org\/\"},{\"@type\":\"ListItem\",\"position\":2,\"name\":\"Testimonianza: recupero crediti\"}]},{\"@type\":\"WebSite\",\"@id\":\"https:\/\/lbcomunicazione.org\/#website\",\"url\":\"https:\/\/lbcomunicazione.org\/\",\"name\":\"blogTG24lacomunicazione.org\",\"description\":\"Siamo una squadra di blogger, che desiderano dare voce a quelle notizie, realt\u00e0, associazioni, che non sono divulgate dai giornali e media\",\"publisher\":{\"@id\":\"https:\/\/lbcomunicazione.org\/#organization\"},\"potentialAction\":[{\"@type\":\"SearchAction\",\"target\":{\"@type\":\"EntryPoint\",\"urlTemplate\":\"https:\/\/lbcomunicazione.org\/?s={search_term_string}\"},\"query-input\":{\"@type\":\"PropertyValueSpecification\",\"valueRequired\":true,\"valueName\":\"search_term_string\"}}],\"inLanguage\":\"it-IT\"},{\"@type\":\"Organization\",\"@id\":\"https:\/\/lbcomunicazione.org\/#organization\",\"name\":\"blogtg24lacomunicazione\",\"url\":\"https:\/\/lbcomunicazione.org\/\",\"logo\":{\"@type\":\"ImageObject\",\"inLanguage\":\"it-IT\",\"@id\":\"https:\/\/lbcomunicazione.org\/#\/schema\/logo\/image\/\",\"url\":\"https:\/\/lbcomunicazione.org\/wp-content\/uploads\/2019\/01\/logo-cfpblogger.jpg\",\"contentUrl\":\"https:\/\/lbcomunicazione.org\/wp-content\/uploads\/2019\/01\/logo-cfpblogger.jpg\",\"width\":680,\"height\":709,\"caption\":\"blogtg24lacomunicazione\"},\"image\":{\"@id\":\"https:\/\/lbcomunicazione.org\/#\/schema\/logo\/image\/\"},\"sameAs\":[\"https:\/\/www.facebook.com\/beezzup\/\",\"https:\/\/x.com\/beezzup\",\"https:\/\/www.instagram.com\/beezzup\/\",\"https:\/\/www.pinterest.it\/beezzup\/\",\"https:\/\/www.youtube.com\/channel\/UCPeEGg5tKdoyOPK--mGE5Yg\"]},{\"@type\":\"Person\",\"@id\":\"https:\/\/lbcomunicazione.org\/#\/schema\/person\/4778ef7ff2b9c118338053433d8ff990\",\"name\":\"La Comunicazione\",\"image\":{\"@type\":\"ImageObject\",\"inLanguage\":\"it-IT\",\"@id\":\"https:\/\/lbcomunicazione.org\/#\/schema\/person\/image\/\",\"url\":\"https:\/\/secure.gravatar.com\/avatar\/f0acce20d511d66615074096311ea57dff3857daee266619ab652f5b400832d3?s=96&d=mm&r=g\",\"contentUrl\":\"https:\/\/secure.gravatar.com\/avatar\/f0acce20d511d66615074096311ea57dff3857daee266619ab652f5b400832d3?s=96&d=mm&r=g\",\"caption\":\"La Comunicazione\"},\"sameAs\":[\"https:\/\/cloudsystemgroup.com\"],\"url\":\"https:\/\/lbcomunicazione.org\/index.php\/author\/stefano\/\"}]}<\/script>\n<!-- \/ Yoast SEO plugin. -->","yoast_head_json":{"title":"Testimonianza: recupero crediti - blog TG24 la comunicazione","robots":{"index":"index","follow":"follow","max-snippet":"max-snippet:-1","max-image-preview":"max-image-preview:large","max-video-preview":"max-video-preview:-1"},"canonical":"https:\/\/lbcomunicazione.org\/index.php\/2021\/03\/01\/testimonianza-recupero-crediti\/","og_locale":"it_IT","og_type":"article","og_title":"Testimonianza: recupero crediti - blog TG24 la comunicazione","og_description":"Testimonianza: recupero crediti Mattiuw, 16 febbraio ore 12.40 Ps. nel testo inseriamo Mario Rossi al posto del nome originale Squilla il telefono, vedo &#8220;numero anonimo&#8221;&#8230; Qualche mese fa col caxx che avrei risposto, ma ora prendo e rispondo senza nessunissimo timore. io: &lt;&lt;Si? &#8230;chi \u00e8?&gt;&gt; Operatore: &lt;&lt;Buongiorno chiamo per conto della Deutsche Bank sto cercando Mario Rossi, \u00e8 lei?&gt;&gt; io: &lt;&lt;Buongiorno, lei chi \u00e8?&gt;&gt; operatore: &lt;&lt;Chiamo per conto della Deutsche Bank, \u00e8 lei Mario Rossi?&gt;&gt; io: &lt;&lt;Quindi lei non \u00e8 la Deutsche Bank?&gt;&gt; Operatore: &lt;&lt;Siamo una societ\u00e0 che opera per la banca e ho delle importantissime comunicazioni per il Sig. Mario&#46;&#46;&#46;","og_url":"https:\/\/lbcomunicazione.org\/index.php\/2021\/03\/01\/testimonianza-recupero-crediti\/","og_site_name":"blog TG24 la comunicazione","article_publisher":"https:\/\/www.facebook.com\/beezzup\/","article_published_time":"2021-03-01T21:59:38+00:00","article_modified_time":"2021-03-01T23:18:23+00:00","og_image":[{"width":1174,"height":656,"url":"https:\/\/lbcomunicazione.org\/wp-content\/uploads\/2021\/03\/testimonianza-recupero-crediti.jpg","type":"image\/jpeg"}],"author":"La Comunicazione","twitter_card":"summary_large_image","twitter_creator":"@beezzup","twitter_site":"@beezzup","twitter_misc":{"Scritto da":"La Comunicazione","Tempo di lettura stimato":"2 minuti"},"schema":{"@context":"https:\/\/schema.org","@graph":[{"@type":"Article","@id":"https:\/\/lbcomunicazione.org\/index.php\/2021\/03\/01\/testimonianza-recupero-crediti\/#article","isPartOf":{"@id":"https:\/\/lbcomunicazione.org\/index.php\/2021\/03\/01\/testimonianza-recupero-crediti\/"},"author":{"name":"La Comunicazione","@id":"https:\/\/lbcomunicazione.org\/#\/schema\/person\/4778ef7ff2b9c118338053433d8ff990"},"headline":"Testimonianza: recupero crediti","datePublished":"2021-03-01T21:59:38+00:00","dateModified":"2021-03-01T23:18:23+00:00","mainEntityOfPage":{"@id":"https:\/\/lbcomunicazione.org\/index.php\/2021\/03\/01\/testimonianza-recupero-crediti\/"},"wordCount":300,"commentCount":0,"publisher":{"@id":"https:\/\/lbcomunicazione.org\/#organization"},"image":{"@id":"https:\/\/lbcomunicazione.org\/index.php\/2021\/03\/01\/testimonianza-recupero-crediti\/#primaryimage"},"thumbnailUrl":"https:\/\/lbcomunicazione.org\/wp-content\/uploads\/2021\/03\/testimonianza-recupero-crediti.jpg","keywords":["I AM","Noi \u00e8 Io Sono","oppt 1776","recupero crediti"],"articleSection":["OPPT 1776-La Nazione"],"inLanguage":"it-IT","potentialAction":[{"@type":"CommentAction","name":"Comment","target":["https:\/\/lbcomunicazione.org\/index.php\/2021\/03\/01\/testimonianza-recupero-crediti\/#respond"]}]},{"@type":"WebPage","@id":"https:\/\/lbcomunicazione.org\/index.php\/2021\/03\/01\/testimonianza-recupero-crediti\/","url":"https:\/\/lbcomunicazione.org\/index.php\/2021\/03\/01\/testimonianza-recupero-crediti\/","name":"Testimonianza: recupero crediti - blog TG24 la comunicazione","isPartOf":{"@id":"https:\/\/lbcomunicazione.org\/#website"},"primaryImageOfPage":{"@id":"https:\/\/lbcomunicazione.org\/index.php\/2021\/03\/01\/testimonianza-recupero-crediti\/#primaryimage"},"image":{"@id":"https:\/\/lbcomunicazione.org\/index.php\/2021\/03\/01\/testimonianza-recupero-crediti\/#primaryimage"},"thumbnailUrl":"https:\/\/lbcomunicazione.org\/wp-content\/uploads\/2021\/03\/testimonianza-recupero-crediti.jpg","datePublished":"2021-03-01T21:59:38+00:00","dateModified":"2021-03-01T23:18:23+00:00","breadcrumb":{"@id":"https:\/\/lbcomunicazione.org\/index.php\/2021\/03\/01\/testimonianza-recupero-crediti\/#breadcrumb"},"inLanguage":"it-IT","potentialAction":[{"@type":"ReadAction","target":["https:\/\/lbcomunicazione.org\/index.php\/2021\/03\/01\/testimonianza-recupero-crediti\/"]}]},{"@type":"ImageObject","inLanguage":"it-IT","@id":"https:\/\/lbcomunicazione.org\/index.php\/2021\/03\/01\/testimonianza-recupero-crediti\/#primaryimage","url":"https:\/\/lbcomunicazione.org\/wp-content\/uploads\/2021\/03\/testimonianza-recupero-crediti.jpg","contentUrl":"https:\/\/lbcomunicazione.org\/wp-content\/uploads\/2021\/03\/testimonianza-recupero-crediti.jpg","width":1174,"height":656},{"@type":"BreadcrumbList","@id":"https:\/\/lbcomunicazione.org\/index.php\/2021\/03\/01\/testimonianza-recupero-crediti\/#breadcrumb","itemListElement":[{"@type":"ListItem","position":1,"name":"Home","item":"https:\/\/lbcomunicazione.org\/"},{"@type":"ListItem","position":2,"name":"Testimonianza: recupero crediti"}]},{"@type":"WebSite","@id":"https:\/\/lbcomunicazione.org\/#website","url":"https:\/\/lbcomunicazione.org\/","name":"blogTG24lacomunicazione.org","description":"Siamo una squadra di blogger, che desiderano dare voce a quelle notizie, realt\u00e0, associazioni, che non sono divulgate dai giornali e media","publisher":{"@id":"https:\/\/lbcomunicazione.org\/#organization"},"potentialAction":[{"@type":"SearchAction","target":{"@type":"EntryPoint","urlTemplate":"https:\/\/lbcomunicazione.org\/?s={search_term_string}"},"query-input":{"@type":"PropertyValueSpecification","valueRequired":true,"valueName":"search_term_string"}}],"inLanguage":"it-IT"},{"@type":"Organization","@id":"https:\/\/lbcomunicazione.org\/#organization","name":"blogtg24lacomunicazione","url":"https:\/\/lbcomunicazione.org\/","logo":{"@type":"ImageObject","inLanguage":"it-IT","@id":"https:\/\/lbcomunicazione.org\/#\/schema\/logo\/image\/","url":"https:\/\/lbcomunicazione.org\/wp-content\/uploads\/2019\/01\/logo-cfpblogger.jpg","contentUrl":"https:\/\/lbcomunicazione.org\/wp-content\/uploads\/2019\/01\/logo-cfpblogger.jpg","width":680,"height":709,"caption":"blogtg24lacomunicazione"},"image":{"@id":"https:\/\/lbcomunicazione.org\/#\/schema\/logo\/image\/"},"sameAs":["https:\/\/www.facebook.com\/beezzup\/","https:\/\/x.com\/beezzup","https:\/\/www.instagram.com\/beezzup\/","https:\/\/www.pinterest.it\/beezzup\/","https:\/\/www.youtube.com\/channel\/UCPeEGg5tKdoyOPK--mGE5Yg"]},{"@type":"Person","@id":"https:\/\/lbcomunicazione.org\/#\/schema\/person\/4778ef7ff2b9c118338053433d8ff990","name":"La Comunicazione","image":{"@type":"ImageObject","inLanguage":"it-IT","@id":"https:\/\/lbcomunicazione.org\/#\/schema\/person\/image\/","url":"https:\/\/secure.gravatar.com\/avatar\/f0acce20d511d66615074096311ea57dff3857daee266619ab652f5b400832d3?s=96&d=mm&r=g","contentUrl":"https:\/\/secure.gravatar.com\/avatar\/f0acce20d511d66615074096311ea57dff3857daee266619ab652f5b400832d3?s=96&d=mm&r=g","caption":"La Comunicazione"},"sameAs":["https:\/\/cloudsystemgroup.com"],"url":"https:\/\/lbcomunicazione.org\/index.php\/author\/stefano\/"}]}},"_links":{"self":[{"href":"https:\/\/lbcomunicazione.org\/index.php\/wp-json\/wp\/v2\/posts\/7615","targetHints":{"allow":["GET"]}}],"collection":[{"href":"https:\/\/lbcomunicazione.org\/index.php\/wp-json\/wp\/v2\/posts"}],"about":[{"href":"https:\/\/lbcomunicazione.org\/index.php\/wp-json\/wp\/v2\/types\/post"}],"author":[{"embeddable":true,"href":"https:\/\/lbcomunicazione.org\/index.php\/wp-json\/wp\/v2\/users\/5"}],"replies":[{"embeddable":true,"href":"https:\/\/lbcomunicazione.org\/index.php\/wp-json\/wp\/v2\/comments?post=7615"}],"version-history":[{"count":0,"href":"https:\/\/lbcomunicazione.org\/index.php\/wp-json\/wp\/v2\/posts\/7615\/revisions"}],"wp:featuredmedia":[{"embeddable":true,"href":"https:\/\/lbcomunicazione.org\/index.php\/wp-json\/wp\/v2\/media\/7616"}],"wp:attachment":[{"href":"https:\/\/lbcomunicazione.org\/index.php\/wp-json\/wp\/v2\/media?parent=7615"}],"wp:term":[{"taxonomy":"category","embeddable":true,"href":"https:\/\/lbcomunicazione.org\/index.php\/wp-json\/wp\/v2\/categories?post=7615"},{"taxonomy":"post_tag","embeddable":true,"href":"https:\/\/lbcomunicazione.org\/index.php\/wp-json\/wp\/v2\/tags?post=7615"}],"curies":[{"name":"wp","href":"https:\/\/api.w.org\/{rel}","templated":true}]}}