{"id":7511,"date":"2021-01-01T20:22:10","date_gmt":"2021-01-01T19:22:10","guid":{"rendered":"http:\/\/lbcomunicazione.org\/?p=7511"},"modified":"2021-01-01T20:22:10","modified_gmt":"2021-01-01T19:22:10","slug":"la-cultura-ora-viaggia-alla-velocita-di-zoom","status":"publish","type":"post","link":"https:\/\/lbcomunicazione.org\/index.php\/2021\/01\/01\/la-cultura-ora-viaggia-alla-velocita-di-zoom\/","title":{"rendered":"La cultura ora viaggia alla velocit\u00e0 di zoom"},"content":{"rendered":"<p>Ho assistito a un utilizzo per me utile di una video conferenza zoom per una RIUNIONE CULTURALE in provincia di Asti e ho scoperto nuovi autori di Libri e Poesie legati in qualche modo al territorio, con un filo conduttore comune: il viaggio.<\/p>\n<p>Egregiamente accompagnati da Silvio Cren ecco gli autori che ci sono stati presentati:<\/p>\n<p>&#8211; Ilario Lancini<br \/>\nLibro &#8220;DENIS&#8221;, scritto in un momento difficile della vita, un libro che vuole manifestare e trasmutare un dolore che non viene mai &#8220;risolto&#8221; ma trova un canale per accompagnare una famiglia e chi si trova ad affrontare la cosa pi\u00f9 difficile che si possa trovare sul proprio cammino<\/p>\n<p><img loading=\"lazy\" decoding=\"async\" class=\"size-medium wp-image-7512 aligncenter\" src=\"https:\/\/lbcomunicazione.org\/wp-content\/uploads\/2021\/01\/libro-DENIS-212x300.jpg\" alt=\"\" width=\"212\" height=\"300\" srcset=\"https:\/\/lbcomunicazione.org\/wp-content\/uploads\/2021\/01\/libro-DENIS-212x300.jpg 212w, https:\/\/lbcomunicazione.org\/wp-content\/uploads\/2021\/01\/libro-DENIS-725x1024.jpg 725w, https:\/\/lbcomunicazione.org\/wp-content\/uploads\/2021\/01\/libro-DENIS-768x1084.jpg 768w, https:\/\/lbcomunicazione.org\/wp-content\/uploads\/2021\/01\/libro-DENIS-1088x1536.jpg 1088w, https:\/\/lbcomunicazione.org\/wp-content\/uploads\/2021\/01\/libro-DENIS-1451x2048.jpg 1451w, https:\/\/lbcomunicazione.org\/wp-content\/uploads\/2021\/01\/libro-DENIS-520x734.jpg 520w, https:\/\/lbcomunicazione.org\/wp-content\/uploads\/2021\/01\/libro-DENIS.jpg 1663w\" sizes=\"auto, (max-width: 212px) 100vw, 212px\" \/><br \/>\n-Flora Crosara<br \/>\nLibro &#8220;Uno sguardo sulla VITA storie di donne&#8221;, professoressa in pensione, Flora si lancia nel mondo della scrittura con passione e entusiasmo, in realt\u00e0 lo ha sempre desiderato e ci \u00e8 riuscita molto bene. Le storie che lascia in eredit\u00e0 alle nuove generazioni con questo libro sono preziose per i riferimenti storici e i contenuti emozionali.\u00a0 Letteratura alternativa edizioni<\/p>\n<p><img loading=\"lazy\" decoding=\"async\" class=\"size-medium wp-image-7515 aligncenter\" src=\"https:\/\/lbcomunicazione.org\/wp-content\/uploads\/2021\/01\/Uno-sguardo-sulla-vita-di-Flora-Crosara-215x300.jpg\" alt=\"\" width=\"215\" height=\"300\" srcset=\"https:\/\/lbcomunicazione.org\/wp-content\/uploads\/2021\/01\/Uno-sguardo-sulla-vita-di-Flora-Crosara-215x300.jpg 215w, https:\/\/lbcomunicazione.org\/wp-content\/uploads\/2021\/01\/Uno-sguardo-sulla-vita-di-Flora-Crosara-734x1024.jpg 734w, https:\/\/lbcomunicazione.org\/wp-content\/uploads\/2021\/01\/Uno-sguardo-sulla-vita-di-Flora-Crosara-768x1072.jpg 768w, https:\/\/lbcomunicazione.org\/wp-content\/uploads\/2021\/01\/Uno-sguardo-sulla-vita-di-Flora-Crosara-520x726.jpg 520w, https:\/\/lbcomunicazione.org\/wp-content\/uploads\/2021\/01\/Uno-sguardo-sulla-vita-di-Flora-Crosara.jpg 917w\" sizes=\"auto, (max-width: 215px) 100vw, 215px\" \/><br \/>\n-Ganga Dasi<br \/>\nLibro &#8220;Il corvo e il mare&#8221;&#8230;Sofia ha cinquant\u2019 anni quando decide di lasciare Londra, la citt\u00e0 che per sette anni \u00e8 stata la sua casa, per raggiungere prima l\u2019Africa e poi l\u2019India e scappare cos\u00ec dalla prigione dorata fatta di comodit\u00e0 e certezze nella quale si era rinchiusa. Un viaggio che sar\u00e0 soprattutto \u201cscoperta\u201d: di luoghi, di civilt\u00e0, di riti, del proprio essere.<br \/>\nCon\u00a0<em>Il corvo e il mare<\/em> Ganga Dasi risponde alla domanda fondamentale che accompagna ogni nostra partenza: cosa signica viaggiare?&#8230;ed.Albatros<\/p>\n<p>Di viaggi l&#8217;autrice se ne intende, basta buttare l&#8217;occhio sul suo sito <a href=\"http:\/\/www.viaggialfemminile.com\/\">http:\/\/www.viaggialfemminile.com\/<\/a><\/p>\n<p><img loading=\"lazy\" decoding=\"async\" class=\"size-medium wp-image-7513 aligncenter\" src=\"https:\/\/lbcomunicazione.org\/wp-content\/uploads\/2021\/01\/il-corvo-e-il-mare-Ganga-Dasi-196x300.jpg\" alt=\"\" width=\"196\" height=\"300\" srcset=\"https:\/\/lbcomunicazione.org\/wp-content\/uploads\/2021\/01\/il-corvo-e-il-mare-Ganga-Dasi-196x300.jpg 196w, https:\/\/lbcomunicazione.org\/wp-content\/uploads\/2021\/01\/il-corvo-e-il-mare-Ganga-Dasi-670x1024.jpg 670w, https:\/\/lbcomunicazione.org\/wp-content\/uploads\/2021\/01\/il-corvo-e-il-mare-Ganga-Dasi-768x1174.jpg 768w, https:\/\/lbcomunicazione.org\/wp-content\/uploads\/2021\/01\/il-corvo-e-il-mare-Ganga-Dasi-520x795.jpg 520w, https:\/\/lbcomunicazione.org\/wp-content\/uploads\/2021\/01\/il-corvo-e-il-mare-Ganga-Dasi.jpg 837w\" sizes=\"auto, (max-width: 196px) 100vw, 196px\" \/><br \/>\n-Valentina Barbera<br \/>\nLibro &#8221; Torna da me&#8221; un libro nato da un&#8217;esperienza personale della &#8220;mamma&#8221; Valentina che ha dato vita a una storia di un viaggio inaspettato, introspettivo e spirituale. ed. Paoline editoriale libri<\/p>\n<p><img loading=\"lazy\" decoding=\"async\" class=\"size-medium wp-image-7516 aligncenter\" src=\"https:\/\/lbcomunicazione.org\/wp-content\/uploads\/2021\/01\/Torna-da-me-di-Valentina-Barbera-234x300.jpg\" alt=\"\" width=\"234\" height=\"300\" srcset=\"https:\/\/lbcomunicazione.org\/wp-content\/uploads\/2021\/01\/Torna-da-me-di-Valentina-Barbera-234x300.jpg 234w, https:\/\/lbcomunicazione.org\/wp-content\/uploads\/2021\/01\/Torna-da-me-di-Valentina-Barbera-520x665.jpg 520w, https:\/\/lbcomunicazione.org\/wp-content\/uploads\/2021\/01\/Torna-da-me-di-Valentina-Barbera.jpg 640w\" sizes=\"auto, (max-width: 234px) 100vw, 234px\" \/><br \/>\n-Emanuele Smorta<br \/>\nLibro &#8220;Logos Poesie&#8221;, l&#8217;autore che ha tanto viaggiato, visto, vissuto si esprime con disinvoltura e passione con brani poetici che arrivano immediatamente al lettore. Dantebus edizioni<\/p>\n<p><img loading=\"lazy\" decoding=\"async\" class=\"size-medium wp-image-7514 aligncenter\" src=\"https:\/\/lbcomunicazione.org\/wp-content\/uploads\/2021\/01\/logos-poesia-225x300.jpg\" alt=\"\" width=\"225\" height=\"300\" srcset=\"https:\/\/lbcomunicazione.org\/wp-content\/uploads\/2021\/01\/logos-poesia-225x300.jpg 225w, https:\/\/lbcomunicazione.org\/wp-content\/uploads\/2021\/01\/logos-poesia-768x1024.jpg 768w, https:\/\/lbcomunicazione.org\/wp-content\/uploads\/2021\/01\/logos-poesia-520x693.jpg 520w, https:\/\/lbcomunicazione.org\/wp-content\/uploads\/2021\/01\/logos-poesia.jpg 960w\" sizes=\"auto, (max-width: 225px) 100vw, 225px\" \/><\/p>\n<p>&nbsp;<\/p>\n","protected":false},"excerpt":{"rendered":"<p>Ho assistito a un utilizzo per me utile di una video conferenza zoom per una RIUNIONE CULTURALE in provincia di Asti e ho scoperto nuovi autori di Libri e Poesie legati in qualche modo al territorio,&#46;&#46;&#46;<\/p>\n","protected":false},"author":35,"featured_media":7517,"comment_status":"open","ping_status":"closed","sticky":false,"template":"","format":"image","meta":{"footnotes":""},"categories":[71,31],"tags":[700,699],"class_list":["post-7511","post","type-post","status-publish","format-image","has-post-thumbnail","hentry","category-cultura","category-sociale","tag-asti","tag-libri","post_format-post-format-image"],"_links":{"self":[{"href":"https:\/\/lbcomunicazione.org\/index.php\/wp-json\/wp\/v2\/posts\/7511","targetHints":{"allow":["GET"]}}],"collection":[{"href":"https:\/\/lbcomunicazione.org\/index.php\/wp-json\/wp\/v2\/posts"}],"about":[{"href":"https:\/\/lbcomunicazione.org\/index.php\/wp-json\/wp\/v2\/types\/post"}],"author":[{"embeddable":true,"href":"https:\/\/lbcomunicazione.org\/index.php\/wp-json\/wp\/v2\/users\/35"}],"replies":[{"embeddable":true,"href":"https:\/\/lbcomunicazione.org\/index.php\/wp-json\/wp\/v2\/comments?post=7511"}],"version-history":[{"count":0,"href":"https:\/\/lbcomunicazione.org\/index.php\/wp-json\/wp\/v2\/posts\/7511\/revisions"}],"wp:featuredmedia":[{"embeddable":true,"href":"https:\/\/lbcomunicazione.org\/index.php\/wp-json\/wp\/v2\/media\/7517"}],"wp:attachment":[{"href":"https:\/\/lbcomunicazione.org\/index.php\/wp-json\/wp\/v2\/media?parent=7511"}],"wp:term":[{"taxonomy":"category","embeddable":true,"href":"https:\/\/lbcomunicazione.org\/index.php\/wp-json\/wp\/v2\/categories?post=7511"},{"taxonomy":"post_tag","embeddable":true,"href":"https:\/\/lbcomunicazione.org\/index.php\/wp-json\/wp\/v2\/tags?post=7511"}],"curies":[{"name":"wp","href":"https:\/\/api.w.org\/{rel}","templated":true}]}}