{"id":7476,"date":"2020-12-28T14:26:43","date_gmt":"2020-12-28T13:26:43","guid":{"rendered":"http:\/\/lbcomunicazione.org\/?p=7476"},"modified":"2020-12-28T14:26:43","modified_gmt":"2020-12-28T13:26:43","slug":"fai-la-differenza-vivi-nellanima","status":"publish","type":"post","link":"https:\/\/lbcomunicazione.org\/index.php\/2020\/12\/28\/fai-la-differenza-vivi-nellanima\/","title":{"rendered":"Fai la differenza&#8230;Vivi nell&#8217;Anima!"},"content":{"rendered":"<p><em><strong>Ho capito che non \u00e8 scendendo in campo in prima fila che si possa fare la differenza, ma scendendo dentro l&#8217;anima&#8230;<\/strong><\/em><\/p>\n<p><!--more--><\/p>\n<h2>Un bivio&#8230;<\/h2>\n<h3>Sono arrivata ad un bivio&#8230;<\/h3>\n<div id=\"attachment_7481\" style=\"width: 310px\" class=\"wp-caption alignleft\"><img loading=\"lazy\" decoding=\"async\" aria-describedby=\"caption-attachment-7481\" class=\"wp-image-7481 size-medium\" src=\"https:\/\/lbcomunicazione.org\/wp-content\/uploads\/2020\/12\/ship-1366926_1920-300x169.jpg\" alt=\"\" width=\"300\" height=\"169\" srcset=\"https:\/\/lbcomunicazione.org\/wp-content\/uploads\/2020\/12\/ship-1366926_1920-300x169.jpg 300w, https:\/\/lbcomunicazione.org\/wp-content\/uploads\/2020\/12\/ship-1366926_1920-1024x576.jpg 1024w, https:\/\/lbcomunicazione.org\/wp-content\/uploads\/2020\/12\/ship-1366926_1920-768x432.jpg 768w, https:\/\/lbcomunicazione.org\/wp-content\/uploads\/2020\/12\/ship-1366926_1920-1536x864.jpg 1536w, https:\/\/lbcomunicazione.org\/wp-content\/uploads\/2020\/12\/ship-1366926_1920-520x293.jpg 520w, https:\/\/lbcomunicazione.org\/wp-content\/uploads\/2020\/12\/ship-1366926_1920.jpg 1920w\" sizes=\"auto, (max-width: 300px) 100vw, 300px\" \/><p id=\"caption-attachment-7481\" class=\"wp-caption-text\">Un mare in tempesta&#8230;<\/p><\/div>\n<p>Un bivio dove mi accorgo che la decisione da prendere possa veramente fare la differenza, almeno per quel che riguarda me.<\/p>\n<p>Mi sono fatta conoscere come una persona combattiva, disposta a metterci la faccia, a scendere in campo in avanscoperta, e comunque ho sempre avuto l\u2019istinto di non riuscire ad accettare tutto ci\u00f2 che \u00e8 falsit\u00e0, ingiustizia, incoerenza.<\/p>\n<p>Mi rendo conto che non \u00e8 facile per molti di noi riuscire a navigare in questo mare in tempesta e, soprattutto ultimamente, con questa visione dei valori molto subdola e ipocrita\u2026<\/p>\n<p>Una vera tristezza, purtroppo.<\/p>\n<h2>Un nuovo mondo&#8230;<\/h2>\n<div id=\"attachment_7482\" style=\"width: 310px\" class=\"wp-caption alignright\"><img loading=\"lazy\" decoding=\"async\" aria-describedby=\"caption-attachment-7482\" class=\"wp-image-7482 size-medium\" src=\"https:\/\/lbcomunicazione.org\/wp-content\/uploads\/2020\/12\/sunset-2205553_1920-300x199.jpg\" alt=\"\" width=\"300\" height=\"199\" srcset=\"https:\/\/lbcomunicazione.org\/wp-content\/uploads\/2020\/12\/sunset-2205553_1920-300x199.jpg 300w, https:\/\/lbcomunicazione.org\/wp-content\/uploads\/2020\/12\/sunset-2205553_1920-1024x680.jpg 1024w, https:\/\/lbcomunicazione.org\/wp-content\/uploads\/2020\/12\/sunset-2205553_1920-768x510.jpg 768w, https:\/\/lbcomunicazione.org\/wp-content\/uploads\/2020\/12\/sunset-2205553_1920-1536x1020.jpg 1536w, https:\/\/lbcomunicazione.org\/wp-content\/uploads\/2020\/12\/sunset-2205553_1920-520x345.jpg 520w, https:\/\/lbcomunicazione.org\/wp-content\/uploads\/2020\/12\/sunset-2205553_1920.jpg 1920w\" sizes=\"auto, (max-width: 300px) 100vw, 300px\" \/><p id=\"caption-attachment-7482\" class=\"wp-caption-text\">Saper vedere&#8230;<\/p><\/div>\n<p>Ci\u00f2 non toglie che, anche se questa tempesta si stia facendo sentire sempre pi\u00f9 intensamente, dall\u2019altra parte un nuovo mondo sta nascendo\u2026<em><strong>per chi lo sa vedere<\/strong><\/em>!<\/p>\n<p>All\u2019apparenza si gioca a scacchi, una gara per vedere chi \u00e8 pi\u00f9 scaltro, pi\u00f9 sveglio, vincente, profondo\u2026<\/p>\n<p>Anche nelle piccole discussioni sulle semplici chat dei social, ad esempio.<\/p>\n<p>Dall\u2019altra parte, molti di noi si stanno avviando in una direzione apparentemente suicida, perch\u00e9 sembra che a loro non interessi nulla di ci\u00f2 che accade..<\/p>\n<p>Invece si ritrovano a mettere in luce proprio questo nuovo mondo, questo cambiamento in atto che porta alla scoperta dell&#8217; essenza, dell&#8217; anima.<\/p>\n<h2>A propria immagine&#8230;<\/h2>\n<div id=\"attachment_7485\" style=\"width: 310px\" class=\"wp-caption alignleft\"><img loading=\"lazy\" decoding=\"async\" aria-describedby=\"caption-attachment-7485\" class=\"wp-image-7485 size-medium\" src=\"https:\/\/lbcomunicazione.org\/wp-content\/uploads\/2020\/12\/childrens-eyes-1914519_1920-300x187.jpg\" alt=\"\" width=\"300\" height=\"187\" srcset=\"https:\/\/lbcomunicazione.org\/wp-content\/uploads\/2020\/12\/childrens-eyes-1914519_1920-300x187.jpg 300w, https:\/\/lbcomunicazione.org\/wp-content\/uploads\/2020\/12\/childrens-eyes-1914519_1920-1024x639.jpg 1024w, https:\/\/lbcomunicazione.org\/wp-content\/uploads\/2020\/12\/childrens-eyes-1914519_1920-768x480.jpg 768w, https:\/\/lbcomunicazione.org\/wp-content\/uploads\/2020\/12\/childrens-eyes-1914519_1920-1536x959.jpg 1536w, https:\/\/lbcomunicazione.org\/wp-content\/uploads\/2020\/12\/childrens-eyes-1914519_1920-520x325.jpg 520w, https:\/\/lbcomunicazione.org\/wp-content\/uploads\/2020\/12\/childrens-eyes-1914519_1920.jpg 1920w\" sizes=\"auto, (max-width: 300px) 100vw, 300px\" \/><p id=\"caption-attachment-7485\" class=\"wp-caption-text\">Un continuo dolore&#8230;<\/p><\/div>\n<p>Ora mi chiedo semplicemente se l\u2019essere uniti non sia solo un modo di trasformare le persone a propria immagine, con i propri pensieri, gusti, oppure riconoscere in esse l\u2019anima, l\u2019essenza, aldil\u00e0 delle apparenze.<\/p>\n<p>Vivere nell\u2019illusione ci porta a vivere nelle apparenze, e quindi a continuare a creare caos, a creare distanze.<\/p>\n<p>E\u2019 troppo comodo giudicare in base alle apparenze, e purtroppo lo si fa spesso in buona fede causando continuo dolore.<\/p>\n<p><em>Ho capito che non \u00e8 scendendo in campo in prima fila che posso fare la differenza, ma scendendo dentro di me sempre pi\u00f9 nel profondo, in luoghi ancora sconosciuti dove risiede l\u2019anima, che posso fare la differenza.<\/em><\/p>\n<p>&nbsp;<\/p>\n<h2>Gli occhi dell&#8217;anima&#8230;<\/h2>\n<div id=\"attachment_7486\" style=\"width: 211px\" class=\"wp-caption alignright\"><img loading=\"lazy\" decoding=\"async\" aria-describedby=\"caption-attachment-7486\" class=\"wp-image-7486 size-medium\" src=\"https:\/\/lbcomunicazione.org\/wp-content\/uploads\/2020\/12\/heart-1783918_1920-201x300.jpg\" alt=\"\" width=\"201\" height=\"300\" srcset=\"https:\/\/lbcomunicazione.org\/wp-content\/uploads\/2020\/12\/heart-1783918_1920-201x300.jpg 201w, https:\/\/lbcomunicazione.org\/wp-content\/uploads\/2020\/12\/heart-1783918_1920-686x1024.jpg 686w, https:\/\/lbcomunicazione.org\/wp-content\/uploads\/2020\/12\/heart-1783918_1920-768x1147.jpg 768w, https:\/\/lbcomunicazione.org\/wp-content\/uploads\/2020\/12\/heart-1783918_1920-1029x1536.jpg 1029w, https:\/\/lbcomunicazione.org\/wp-content\/uploads\/2020\/12\/heart-1783918_1920-520x776.jpg 520w, https:\/\/lbcomunicazione.org\/wp-content\/uploads\/2020\/12\/heart-1783918_1920.jpg 1286w\" sizes=\"auto, (max-width: 201px) 100vw, 201px\" \/><p id=\"caption-attachment-7486\" class=\"wp-caption-text\">Alla scoperta di s\u00e9&#8230;<\/p><\/div>\n<p>&nbsp;<\/p>\n<p>Guardare gli altri con gli occhi dell\u2019anima \u00e8 molto, ma molto di pi\u00f9 che guardarli con gli occhi dell\u2019illusione.<\/p>\n<blockquote>\n<h3>L\u2019illusione crea separazione, mentre l\u2019anima crea unione.<\/h3>\n<\/blockquote>\n<p>Rabbia, rancore, odio, tensione, incitazione a \u201csvegliarsi\u201d nel modo classico, mentale, non \u00e8 animico.<\/p>\n<p>Io non posso volere che l\u2019altro sia a mia immagine, perch\u00e9 \u00e8 controproducente e manipolatorio.<\/p>\n<p>Io posso solo volere che anche l\u2019altro percorra il cammino alla scoperta di s\u00e9, della propria anima.<\/p>\n<p>Per altri articoli di Pittrice di parole, clicca <a href=\"https:\/\/lbcomunicazione.org\/index.php\/pittricediparole\/\">QUI<\/a><\/p>\n<p>&nbsp;<\/p>\n<p>&nbsp;<\/p>\n<p>&nbsp;<\/p>\n","protected":false},"excerpt":{"rendered":"<p>Ho capito che non \u00e8 scendendo in campo in prima fila che si possa fare la differenza, ma scendendo dentro l&#8217;anima&#8230;<\/p>\n","protected":false},"author":12,"featured_media":7480,"comment_status":"open","ping_status":"closed","sticky":false,"template":"","format":"image","meta":{"footnotes":""},"categories":[181],"tags":[337,698],"class_list":["post-7476","post","type-post","status-publish","format-image","has-post-thumbnail","hentry","category-riflessioni","tag-anima","tag-differenza","post_format-post-format-image"],"_links":{"self":[{"href":"https:\/\/lbcomunicazione.org\/index.php\/wp-json\/wp\/v2\/posts\/7476","targetHints":{"allow":["GET"]}}],"collection":[{"href":"https:\/\/lbcomunicazione.org\/index.php\/wp-json\/wp\/v2\/posts"}],"about":[{"href":"https:\/\/lbcomunicazione.org\/index.php\/wp-json\/wp\/v2\/types\/post"}],"author":[{"embeddable":true,"href":"https:\/\/lbcomunicazione.org\/index.php\/wp-json\/wp\/v2\/users\/12"}],"replies":[{"embeddable":true,"href":"https:\/\/lbcomunicazione.org\/index.php\/wp-json\/wp\/v2\/comments?post=7476"}],"version-history":[{"count":0,"href":"https:\/\/lbcomunicazione.org\/index.php\/wp-json\/wp\/v2\/posts\/7476\/revisions"}],"wp:featuredmedia":[{"embeddable":true,"href":"https:\/\/lbcomunicazione.org\/index.php\/wp-json\/wp\/v2\/media\/7480"}],"wp:attachment":[{"href":"https:\/\/lbcomunicazione.org\/index.php\/wp-json\/wp\/v2\/media?parent=7476"}],"wp:term":[{"taxonomy":"category","embeddable":true,"href":"https:\/\/lbcomunicazione.org\/index.php\/wp-json\/wp\/v2\/categories?post=7476"},{"taxonomy":"post_tag","embeddable":true,"href":"https:\/\/lbcomunicazione.org\/index.php\/wp-json\/wp\/v2\/tags?post=7476"}],"curies":[{"name":"wp","href":"https:\/\/api.w.org\/{rel}","templated":true}]}}