{"id":7425,"date":"2021-01-01T21:42:37","date_gmt":"2021-01-01T20:42:37","guid":{"rendered":"http:\/\/lbcomunicazione.org\/?p=7425"},"modified":"2021-01-01T22:51:20","modified_gmt":"2021-01-01T21:51:20","slug":"respiro-consapevole","status":"publish","type":"post","link":"https:\/\/lbcomunicazione.org\/index.php\/2021\/01\/01\/respiro-consapevole\/","title":{"rendered":"Respiro consapevole"},"content":{"rendered":"<p>Oggi come oggi, noi tutti siamo sommersi di notizie, i pensieri viaggiano mille all\u2019ora, e noi vorremmo avere sempre pi\u00f9 ci\u00f2 che la nostra ragione ci ha portato a credere!<\/p>\n<h2>A proposito di ragione e respiro<\/h2>\n<p>Bene, a tal proposito vorrei ricordare che il nostro corpo, e quindi anche la nostra mente possono funzionare, cio\u00e8 vivere tramite una semplice azione, che noi diamo per scontata, ma che in realt\u00e0 non lo \u00e8! \u201cIl RESPIRO\u201d.<\/p>\n<p><img loading=\"lazy\" decoding=\"async\" class=\"size-medium wp-image-7431 alignleft\" src=\"https:\/\/lbcomunicazione.org\/wp-content\/uploads\/2020\/12\/change-2696395_960_720-300x200.jpg\" alt=\"\" width=\"300\" height=\"200\" \/><\/p>\n<h2>Il respiro cos&#8217;\u00e8<\/h2>\n<p>Si, il respiro \u00e8 come per la nostra macchina il carburante necessario affinch\u00e9 funzioni al meglio\u2026\u00a0\u00a0\u00a0 Ma il respiro non \u00e8 solo quella funzione vitale grazie alla quale i polmoni effettuano scambi gassosi tra l\u2019atmosfera e il sangue, cio\u00e8 tra l\u2019aria esterna che entra nei polmoni durante l\u2019inspirazione e l\u2019aria interna che viene espulsa nell\u2019ambiente attraverso l\u2019espirazione! Il respiro \u00e8 anche un\u2019energia collegata alla sua fonte primaria, che a sua volta \u00e8 collegata al regno minerale, vegetale e animale\u2026<\/p>\n<p><img loading=\"lazy\" decoding=\"async\" class=\"size-medium wp-image-7439 alignright\" src=\"https:\/\/lbcomunicazione.org\/wp-content\/uploads\/2020\/12\/spiralevedere-300x232.jpg\" alt=\"\" width=\"300\" height=\"232\" \/><\/p>\n<p>&nbsp;<\/p>\n<h3>Respiro consapevole<\/h3>\n<p>Bene, eccoci arrivati, trasportati dai dati che abbiamo raccolto nel tempo a cosa vuol dire \u201cil respiro consapevole\u201d, e provare a introdurlo nella nostra quotidianit\u00e0 un po&#8217; per volta prima di ogni nostra azione. Mettiamo da parte per un attimo ogni problema, paura o pensiero che ci porti a credere che questo agire sia inutile!!!<\/p>\n<p><img loading=\"lazy\" decoding=\"async\" class=\"alignnone size-medium wp-image-7440 alignright\" src=\"https:\/\/lbcomunicazione.org\/wp-content\/uploads\/2020\/12\/respiro-e-pratica-300x212.jpg\" alt=\"\" width=\"300\" height=\"212\" \/><\/p>\n<p>Proviamo. Sperimentiamo, tanto non abbiamo niente da perdere, anzi, semmai abbiamo tanto da guadagnare provando a fare tre respiri intensi e profondi. Tre, si, solo tre respiri prima di parlare. Personalmente posso dire e confermare, che da quando ho iniziato ad agire in questo modo la mia visione della Vita \u00e8 cambiata. Le critiche, i giudizi, le aspettative e le paure sono passate in secondo piano.<\/p>\n<p>Un consiglio costruttivo\u00a0 \u00e8 quello di creare un momento di condivisione, prima di ogni incontro, portando l\u2019attenzione al respiro consapevole per vedere che effetto fa.<\/p>\n<p>A oggi, per esempio, sono arrivate testimonianze positive di persone, che hanno potuto verificare i benefici di questa semplice azione nella propria quotidianit\u00e0&#8230;<\/p>\n<p><a href=\"http:\/\/camminanelsole.com\/la-metafora-della-carrozza-di-gurdjieff-corpo-mente-emozioni-e-anima\/\">http:\/\/camminanelsole.com\/la-metafora-della-carrozza-di-gurdjieff-corpo-mente-emozioni-e-anima\/<\/a><\/p>\n<p>Giovanni Alberganti<\/p>\n","protected":false},"excerpt":{"rendered":"<p>Oggi come oggi, noi tutti siamo sommersi di notizie, i pensieri viaggiano mille all\u2019ora, e noi vorremmo avere sempre pi\u00f9 ci\u00f2 che la nostra ragione ci ha portato a credere! A proposito di ragione e respiro Bene, a tal proposito vorrei ricordare che il nostro corpo, e quindi anche la nostra mente possono funzionare, cio\u00e8 vivere tramite una semplice azione, che noi diamo per scontata, ma che in realt\u00e0 non lo \u00e8! \u201cIl RESPIRO\u201d. Il respiro cos&#8217;\u00e8 Si, il respiro \u00e8 come per la nostra macchina il carburante necessario affinch\u00e9 funzioni al meglio\u2026\u00a0\u00a0\u00a0 Ma il respiro non \u00e8 solo quella funzione&#46;&#46;&#46;<\/p>\n","protected":false},"author":33,"featured_media":2876,"comment_status":"open","ping_status":"closed","sticky":false,"template":"","format":"image","meta":{"_crdt_document":"","footnotes":""},"categories":[181,31],"tags":[561],"class_list":["post-7425","post","type-post","status-publish","format-image","has-post-thumbnail","hentry","category-riflessioni","category-sociale","tag-respiro","post_format-post-format-image"],"yoast_head":"<!-- This site is optimized with the Yoast SEO plugin v26.9 - https:\/\/yoast.com\/product\/yoast-seo-wordpress\/ -->\n<title>Respiro consapevole - blog TG24 la comunicazione<\/title>\n<meta name=\"description\" content=\"il nostro corpo, e quindi anche la nostra mente possono funzionare, cio\u00e8 vivere tramite una semplice azione, che noi diamo per scontata, ma che in realt\u00e0 non lo \u00e8! \u201cIl RESPIRO\u201d\" \/>\n<meta name=\"robots\" content=\"index, follow, max-snippet:-1, max-image-preview:large, max-video-preview:-1\" \/>\n<link rel=\"canonical\" href=\"https:\/\/lbcomunicazione.org\/index.php\/2021\/01\/01\/respiro-consapevole\/\" \/>\n<meta property=\"og:locale\" content=\"it_IT\" \/>\n<meta property=\"og:type\" content=\"article\" \/>\n<meta property=\"og:title\" content=\"Respiro consapevole - blog TG24 la comunicazione\" \/>\n<meta property=\"og:description\" content=\"il nostro corpo, e quindi anche la nostra mente possono funzionare, cio\u00e8 vivere tramite una semplice azione, che noi diamo per scontata, ma che in realt\u00e0 non lo \u00e8! \u201cIl RESPIRO\u201d\" \/>\n<meta property=\"og:url\" content=\"https:\/\/lbcomunicazione.org\/index.php\/2021\/01\/01\/respiro-consapevole\/\" \/>\n<meta property=\"og:site_name\" content=\"blog TG24 la comunicazione\" \/>\n<meta property=\"article:publisher\" content=\"https:\/\/www.facebook.com\/beezzup\/\" \/>\n<meta property=\"article:published_time\" content=\"2021-01-01T20:42:37+00:00\" \/>\n<meta property=\"article:modified_time\" content=\"2021-01-01T21:51:20+00:00\" \/>\n<meta property=\"og:image\" content=\"https:\/\/lbcomunicazione.org\/wp-content\/uploads\/2020\/02\/La-contemplazione-della-Bellezza.jpg\" \/>\n\t<meta property=\"og:image:width\" content=\"1366\" \/>\n\t<meta property=\"og:image:height\" content=\"768\" \/>\n\t<meta property=\"og:image:type\" content=\"image\/jpeg\" \/>\n<meta name=\"author\" content=\"Giovanni Alberganti\" \/>\n<meta name=\"twitter:card\" content=\"summary_large_image\" \/>\n<meta name=\"twitter:creator\" content=\"@beezzup\" \/>\n<meta name=\"twitter:site\" content=\"@beezzup\" \/>\n<meta name=\"twitter:label1\" content=\"Scritto da\" \/>\n\t<meta name=\"twitter:data1\" content=\"Giovanni Alberganti\" \/>\n\t<meta name=\"twitter:label2\" content=\"Tempo di lettura stimato\" \/>\n\t<meta name=\"twitter:data2\" content=\"2 minuti\" \/>\n<script type=\"application\/ld+json\" class=\"yoast-schema-graph\">{\"@context\":\"https:\/\/schema.org\",\"@graph\":[{\"@type\":\"Article\",\"@id\":\"https:\/\/lbcomunicazione.org\/index.php\/2021\/01\/01\/respiro-consapevole\/#article\",\"isPartOf\":{\"@id\":\"https:\/\/lbcomunicazione.org\/index.php\/2021\/01\/01\/respiro-consapevole\/\"},\"author\":{\"name\":\"Giovanni Alberganti\",\"@id\":\"https:\/\/lbcomunicazione.org\/#\/schema\/person\/951352f037416eb9f6456184a65f6fc7\"},\"headline\":\"Respiro consapevole\",\"datePublished\":\"2021-01-01T20:42:37+00:00\",\"dateModified\":\"2021-01-01T21:51:20+00:00\",\"mainEntityOfPage\":{\"@id\":\"https:\/\/lbcomunicazione.org\/index.php\/2021\/01\/01\/respiro-consapevole\/\"},\"wordCount\":338,\"commentCount\":0,\"publisher\":{\"@id\":\"https:\/\/lbcomunicazione.org\/#organization\"},\"image\":{\"@id\":\"https:\/\/lbcomunicazione.org\/index.php\/2021\/01\/01\/respiro-consapevole\/#primaryimage\"},\"thumbnailUrl\":\"https:\/\/lbcomunicazione.org\/wp-content\/uploads\/2020\/02\/La-contemplazione-della-Bellezza.jpg\",\"keywords\":[\"respiro\"],\"articleSection\":[\"riflessioni\",\"sociale\"],\"inLanguage\":\"it-IT\",\"potentialAction\":[{\"@type\":\"CommentAction\",\"name\":\"Comment\",\"target\":[\"https:\/\/lbcomunicazione.org\/index.php\/2021\/01\/01\/respiro-consapevole\/#respond\"]}]},{\"@type\":\"WebPage\",\"@id\":\"https:\/\/lbcomunicazione.org\/index.php\/2021\/01\/01\/respiro-consapevole\/\",\"url\":\"https:\/\/lbcomunicazione.org\/index.php\/2021\/01\/01\/respiro-consapevole\/\",\"name\":\"Respiro consapevole - blog TG24 la comunicazione\",\"isPartOf\":{\"@id\":\"https:\/\/lbcomunicazione.org\/#website\"},\"primaryImageOfPage\":{\"@id\":\"https:\/\/lbcomunicazione.org\/index.php\/2021\/01\/01\/respiro-consapevole\/#primaryimage\"},\"image\":{\"@id\":\"https:\/\/lbcomunicazione.org\/index.php\/2021\/01\/01\/respiro-consapevole\/#primaryimage\"},\"thumbnailUrl\":\"https:\/\/lbcomunicazione.org\/wp-content\/uploads\/2020\/02\/La-contemplazione-della-Bellezza.jpg\",\"datePublished\":\"2021-01-01T20:42:37+00:00\",\"dateModified\":\"2021-01-01T21:51:20+00:00\",\"description\":\"il nostro corpo, e quindi anche la nostra mente possono funzionare, cio\u00e8 vivere tramite una semplice azione, che noi diamo per scontata, ma che in realt\u00e0 non lo \u00e8! \u201cIl RESPIRO\u201d\",\"breadcrumb\":{\"@id\":\"https:\/\/lbcomunicazione.org\/index.php\/2021\/01\/01\/respiro-consapevole\/#breadcrumb\"},\"inLanguage\":\"it-IT\",\"potentialAction\":[{\"@type\":\"ReadAction\",\"target\":[\"https:\/\/lbcomunicazione.org\/index.php\/2021\/01\/01\/respiro-consapevole\/\"]}]},{\"@type\":\"ImageObject\",\"inLanguage\":\"it-IT\",\"@id\":\"https:\/\/lbcomunicazione.org\/index.php\/2021\/01\/01\/respiro-consapevole\/#primaryimage\",\"url\":\"https:\/\/lbcomunicazione.org\/wp-content\/uploads\/2020\/02\/La-contemplazione-della-Bellezza.jpg\",\"contentUrl\":\"https:\/\/lbcomunicazione.org\/wp-content\/uploads\/2020\/02\/La-contemplazione-della-Bellezza.jpg\",\"width\":1366,\"height\":768,\"caption\":\"Respiro consapevole\"},{\"@type\":\"BreadcrumbList\",\"@id\":\"https:\/\/lbcomunicazione.org\/index.php\/2021\/01\/01\/respiro-consapevole\/#breadcrumb\",\"itemListElement\":[{\"@type\":\"ListItem\",\"position\":1,\"name\":\"Home\",\"item\":\"https:\/\/lbcomunicazione.org\/\"},{\"@type\":\"ListItem\",\"position\":2,\"name\":\"Respiro consapevole\"}]},{\"@type\":\"WebSite\",\"@id\":\"https:\/\/lbcomunicazione.org\/#website\",\"url\":\"https:\/\/lbcomunicazione.org\/\",\"name\":\"blogTG24lacomunicazione.org\",\"description\":\"Siamo una squadra di blogger, che desiderano dare voce a quelle notizie, realt\u00e0, associazioni, che non sono divulgate dai giornali e media\",\"publisher\":{\"@id\":\"https:\/\/lbcomunicazione.org\/#organization\"},\"potentialAction\":[{\"@type\":\"SearchAction\",\"target\":{\"@type\":\"EntryPoint\",\"urlTemplate\":\"https:\/\/lbcomunicazione.org\/?s={search_term_string}\"},\"query-input\":{\"@type\":\"PropertyValueSpecification\",\"valueRequired\":true,\"valueName\":\"search_term_string\"}}],\"inLanguage\":\"it-IT\"},{\"@type\":\"Organization\",\"@id\":\"https:\/\/lbcomunicazione.org\/#organization\",\"name\":\"blogtg24lacomunicazione\",\"url\":\"https:\/\/lbcomunicazione.org\/\",\"logo\":{\"@type\":\"ImageObject\",\"inLanguage\":\"it-IT\",\"@id\":\"https:\/\/lbcomunicazione.org\/#\/schema\/logo\/image\/\",\"url\":\"https:\/\/lbcomunicazione.org\/wp-content\/uploads\/2019\/01\/logo-cfpblogger.jpg\",\"contentUrl\":\"https:\/\/lbcomunicazione.org\/wp-content\/uploads\/2019\/01\/logo-cfpblogger.jpg\",\"width\":680,\"height\":709,\"caption\":\"blogtg24lacomunicazione\"},\"image\":{\"@id\":\"https:\/\/lbcomunicazione.org\/#\/schema\/logo\/image\/\"},\"sameAs\":[\"https:\/\/www.facebook.com\/beezzup\/\",\"https:\/\/x.com\/beezzup\",\"https:\/\/www.instagram.com\/beezzup\/\",\"https:\/\/www.pinterest.it\/beezzup\/\",\"https:\/\/www.youtube.com\/channel\/UCPeEGg5tKdoyOPK--mGE5Yg\"]},{\"@type\":\"Person\",\"@id\":\"https:\/\/lbcomunicazione.org\/#\/schema\/person\/951352f037416eb9f6456184a65f6fc7\",\"name\":\"Giovanni Alberganti\",\"image\":{\"@type\":\"ImageObject\",\"inLanguage\":\"it-IT\",\"@id\":\"https:\/\/lbcomunicazione.org\/#\/schema\/person\/image\/\",\"url\":\"https:\/\/secure.gravatar.com\/avatar\/5368ca6e6084c29db9fe2fc499d3534a3e845eec7666029d258e4adf575013f4?s=96&d=mm&r=g\",\"contentUrl\":\"https:\/\/secure.gravatar.com\/avatar\/5368ca6e6084c29db9fe2fc499d3534a3e845eec7666029d258e4adf575013f4?s=96&d=mm&r=g\",\"caption\":\"Giovanni Alberganti\"},\"url\":\"https:\/\/lbcomunicazione.org\/index.php\/author\/giovanni-alberganti\/\"}]}<\/script>\n<!-- \/ Yoast SEO plugin. -->","yoast_head_json":{"title":"Respiro consapevole - blog TG24 la comunicazione","description":"il nostro corpo, e quindi anche la nostra mente possono funzionare, cio\u00e8 vivere tramite una semplice azione, che noi diamo per scontata, ma che in realt\u00e0 non lo \u00e8! \u201cIl RESPIRO\u201d","robots":{"index":"index","follow":"follow","max-snippet":"max-snippet:-1","max-image-preview":"max-image-preview:large","max-video-preview":"max-video-preview:-1"},"canonical":"https:\/\/lbcomunicazione.org\/index.php\/2021\/01\/01\/respiro-consapevole\/","og_locale":"it_IT","og_type":"article","og_title":"Respiro consapevole - blog TG24 la comunicazione","og_description":"il nostro corpo, e quindi anche la nostra mente possono funzionare, cio\u00e8 vivere tramite una semplice azione, che noi diamo per scontata, ma che in realt\u00e0 non lo \u00e8! \u201cIl RESPIRO\u201d","og_url":"https:\/\/lbcomunicazione.org\/index.php\/2021\/01\/01\/respiro-consapevole\/","og_site_name":"blog TG24 la comunicazione","article_publisher":"https:\/\/www.facebook.com\/beezzup\/","article_published_time":"2021-01-01T20:42:37+00:00","article_modified_time":"2021-01-01T21:51:20+00:00","og_image":[{"width":1366,"height":768,"url":"https:\/\/lbcomunicazione.org\/wp-content\/uploads\/2020\/02\/La-contemplazione-della-Bellezza.jpg","type":"image\/jpeg"}],"author":"Giovanni Alberganti","twitter_card":"summary_large_image","twitter_creator":"@beezzup","twitter_site":"@beezzup","twitter_misc":{"Scritto da":"Giovanni Alberganti","Tempo di lettura stimato":"2 minuti"},"schema":{"@context":"https:\/\/schema.org","@graph":[{"@type":"Article","@id":"https:\/\/lbcomunicazione.org\/index.php\/2021\/01\/01\/respiro-consapevole\/#article","isPartOf":{"@id":"https:\/\/lbcomunicazione.org\/index.php\/2021\/01\/01\/respiro-consapevole\/"},"author":{"name":"Giovanni Alberganti","@id":"https:\/\/lbcomunicazione.org\/#\/schema\/person\/951352f037416eb9f6456184a65f6fc7"},"headline":"Respiro consapevole","datePublished":"2021-01-01T20:42:37+00:00","dateModified":"2021-01-01T21:51:20+00:00","mainEntityOfPage":{"@id":"https:\/\/lbcomunicazione.org\/index.php\/2021\/01\/01\/respiro-consapevole\/"},"wordCount":338,"commentCount":0,"publisher":{"@id":"https:\/\/lbcomunicazione.org\/#organization"},"image":{"@id":"https:\/\/lbcomunicazione.org\/index.php\/2021\/01\/01\/respiro-consapevole\/#primaryimage"},"thumbnailUrl":"https:\/\/lbcomunicazione.org\/wp-content\/uploads\/2020\/02\/La-contemplazione-della-Bellezza.jpg","keywords":["respiro"],"articleSection":["riflessioni","sociale"],"inLanguage":"it-IT","potentialAction":[{"@type":"CommentAction","name":"Comment","target":["https:\/\/lbcomunicazione.org\/index.php\/2021\/01\/01\/respiro-consapevole\/#respond"]}]},{"@type":"WebPage","@id":"https:\/\/lbcomunicazione.org\/index.php\/2021\/01\/01\/respiro-consapevole\/","url":"https:\/\/lbcomunicazione.org\/index.php\/2021\/01\/01\/respiro-consapevole\/","name":"Respiro consapevole - blog TG24 la comunicazione","isPartOf":{"@id":"https:\/\/lbcomunicazione.org\/#website"},"primaryImageOfPage":{"@id":"https:\/\/lbcomunicazione.org\/index.php\/2021\/01\/01\/respiro-consapevole\/#primaryimage"},"image":{"@id":"https:\/\/lbcomunicazione.org\/index.php\/2021\/01\/01\/respiro-consapevole\/#primaryimage"},"thumbnailUrl":"https:\/\/lbcomunicazione.org\/wp-content\/uploads\/2020\/02\/La-contemplazione-della-Bellezza.jpg","datePublished":"2021-01-01T20:42:37+00:00","dateModified":"2021-01-01T21:51:20+00:00","description":"il nostro corpo, e quindi anche la nostra mente possono funzionare, cio\u00e8 vivere tramite una semplice azione, che noi diamo per scontata, ma che in realt\u00e0 non lo \u00e8! \u201cIl RESPIRO\u201d","breadcrumb":{"@id":"https:\/\/lbcomunicazione.org\/index.php\/2021\/01\/01\/respiro-consapevole\/#breadcrumb"},"inLanguage":"it-IT","potentialAction":[{"@type":"ReadAction","target":["https:\/\/lbcomunicazione.org\/index.php\/2021\/01\/01\/respiro-consapevole\/"]}]},{"@type":"ImageObject","inLanguage":"it-IT","@id":"https:\/\/lbcomunicazione.org\/index.php\/2021\/01\/01\/respiro-consapevole\/#primaryimage","url":"https:\/\/lbcomunicazione.org\/wp-content\/uploads\/2020\/02\/La-contemplazione-della-Bellezza.jpg","contentUrl":"https:\/\/lbcomunicazione.org\/wp-content\/uploads\/2020\/02\/La-contemplazione-della-Bellezza.jpg","width":1366,"height":768,"caption":"Respiro consapevole"},{"@type":"BreadcrumbList","@id":"https:\/\/lbcomunicazione.org\/index.php\/2021\/01\/01\/respiro-consapevole\/#breadcrumb","itemListElement":[{"@type":"ListItem","position":1,"name":"Home","item":"https:\/\/lbcomunicazione.org\/"},{"@type":"ListItem","position":2,"name":"Respiro consapevole"}]},{"@type":"WebSite","@id":"https:\/\/lbcomunicazione.org\/#website","url":"https:\/\/lbcomunicazione.org\/","name":"blogTG24lacomunicazione.org","description":"Siamo una squadra di blogger, che desiderano dare voce a quelle notizie, realt\u00e0, associazioni, che non sono divulgate dai giornali e media","publisher":{"@id":"https:\/\/lbcomunicazione.org\/#organization"},"potentialAction":[{"@type":"SearchAction","target":{"@type":"EntryPoint","urlTemplate":"https:\/\/lbcomunicazione.org\/?s={search_term_string}"},"query-input":{"@type":"PropertyValueSpecification","valueRequired":true,"valueName":"search_term_string"}}],"inLanguage":"it-IT"},{"@type":"Organization","@id":"https:\/\/lbcomunicazione.org\/#organization","name":"blogtg24lacomunicazione","url":"https:\/\/lbcomunicazione.org\/","logo":{"@type":"ImageObject","inLanguage":"it-IT","@id":"https:\/\/lbcomunicazione.org\/#\/schema\/logo\/image\/","url":"https:\/\/lbcomunicazione.org\/wp-content\/uploads\/2019\/01\/logo-cfpblogger.jpg","contentUrl":"https:\/\/lbcomunicazione.org\/wp-content\/uploads\/2019\/01\/logo-cfpblogger.jpg","width":680,"height":709,"caption":"blogtg24lacomunicazione"},"image":{"@id":"https:\/\/lbcomunicazione.org\/#\/schema\/logo\/image\/"},"sameAs":["https:\/\/www.facebook.com\/beezzup\/","https:\/\/x.com\/beezzup","https:\/\/www.instagram.com\/beezzup\/","https:\/\/www.pinterest.it\/beezzup\/","https:\/\/www.youtube.com\/channel\/UCPeEGg5tKdoyOPK--mGE5Yg"]},{"@type":"Person","@id":"https:\/\/lbcomunicazione.org\/#\/schema\/person\/951352f037416eb9f6456184a65f6fc7","name":"Giovanni Alberganti","image":{"@type":"ImageObject","inLanguage":"it-IT","@id":"https:\/\/lbcomunicazione.org\/#\/schema\/person\/image\/","url":"https:\/\/secure.gravatar.com\/avatar\/5368ca6e6084c29db9fe2fc499d3534a3e845eec7666029d258e4adf575013f4?s=96&d=mm&r=g","contentUrl":"https:\/\/secure.gravatar.com\/avatar\/5368ca6e6084c29db9fe2fc499d3534a3e845eec7666029d258e4adf575013f4?s=96&d=mm&r=g","caption":"Giovanni Alberganti"},"url":"https:\/\/lbcomunicazione.org\/index.php\/author\/giovanni-alberganti\/"}]}},"_links":{"self":[{"href":"https:\/\/lbcomunicazione.org\/index.php\/wp-json\/wp\/v2\/posts\/7425","targetHints":{"allow":["GET"]}}],"collection":[{"href":"https:\/\/lbcomunicazione.org\/index.php\/wp-json\/wp\/v2\/posts"}],"about":[{"href":"https:\/\/lbcomunicazione.org\/index.php\/wp-json\/wp\/v2\/types\/post"}],"author":[{"embeddable":true,"href":"https:\/\/lbcomunicazione.org\/index.php\/wp-json\/wp\/v2\/users\/33"}],"replies":[{"embeddable":true,"href":"https:\/\/lbcomunicazione.org\/index.php\/wp-json\/wp\/v2\/comments?post=7425"}],"version-history":[{"count":0,"href":"https:\/\/lbcomunicazione.org\/index.php\/wp-json\/wp\/v2\/posts\/7425\/revisions"}],"wp:featuredmedia":[{"embeddable":true,"href":"https:\/\/lbcomunicazione.org\/index.php\/wp-json\/wp\/v2\/media\/2876"}],"wp:attachment":[{"href":"https:\/\/lbcomunicazione.org\/index.php\/wp-json\/wp\/v2\/media?parent=7425"}],"wp:term":[{"taxonomy":"category","embeddable":true,"href":"https:\/\/lbcomunicazione.org\/index.php\/wp-json\/wp\/v2\/categories?post=7425"},{"taxonomy":"post_tag","embeddable":true,"href":"https:\/\/lbcomunicazione.org\/index.php\/wp-json\/wp\/v2\/tags?post=7425"}],"curies":[{"name":"wp","href":"https:\/\/api.w.org\/{rel}","templated":true}]}}