{"id":7324,"date":"2020-12-07T13:59:56","date_gmt":"2020-12-07T12:59:56","guid":{"rendered":"http:\/\/lbcomunicazione.org\/?p=7324"},"modified":"2020-12-07T13:59:56","modified_gmt":"2020-12-07T12:59:56","slug":"il-richiamo-dellanima","status":"publish","type":"post","link":"https:\/\/lbcomunicazione.org\/index.php\/2020\/12\/07\/il-richiamo-dellanima\/","title":{"rendered":"Il Richiamo Dell&#8217;Anima&#8230;"},"content":{"rendered":"<p>&#8220;<em><strong>C\u2019\u00e8 uno spettacolo pi\u00f9 grandioso del mare, ed \u00e8 il cielo&#8230; C\u2019\u00e8 uno spettacolo pi\u00f9 grandioso del cielo, ed \u00e8 l\u2019interno di un\u2019anima<\/strong><\/em>&#8220;.<\/p>\n<p>(Victor Hugo)<!--more--><\/p>\n<h2>Ritorna da me&#8230;<\/h2>\n<div id=\"attachment_7329\" style=\"width: 217px\" class=\"wp-caption alignleft\"><img loading=\"lazy\" decoding=\"async\" aria-describedby=\"caption-attachment-7329\" class=\"wp-image-7329 size-medium\" src=\"https:\/\/lbcomunicazione.org\/wp-content\/uploads\/2020\/12\/photo_2020-12-07_00-57-01-207x300.jpg\" alt=\"\" width=\"207\" height=\"300\" srcset=\"https:\/\/lbcomunicazione.org\/wp-content\/uploads\/2020\/12\/photo_2020-12-07_00-57-01-207x300.jpg 207w, https:\/\/lbcomunicazione.org\/wp-content\/uploads\/2020\/12\/photo_2020-12-07_00-57-01-520x754.jpg 520w, https:\/\/lbcomunicazione.org\/wp-content\/uploads\/2020\/12\/photo_2020-12-07_00-57-01.jpg 662w\" sizes=\"auto, (max-width: 207px) 100vw, 207px\" \/><p id=\"caption-attachment-7329\" class=\"wp-caption-text\">Ritorna da me&#8230;<\/p><\/div>\n<p>Quante volte mi sono sentita di voler \u201c<em>sparire<\/em>\u201d in qualche modo, nascondermi, come se tutto ci\u00f2 che mi circonda non sia pi\u00f9 sostenibile, e diventi piano piano estraneo\u2026<\/p>\n<p>E\u2019 un momento particolare, dove qualcosa inizia a pulsare dentro di me, come se ci fosse un vero e proprio richiamo, qualcosa che mi dice: \u201c<em>Ritorna da me<\/em>\u201d!<\/p>\n<p>Un po\u2019 come sentirmi una pellegrina errante in questo mondo, che continua a girare quasi a vuoto, senza sosta, come se tutto questo fosse vita, e scoprisse ad un tratto che cos\u00ec non \u00e8!<\/p>\n<h2>Mi manca qualcosa&#8230;<\/h2>\n<div id=\"attachment_7328\" style=\"width: 310px\" class=\"wp-caption alignright\"><img loading=\"lazy\" decoding=\"async\" aria-describedby=\"caption-attachment-7328\" class=\"wp-image-7328 size-medium\" src=\"https:\/\/lbcomunicazione.org\/wp-content\/uploads\/2020\/12\/photo_2020-12-07_00-57-45-300x300.jpg\" alt=\"\" width=\"300\" height=\"300\" srcset=\"https:\/\/lbcomunicazione.org\/wp-content\/uploads\/2020\/12\/photo_2020-12-07_00-57-45-300x300.jpg 300w, https:\/\/lbcomunicazione.org\/wp-content\/uploads\/2020\/12\/photo_2020-12-07_00-57-45-150x150.jpg 150w, https:\/\/lbcomunicazione.org\/wp-content\/uploads\/2020\/12\/photo_2020-12-07_00-57-45-160x160.jpg 160w, https:\/\/lbcomunicazione.org\/wp-content\/uploads\/2020\/12\/photo_2020-12-07_00-57-45-320x320.jpg 320w, https:\/\/lbcomunicazione.org\/wp-content\/uploads\/2020\/12\/photo_2020-12-07_00-57-45-520x520.jpg 520w, https:\/\/lbcomunicazione.org\/wp-content\/uploads\/2020\/12\/photo_2020-12-07_00-57-45.jpg 640w\" sizes=\"auto, (max-width: 300px) 100vw, 300px\" \/><p id=\"caption-attachment-7328\" class=\"wp-caption-text\">Anime in unit\u00e0&#8230;<\/p><\/div>\n<p>Qualcosa viene a mancare, qualcosa di prezioso e di fondamentale\u2026<\/p>\n<p>Percepisco un senso di tristezza, di sconvolgimento, di agitazione..<\/p>\n<p>Provo a cercare di capire che cosa accade, e mi rendo conto che dentro di me qualcosa mi sta chiamando, mi sta dicendo di entrare in me, di tornare &#8220;<em>da me<\/em>&#8220;.<\/p>\n<h3>Ebbene, questa \u00e8 l\u2019anima, il richiamo dell\u2019anima!<\/h3>\n<blockquote><p>&#8220;<em><strong>Se si unissero le Anime di tutti gli esseri viventi del Cosmo, l\u00ec comparirebbe Dio<\/strong><\/em>&#8220;!<\/p><\/blockquote>\n<p>(Buddha)<\/p>\n<h2>Il contatto con l&#8217;anima&#8230;<\/h2>\n<div id=\"attachment_7330\" style=\"width: 304px\" class=\"wp-caption alignleft\"><img loading=\"lazy\" decoding=\"async\" aria-describedby=\"caption-attachment-7330\" class=\"wp-image-7330 size-medium\" src=\"https:\/\/lbcomunicazione.org\/wp-content\/uploads\/2020\/12\/photo_2020-12-07_00-54-12-294x300.jpg\" alt=\"\" width=\"294\" height=\"300\" srcset=\"https:\/\/lbcomunicazione.org\/wp-content\/uploads\/2020\/12\/photo_2020-12-07_00-54-12-294x300.jpg 294w, https:\/\/lbcomunicazione.org\/wp-content\/uploads\/2020\/12\/photo_2020-12-07_00-54-12-520x530.jpg 520w, https:\/\/lbcomunicazione.org\/wp-content\/uploads\/2020\/12\/photo_2020-12-07_00-54-12.jpg 552w\" sizes=\"auto, (max-width: 294px) 100vw, 294px\" \/><p id=\"caption-attachment-7330\" class=\"wp-caption-text\">La voce interiore&#8230;<\/p><\/div>\n<p>Vivere in un mondo che non sono io \u00e8 faticoso, soprattutto quando inizia a verificarsi questo contatto con l\u2019anima.<\/p>\n<p>Tutto diviene stancante e di scarso valore, proprio perch\u00e9 vivere nell\u2019anima mi rende viva la realt\u00e0 che sono, e che non \u00e8 quella che mi circonda, che credevo di essere.<\/p>\n<p>E\u2019 un momento di transito quello che avviene interiormente, quando inizio a prestare attenzione<span class=\"Apple-converted-space\">\u00a0 <\/span>alla mia anima.<\/p>\n<p>Nel transito avvengono questi sconvolgimenti che percepisco come un forte desiderio di interiorizzare, di meditare, proprio perch\u00e9 sento la necessit\u00e0 di mettermi in contatto con la mia voce interiore.<\/p>\n<h2><\/h2>\n<h2>Vibrare in alta frequenza&#8230;<\/h2>\n<div id=\"attachment_7331\" style=\"width: 235px\" class=\"wp-caption alignright\"><img loading=\"lazy\" decoding=\"async\" aria-describedby=\"caption-attachment-7331\" class=\"wp-image-7331 size-medium\" src=\"https:\/\/lbcomunicazione.org\/wp-content\/uploads\/2020\/12\/photo_2020-12-07_00-55-00-225x300.jpg\" alt=\"\" width=\"225\" height=\"300\" srcset=\"https:\/\/lbcomunicazione.org\/wp-content\/uploads\/2020\/12\/photo_2020-12-07_00-55-00-225x300.jpg 225w, https:\/\/lbcomunicazione.org\/wp-content\/uploads\/2020\/12\/photo_2020-12-07_00-55-00-520x693.jpg 520w, https:\/\/lbcomunicazione.org\/wp-content\/uploads\/2020\/12\/photo_2020-12-07_00-55-00.jpg 720w\" sizes=\"auto, (max-width: 225px) 100vw, 225px\" \/><p id=\"caption-attachment-7331\" class=\"wp-caption-text\">Una percezione di completezza&#8230;<\/p><\/div>\n<p>Nonostante questo, sento come la leggerezza del mio essere si faccia sentire in modo sempre pi\u00f9 intenso, proprio perch\u00e9 sto vibrando in alta frequenza, e quindi mi sto risvegliando.<\/p>\n<p>Se la vita come mi appariva prima la vivevo in modo abitudinario, dando per scontato molte cose, da questo momento inizio a viverla in un modo completamente nuovo, pi\u00f9 \u201c<em>leggero<\/em>\u201d, pi\u00f9 chiaro, e soprattutto con una intensa percezione di completezza.<\/p>\n<p>Termino con questa citazione di Carl Gustav Jung:<\/p>\n<blockquote><p>&#8220;<em><strong>Solo il viandante che ha peregrinato nel suo infinito mondo interiore potr\u00e0 accostarsi all\u2019Anima, scoprendo che per anni altro non ha fatto che cercare Lei, poich\u00e9 Lei \u00e8 dietro e dentro ogni cosa. I viaggi, si fanno per cercare Anima e le persone si amano in quanto simboli di Anima<\/strong><\/em>&#8220;.<\/p>\n<p>Per altri articoli di Pittrice di parole, clicca <a href=\"https:\/\/lbcomunicazione.org\/index.php\/pittricediparole\/\">QUI<\/a><\/p><\/blockquote>\n<p>&nbsp;<\/p>\n<p>&nbsp;<\/p>\n","protected":false},"excerpt":{"rendered":"<p>&#8220;C\u2019\u00e8 uno spettacolo pi\u00f9 grandioso del mare, ed \u00e8 il cielo&#8230; C\u2019\u00e8 uno spettacolo pi\u00f9 grandioso del cielo, ed \u00e8 l\u2019interno di un\u2019anima&#8220;. (Victor Hugo)<\/p>\n","protected":false},"author":12,"featured_media":7333,"comment_status":"open","ping_status":"closed","sticky":false,"template":"","format":"image","meta":{"footnotes":""},"categories":[181],"tags":[681],"class_list":["post-7324","post","type-post","status-publish","format-image","has-post-thumbnail","hentry","category-riflessioni","tag-il-richiamo-dellanima","post_format-post-format-image"],"_links":{"self":[{"href":"https:\/\/lbcomunicazione.org\/index.php\/wp-json\/wp\/v2\/posts\/7324","targetHints":{"allow":["GET"]}}],"collection":[{"href":"https:\/\/lbcomunicazione.org\/index.php\/wp-json\/wp\/v2\/posts"}],"about":[{"href":"https:\/\/lbcomunicazione.org\/index.php\/wp-json\/wp\/v2\/types\/post"}],"author":[{"embeddable":true,"href":"https:\/\/lbcomunicazione.org\/index.php\/wp-json\/wp\/v2\/users\/12"}],"replies":[{"embeddable":true,"href":"https:\/\/lbcomunicazione.org\/index.php\/wp-json\/wp\/v2\/comments?post=7324"}],"version-history":[{"count":0,"href":"https:\/\/lbcomunicazione.org\/index.php\/wp-json\/wp\/v2\/posts\/7324\/revisions"}],"wp:featuredmedia":[{"embeddable":true,"href":"https:\/\/lbcomunicazione.org\/index.php\/wp-json\/wp\/v2\/media\/7333"}],"wp:attachment":[{"href":"https:\/\/lbcomunicazione.org\/index.php\/wp-json\/wp\/v2\/media?parent=7324"}],"wp:term":[{"taxonomy":"category","embeddable":true,"href":"https:\/\/lbcomunicazione.org\/index.php\/wp-json\/wp\/v2\/categories?post=7324"},{"taxonomy":"post_tag","embeddable":true,"href":"https:\/\/lbcomunicazione.org\/index.php\/wp-json\/wp\/v2\/tags?post=7324"}],"curies":[{"name":"wp","href":"https:\/\/api.w.org\/{rel}","templated":true}]}}