{"id":7123,"date":"2020-11-09T19:57:48","date_gmt":"2020-11-09T18:57:48","guid":{"rendered":"http:\/\/lbcomunicazione.org\/?p=7123"},"modified":"2020-11-09T19:57:48","modified_gmt":"2020-11-09T18:57:48","slug":"un-simbolo-di-sottomissione","status":"publish","type":"post","link":"https:\/\/lbcomunicazione.org\/index.php\/2020\/11\/09\/un-simbolo-di-sottomissione\/","title":{"rendered":"Un Simbolo di Sottomissione!"},"content":{"rendered":"<p>https:\/\/youtu.be\/Egjz4INzsHs<\/p>\n<p>&nbsp;<\/p>\n<p><strong><em>Sorrido alla Vita\u2026<\/em><\/strong><\/p>\n<p><strong><em>Sorrido per non piangere\u2026<\/em><\/strong><!--more--><\/p>\n<h2>Sorrido&#8230;<\/h2>\n<div id=\"attachment_7127\" style=\"width: 310px\" class=\"wp-caption alignleft\"><img loading=\"lazy\" decoding=\"async\" aria-describedby=\"caption-attachment-7127\" class=\"wp-image-7127 size-medium\" src=\"https:\/\/lbcomunicazione.org\/wp-content\/uploads\/2020\/11\/hands-4803176_1920-300x169.jpg\" alt=\"\" width=\"300\" height=\"169\" srcset=\"https:\/\/lbcomunicazione.org\/wp-content\/uploads\/2020\/11\/hands-4803176_1920-300x169.jpg 300w, https:\/\/lbcomunicazione.org\/wp-content\/uploads\/2020\/11\/hands-4803176_1920-1024x576.jpg 1024w, https:\/\/lbcomunicazione.org\/wp-content\/uploads\/2020\/11\/hands-4803176_1920-768x432.jpg 768w, https:\/\/lbcomunicazione.org\/wp-content\/uploads\/2020\/11\/hands-4803176_1920-1536x864.jpg 1536w, https:\/\/lbcomunicazione.org\/wp-content\/uploads\/2020\/11\/hands-4803176_1920-520x293.jpg 520w, https:\/\/lbcomunicazione.org\/wp-content\/uploads\/2020\/11\/hands-4803176_1920.jpg 1920w\" sizes=\"auto, (max-width: 300px) 100vw, 300px\" \/><p id=\"caption-attachment-7127\" class=\"wp-caption-text\">I bimbi in un mondo di &#8220;maschere&#8221;<\/p><\/div>\n<p>L\u2019altro giorno ero seduta su di una panchina a lasciare che il sole scaldasse il mio volto.<\/p>\n<p>Non portavo la mascherina.<\/p>\n<p>Passa una bimba con la madre.<\/p>\n<p>La madre era con la mascherina.<\/p>\n<p>La bimba si ferma davanti a me, mi guarda meravigliata come se vedesse un extraterrestre.<\/p>\n<h4>Io le sorrido.<\/h4>\n<p>Le sorrido perch\u00e9 il suo volto, la sua espressione meravigliata, mi fanno tenerezza e toccano il mio cuore.<\/p>\n<p>Questa bimba sente la madre che le dice qualcosa sulla mascherina, ma io non l\u2019ho ascoltata\u2026<\/p>\n<p>Ho solo \u201c<em>ascoltato<\/em>\u201d ci\u00f2 che questi bimbi stanno vivendo in questo periodo, ci\u00f2 che questa generazione sta andando incontro, volontariamente e non.<\/p>\n<h2>Un simbolo di sottomissione&#8230;<\/h2>\n<div id=\"attachment_7129\" style=\"width: 310px\" class=\"wp-caption alignright\"><img loading=\"lazy\" decoding=\"async\" aria-describedby=\"caption-attachment-7129\" class=\"wp-image-7129 size-medium\" src=\"https:\/\/lbcomunicazione.org\/wp-content\/uploads\/2020\/11\/manipulation-4161194_1920-300x200.jpg\" alt=\"\" width=\"300\" height=\"200\" srcset=\"https:\/\/lbcomunicazione.org\/wp-content\/uploads\/2020\/11\/manipulation-4161194_1920-300x200.jpg 300w, https:\/\/lbcomunicazione.org\/wp-content\/uploads\/2020\/11\/manipulation-4161194_1920-1024x683.jpg 1024w, https:\/\/lbcomunicazione.org\/wp-content\/uploads\/2020\/11\/manipulation-4161194_1920-768x512.jpg 768w, https:\/\/lbcomunicazione.org\/wp-content\/uploads\/2020\/11\/manipulation-4161194_1920-1536x1024.jpg 1536w, https:\/\/lbcomunicazione.org\/wp-content\/uploads\/2020\/11\/manipulation-4161194_1920-520x347.jpg 520w, https:\/\/lbcomunicazione.org\/wp-content\/uploads\/2020\/11\/manipulation-4161194_1920.jpg 1920w\" sizes=\"auto, (max-width: 300px) 100vw, 300px\" \/><p id=\"caption-attachment-7129\" class=\"wp-caption-text\">Una vita sottomessa..<\/p><\/div>\n<p>La mascherina \u00e8 il simbolo della sottomissione.<\/p>\n<p>Non esiste prova che possa essere veramente utile a contrastare l\u2019epidemia\u2026se cos\u00ec si pu\u00f2 chiamare.<\/p>\n<p>E\u2019 invece utile a evitare di prendere sanzioni, di venire \u201cesclusi\u201d dalla moda in atto, di venire menzionati come \u201ccomplottisti\u201d\u2026 <span class=\"Apple-converted-space\">\u00a0<\/span><\/p>\n<p>Un simbolo di sottomissione\u2026in poche parole un \u201cMarchio\u201d\u2026<\/p>\n<h2><\/h2>\n<h2>L&#8217;anteprima del marchio&#8230;<\/h2>\n<div id=\"attachment_7126\" style=\"width: 229px\" class=\"wp-caption alignleft\"><img loading=\"lazy\" decoding=\"async\" aria-describedby=\"caption-attachment-7126\" class=\"wp-image-7126 size-medium\" src=\"https:\/\/lbcomunicazione.org\/wp-content\/uploads\/2020\/11\/photo_2020-05-26_02-24-24-219x300.jpg\" alt=\"\" width=\"219\" height=\"300\" srcset=\"https:\/\/lbcomunicazione.org\/wp-content\/uploads\/2020\/11\/photo_2020-05-26_02-24-24-219x300.jpg 219w, https:\/\/lbcomunicazione.org\/wp-content\/uploads\/2020\/11\/photo_2020-05-26_02-24-24-520x711.jpg 520w, https:\/\/lbcomunicazione.org\/wp-content\/uploads\/2020\/11\/photo_2020-05-26_02-24-24.jpg 702w\" sizes=\"auto, (max-width: 219px) 100vw, 219px\" \/><p id=\"caption-attachment-7126\" class=\"wp-caption-text\">Zittiti e separati&#8230;<\/p><\/div>\n<p>Molti accennano al marchio della bestia, citato nella bibbia, in apocalisse..<\/p>\n<p>\u201cE non vi sar\u00e0 dato n\u00e9 di vendere n\u00e9 di comprare a tutti coloro che non porteranno il marchio\u2026\u201d<\/p>\n<p>E\u2019 vero che parla anche di averlo sulla mano destra o sulla fronte&#8230; ma comunque ci vedo anche semplicemente nel \u201cnon poter n\u00e9 vendere n\u00e9 comprare\u201d,<span class=\"Apple-converted-space\">\u00a0 <\/span>un collegamento.<\/p>\n<p>Chi vende deve tenere la mascherina, e anche chi entra nel negozio per comprare\u2026altrimenti non si entra e non si acquista.<\/p>\n<h3>Una mente subdola&#8230;<\/h3>\n<p>La Mente che sta architettando tutto ci\u00f2 \u00e8 subdola e astuta, molto astuta.<\/p>\n<p>Se la mascherina non \u00e8 ancora il marchio, sta spianando la strada per esso.<\/p>\n<p>Chi accetta oggi questo simbolo di sottomissione, \u00e8 gi\u00e0 a met\u00e0 dell\u2019opera!<\/p>\n<p>Quando troviamo notizie che svelano in qualche modo il complotto in atto, le definiscono fake.<\/p>\n<h2>Le notizie fake&#8230;<\/h2>\n<div id=\"attachment_7128\" style=\"width: 236px\" class=\"wp-caption alignright\"><img loading=\"lazy\" decoding=\"async\" aria-describedby=\"caption-attachment-7128\" class=\"wp-image-7128 size-medium\" src=\"https:\/\/lbcomunicazione.org\/wp-content\/uploads\/2020\/11\/hand-784077_1280-226x300.jpg\" alt=\"\" width=\"226\" height=\"300\" srcset=\"https:\/\/lbcomunicazione.org\/wp-content\/uploads\/2020\/11\/hand-784077_1280-226x300.jpg 226w, https:\/\/lbcomunicazione.org\/wp-content\/uploads\/2020\/11\/hand-784077_1280-771x1024.jpg 771w, https:\/\/lbcomunicazione.org\/wp-content\/uploads\/2020\/11\/hand-784077_1280-768x1020.jpg 768w, https:\/\/lbcomunicazione.org\/wp-content\/uploads\/2020\/11\/hand-784077_1280-520x690.jpg 520w, https:\/\/lbcomunicazione.org\/wp-content\/uploads\/2020\/11\/hand-784077_1280.jpg 964w\" sizes=\"auto, (max-width: 226px) 100vw, 226px\" \/><p id=\"caption-attachment-7128\" class=\"wp-caption-text\">La manipolazione mediatica&#8230;<\/p><\/div>\n<p>Mi rattrista notare come molte persone che appaiono come di appoggiare questo &#8220;desiderio di verit\u00e0\u201d, abbiano la necessit\u00e0 di controllare se la notizia in atto, visto che \u00e8 una notizia significativa, possa essere un fake oppure no.<\/p>\n<p>Allora vi faccio una domanda molto semplice, perch\u00e9 si parte da qui: Chi \u00e8 che ha in mano l\u2019informazione?<\/p>\n<p>Datevi la risposta, e se la trovate vi invito a smetterla di seguire sempre l\u2019onda della Menzogna, l\u2019onda della manipolazione!<\/p>\n<p>Sappiamo benissimo che se siamo arrivati a questo punto \u00e8 grazie alle menzogne che vengono pubblicate e acclamate dai Mainstream, e che le fake news sono di loro creazione!!!<\/p>\n<p>La confusione deve regnare sovrana&#8230; Dividi et Impera \u00e8 la parola d&#8217;ordine!<\/p>\n<p>Vogliamo conoscere la Verit\u00e0?<\/p>\n<h2>Cambiamo rotta&#8230;<\/h2>\n<div id=\"attachment_7130\" style=\"width: 310px\" class=\"wp-caption alignleft\"><img loading=\"lazy\" decoding=\"async\" aria-describedby=\"caption-attachment-7130\" class=\"wp-image-7130 size-medium\" src=\"https:\/\/lbcomunicazione.org\/wp-content\/uploads\/2020\/11\/photo_2020-08-23_20-28-33-300x210.jpg\" alt=\"\" width=\"300\" height=\"210\" srcset=\"https:\/\/lbcomunicazione.org\/wp-content\/uploads\/2020\/11\/photo_2020-08-23_20-28-33-300x210.jpg 300w, https:\/\/lbcomunicazione.org\/wp-content\/uploads\/2020\/11\/photo_2020-08-23_20-28-33-1024x717.jpg 1024w, https:\/\/lbcomunicazione.org\/wp-content\/uploads\/2020\/11\/photo_2020-08-23_20-28-33-768x538.jpg 768w, https:\/\/lbcomunicazione.org\/wp-content\/uploads\/2020\/11\/photo_2020-08-23_20-28-33-520x364.jpg 520w, https:\/\/lbcomunicazione.org\/wp-content\/uploads\/2020\/11\/photo_2020-08-23_20-28-33.jpg 1080w\" sizes=\"auto, (max-width: 300px) 100vw, 300px\" \/><p id=\"caption-attachment-7130\" class=\"wp-caption-text\">Tu, da che parte stai&#8230;<\/p><\/div>\n<p>Cambiamo rotta e abbandoniamo la strada dell\u2019informazione \u201cUfficiale\u201d\u2026che \u00e8 corrotta e malsana per la nostra psiche.<\/p>\n<p>Abbiamo il coraggio di cambiare sul serio, di essere amanti della vita, degli abbracci, dei sorrisi, di tutto ci\u00f2 che appartiene all\u2019amore.<\/p>\n<p>Qualcuno disse di scegliere se servire Dio o mammona\u2026.<\/p>\n<p>Questa sottomissione apparentemente innocua fa capire come il gioco sia oscuro, molto oscuro, e se il nostro intento \u00e8 veramente quello di non lasciarsi incantare dall\u2019ipnosi in atto, allora \u00e8 necessario fare una scelta, una scelta che sia anche visiva, non solo interiore.<\/p>\n<p>Com\u2019\u00e8 dentro cos\u00ec \u00e8 fuori\u2026 Eh gi\u00e0\u2026 Riflettete!<\/p>\n<p>Il tutto condito con amore, non con rabbia ed odio, ma amore!<\/p>\n<p>Pace &#x1f64f;<\/p>\n<p>Per altri articoli di Pittrice di parole, clicca <a href=\"https:\/\/lbcomunicazione.org\/index.php\/pittricediparole\/\">QUI<\/a><\/p>\n","protected":false},"excerpt":{"rendered":"<p>https:\/\/youtu.be\/Egjz4INzsHs &nbsp; Sorrido alla Vita\u2026 Sorrido per non piangere\u2026<\/p>\n","protected":false},"author":12,"featured_media":7125,"comment_status":"open","ping_status":"closed","sticky":false,"template":"","format":"image","meta":{"footnotes":""},"categories":[6,181],"tags":[660],"class_list":["post-7123","post","type-post","status-publish","format-image","has-post-thumbnail","hentry","category-attualita","category-riflessioni","tag-simbolo-di-sottomissione","post_format-post-format-image"],"_links":{"self":[{"href":"https:\/\/lbcomunicazione.org\/index.php\/wp-json\/wp\/v2\/posts\/7123","targetHints":{"allow":["GET"]}}],"collection":[{"href":"https:\/\/lbcomunicazione.org\/index.php\/wp-json\/wp\/v2\/posts"}],"about":[{"href":"https:\/\/lbcomunicazione.org\/index.php\/wp-json\/wp\/v2\/types\/post"}],"author":[{"embeddable":true,"href":"https:\/\/lbcomunicazione.org\/index.php\/wp-json\/wp\/v2\/users\/12"}],"replies":[{"embeddable":true,"href":"https:\/\/lbcomunicazione.org\/index.php\/wp-json\/wp\/v2\/comments?post=7123"}],"version-history":[{"count":0,"href":"https:\/\/lbcomunicazione.org\/index.php\/wp-json\/wp\/v2\/posts\/7123\/revisions"}],"wp:featuredmedia":[{"embeddable":true,"href":"https:\/\/lbcomunicazione.org\/index.php\/wp-json\/wp\/v2\/media\/7125"}],"wp:attachment":[{"href":"https:\/\/lbcomunicazione.org\/index.php\/wp-json\/wp\/v2\/media?parent=7123"}],"wp:term":[{"taxonomy":"category","embeddable":true,"href":"https:\/\/lbcomunicazione.org\/index.php\/wp-json\/wp\/v2\/categories?post=7123"},{"taxonomy":"post_tag","embeddable":true,"href":"https:\/\/lbcomunicazione.org\/index.php\/wp-json\/wp\/v2\/tags?post=7123"}],"curies":[{"name":"wp","href":"https:\/\/api.w.org\/{rel}","templated":true}]}}