{"id":7052,"date":"2020-10-28T08:58:57","date_gmt":"2020-10-28T07:58:57","guid":{"rendered":"http:\/\/lbcomunicazione.org\/?p=7052"},"modified":"2020-10-28T09:18:15","modified_gmt":"2020-10-28T08:18:15","slug":"lettera-aperta-al-presidente-del-consiglio-giuseppe-conte","status":"publish","type":"post","link":"https:\/\/lbcomunicazione.org\/index.php\/2020\/10\/28\/lettera-aperta-al-presidente-del-consiglio-giuseppe-conte\/","title":{"rendered":"Lettera aperta al Presidente del Consiglio Giuseppe Conte"},"content":{"rendered":"<p>&nbsp;<\/p>\n<p><em>Caro <strong>Giuseppe Conte<\/strong><\/em>, affido questa lettera al vento, &#8230;\u00a0 tanto tu non leggerai mai ci\u00f2 che voglio dirti.<\/p>\n<p>Sono una persona di 51 anni con mille difficolt\u00e0 non facili da vivere e ancora pi\u00f9 difficili da affrontarle, ma lo faccio da 10 anni a testa alta, anche se il tuo decreto mi dovrebbe costringere ad abbassarla e vergognarmi.<br \/>\nMa non sono qui a scriverti e parlarti di me.<\/p>\n<p><em><strong>Inizio subito con ci\u00f2 che voglio dirti. <\/strong><\/em><\/p>\n<p>Non discuto il fatto se il virus chiamato <em>COVID ESISTA<\/em> e stia causando molti disagi.<br \/>\nMa facciamo un passo indietro; durante lo scorso lockdown, avete lasciato famiglie senza un euro e avete fatto chiudere aziende gi\u00e0 colpite dalla crisi, che non hanno pi\u00f9 potuto riaprire, causando disoccupazione, e drammi &#8230;.<br \/>\nSI Giuseppe hai capito bene, <strong>Drammi&#8230;.<\/strong><\/p>\n<p>Non avete mai speso una semplice parola per quelle famiglie che hanno perso e continuano anche oggi a perdere un loro caro per causa vostra; un governo assente, che mi pare guardi solo i propri interessi&#8230;<\/p>\n<p>(Sono anni che la gente si suicida per i disagi inflitti da chi ci governa e nessuno fa nulla).<\/p>\n<p><em><strong>Mentre ti scrivo sappi che sono lucidissima e ci\u00f2 che ti scrivo lo faccio con la testa il cuore e la pancia.<\/strong><\/em><\/p>\n<p>Ora torniamo al Covid<\/p>\n<p><em><strong>Cosa c&#8217;\u00e8 di vero in ci\u00f2 che ci fate credere?<\/strong><\/em><\/p>\n<p>Ti rendi conto del disagio che\u00a0 stai causato con queste decisioni prese a tavolino, con persone che non conoscono il vero lavoro?<\/p>\n<p>Che non conoscono la disoccupazione, non conoscono il disagio di trovarsi senza una casa, senza un futuro e magari con un figlio, un marito, un nipote, un nonno, un amico morto?<\/p>\n<p>Ti rendi conto da che pulpito viene questa decisone?<\/p>\n<p>Noi accettiamo tutte le tue regole ma credo sia doveroso risarcire le aziende che hanno speso soldi per mettersi a norma, credo che sia doveroso dare un sussidio a tutti i cittadini italiani e credo che sia giusto eliminare le tasse fino alla soluzione di questo problema.<\/p>\n<p><em><strong>Questo sarebbe credere nel proprio lavoro e fare sacrifici con il popolo, il popolo che rappresenti, al fianco del Presidente della Repubblica Sergio Mattarella.<\/strong><\/em><\/p>\n<p>La verit\u00e0 non \u00e8 che non sapete o state facendo;<\/p>\n<p>state facendo solo una cosa: risolvere il problema con un solo sacrificio, &#8230;quello dei cittadini italiani.<\/p>\n<p><em>in fede <\/em><\/p>\n<p><strong>Cristina Berti<\/strong><\/p>\n","protected":false},"excerpt":{"rendered":"<p>&nbsp; Caro Giuseppe Conte, affido questa lettera al vento, &#8230;\u00a0 tanto tu non leggerai mai ci\u00f2 che voglio dirti. Sono una persona di 51 anni con mille difficolt\u00e0 non facili da vivere e ancora pi\u00f9 difficili&#46;&#46;&#46;<\/p>\n","protected":false},"author":3,"featured_media":7053,"comment_status":"open","ping_status":"closed","sticky":false,"template":"","format":"image","meta":{"footnotes":""},"categories":[6,18],"tags":[427,122,645,652],"class_list":["post-7052","post","type-post","status-publish","format-image","has-post-thumbnail","hentry","category-attualita","category-politica","tag-covid-19","tag-giuseppe-conte","tag-governo","tag-sergio-mattarella","post_format-post-format-image"],"_links":{"self":[{"href":"https:\/\/lbcomunicazione.org\/index.php\/wp-json\/wp\/v2\/posts\/7052","targetHints":{"allow":["GET"]}}],"collection":[{"href":"https:\/\/lbcomunicazione.org\/index.php\/wp-json\/wp\/v2\/posts"}],"about":[{"href":"https:\/\/lbcomunicazione.org\/index.php\/wp-json\/wp\/v2\/types\/post"}],"author":[{"embeddable":true,"href":"https:\/\/lbcomunicazione.org\/index.php\/wp-json\/wp\/v2\/users\/3"}],"replies":[{"embeddable":true,"href":"https:\/\/lbcomunicazione.org\/index.php\/wp-json\/wp\/v2\/comments?post=7052"}],"version-history":[{"count":0,"href":"https:\/\/lbcomunicazione.org\/index.php\/wp-json\/wp\/v2\/posts\/7052\/revisions"}],"wp:featuredmedia":[{"embeddable":true,"href":"https:\/\/lbcomunicazione.org\/index.php\/wp-json\/wp\/v2\/media\/7053"}],"wp:attachment":[{"href":"https:\/\/lbcomunicazione.org\/index.php\/wp-json\/wp\/v2\/media?parent=7052"}],"wp:term":[{"taxonomy":"category","embeddable":true,"href":"https:\/\/lbcomunicazione.org\/index.php\/wp-json\/wp\/v2\/categories?post=7052"},{"taxonomy":"post_tag","embeddable":true,"href":"https:\/\/lbcomunicazione.org\/index.php\/wp-json\/wp\/v2\/tags?post=7052"}],"curies":[{"name":"wp","href":"https:\/\/api.w.org\/{rel}","templated":true}]}}