{"id":6982,"date":"2020-10-25T12:32:20","date_gmt":"2020-10-25T11:32:20","guid":{"rendered":"http:\/\/lbcomunicazione.org\/?p=6982"},"modified":"2020-10-25T12:32:20","modified_gmt":"2020-10-25T11:32:20","slug":"io-sono","status":"publish","type":"post","link":"https:\/\/lbcomunicazione.org\/index.php\/2020\/10\/25\/io-sono\/","title":{"rendered":"IO SONO&#8230;"},"content":{"rendered":"<div class=\"video-container\"><iframe loading=\"lazy\" title=\"blog TG24 la comunicazione : &quot; IO SONO... &quot;\" width=\"500\" height=\"281\" src=\"https:\/\/www.youtube.com\/embed\/PtAFOzRvjWQ?feature=oembed&#038;wmode=opaque\" frameborder=\"0\" allow=\"accelerometer; autoplay; clipboard-write; encrypted-media; gyroscope; picture-in-picture; web-share\" referrerpolicy=\"strict-origin-when-cross-origin\" allowfullscreen><\/iframe><\/div>\n<p>&nbsp;<\/p>\n<p><em><strong>Io Sono l\u2019Anima dentro la tua anima<\/strong><\/em><\/p>\n<p><em><strong>Io Sono il Cuore dentro il tuo cuore<\/strong><\/em><!--more--><\/p>\n<p>Di <strong>Maria Diana<\/strong><\/p>\n<p><img loading=\"lazy\" decoding=\"async\" class=\"size-medium wp-image-6985 alignleft\" src=\"https:\/\/lbcomunicazione.org\/wp-content\/uploads\/2020\/10\/photo_2020-10-22_19-45-19-300x231.jpg\" alt=\"\" width=\"300\" height=\"231\" srcset=\"https:\/\/lbcomunicazione.org\/wp-content\/uploads\/2020\/10\/photo_2020-10-22_19-45-19-300x231.jpg 300w, https:\/\/lbcomunicazione.org\/wp-content\/uploads\/2020\/10\/photo_2020-10-22_19-45-19-1024x788.jpg 1024w, https:\/\/lbcomunicazione.org\/wp-content\/uploads\/2020\/10\/photo_2020-10-22_19-45-19-768x591.jpg 768w, https:\/\/lbcomunicazione.org\/wp-content\/uploads\/2020\/10\/photo_2020-10-22_19-45-19-520x400.jpg 520w, https:\/\/lbcomunicazione.org\/wp-content\/uploads\/2020\/10\/photo_2020-10-22_19-45-19.jpg 1077w\" sizes=\"auto, (max-width: 300px) 100vw, 300px\" \/>Rifletto su questo punto molto importante e profondo\u2026.<\/p>\n<p>Un punto dove molti Maestri di un certo calibro si soffermano per far comprendere chi sono\u2026.chi siamo\u2026.<\/p>\n<h2>Io Sono\u2026<\/h2>\n<p>un concetto molto importante, e sinceramente posso semplicemente ritrovarmi ad aprire la porta all\u2019essenza per poter ricevere il senso di questa affermazione, un\u2019affermazione che non \u00e8 per niente banale, tutt\u2019altro: \u00e8 il senso della vita!<\/p>\n<h3>Io sono\u2026che cosa?<span class=\"Apple-converted-space\">\u00a0<\/span><\/h3>\n<p><em><strong>Io sono\u2026colui che \u00e8 in perfetta stabilit\u00e0, armonia, unit\u00e0, centro, e molto altro\u2026.<img loading=\"lazy\" decoding=\"async\" class=\"size-medium wp-image-6988 alignright\" src=\"https:\/\/lbcomunicazione.org\/wp-content\/uploads\/2020\/10\/photo_2020-10-22_19-45-47-241x300.jpg\" alt=\"\" width=\"241\" height=\"300\" srcset=\"https:\/\/lbcomunicazione.org\/wp-content\/uploads\/2020\/10\/photo_2020-10-22_19-45-47-241x300.jpg 241w, https:\/\/lbcomunicazione.org\/wp-content\/uploads\/2020\/10\/photo_2020-10-22_19-45-47-768x958.jpg 768w, https:\/\/lbcomunicazione.org\/wp-content\/uploads\/2020\/10\/photo_2020-10-22_19-45-47-520x648.jpg 520w, https:\/\/lbcomunicazione.org\/wp-content\/uploads\/2020\/10\/photo_2020-10-22_19-45-47.jpg 770w\" sizes=\"auto, (max-width: 241px) 100vw, 241px\" \/><\/strong><\/em><\/p>\n<p>Sembra che un concetto cos\u00ec sia limitato, perch\u00e9 concentrato in due sole parole, ma in realt\u00e0 comprende gli universi, l\u2019infinito, l\u2019Uno precisamente.<\/p>\n<blockquote><p><em>Quando mi fermo a contemplare ci\u00f2 che avviene intorno a me e dentro di me, riconosco questa realt\u00e0 che \u00e8 sempre presente, non si \u00e8 mai allontanata da me, mi accompagna dall\u2019eternit\u00e0\u2026<\/em><\/p><\/blockquote>\n<h3>Riflettiamo insieme&#8230;io Sono&#8230;<\/h3>\n<h2>Sono Stabilit\u00e0<\/h2>\n<p>Sono colui che \u00e8<span class=\"Apple-converted-space\">\u00a0 <\/span>perfetta stabilit\u00e0, e nulla pu\u00f2 sconvolgerlo, distrarlo, usarlo, proprio perch\u00e9 questa stabilit\u00e0 \u00e8 reale, mentre tutto ci\u00f2 che accade intorno \u00e8 finzione, condizionamento continuo costante degli incantesimi in atto.<\/p>\n<h2><img loading=\"lazy\" decoding=\"async\" class=\"size-medium wp-image-6987 alignleft\" src=\"https:\/\/lbcomunicazione.org\/wp-content\/uploads\/2020\/10\/photo_2020-10-22_19-45-13-300x200.jpg\" alt=\"\" width=\"300\" height=\"200\" srcset=\"https:\/\/lbcomunicazione.org\/wp-content\/uploads\/2020\/10\/photo_2020-10-22_19-45-13-300x200.jpg 300w, https:\/\/lbcomunicazione.org\/wp-content\/uploads\/2020\/10\/photo_2020-10-22_19-45-13-768x511.jpg 768w, https:\/\/lbcomunicazione.org\/wp-content\/uploads\/2020\/10\/photo_2020-10-22_19-45-13-520x346.jpg 520w, https:\/\/lbcomunicazione.org\/wp-content\/uploads\/2020\/10\/photo_2020-10-22_19-45-13.jpg 947w\" sizes=\"auto, (max-width: 300px) 100vw, 300px\" \/>Sono colui che \u00e8 armonia\u2026<\/h2>\n<p>Armonia, equilibrio perfetto, l\u2019aspetto emotivo \u00e8 pacato, rilassato, sereno\u2026e tutto \u00e8 una vera e propria meraviglia comunque. Essere armonici non significa essere spenti, tutt\u2019altro: \u00e8 una fase di perfetto equilibrio tra le emozioni e il centro, e le emozioni vengono guidate, non sono lasciate al caso, ma vengono guidate e di conseguenza vengono armonizzate.<\/p>\n<h2><\/h2>\n<h2>Sono colui che \u00e8 Unit\u00e0\u2026<\/h2>\n<p>Unit\u00e0 essere Uno\u2026la realt\u00e0 fondamentale e vitale della nostra esistenza, il vero stato dell\u2019essere\u2026<img loading=\"lazy\" decoding=\"async\" class=\"size-medium wp-image-6986 alignright\" src=\"https:\/\/lbcomunicazione.org\/wp-content\/uploads\/2020\/10\/photo_2020-10-22_19-45-42-225x300.jpg\" alt=\"\" width=\"225\" height=\"300\" srcset=\"https:\/\/lbcomunicazione.org\/wp-content\/uploads\/2020\/10\/photo_2020-10-22_19-45-42-225x300.jpg 225w, https:\/\/lbcomunicazione.org\/wp-content\/uploads\/2020\/10\/photo_2020-10-22_19-45-42-520x693.jpg 520w, https:\/\/lbcomunicazione.org\/wp-content\/uploads\/2020\/10\/photo_2020-10-22_19-45-42.jpg 540w\" sizes=\"auto, (max-width: 225px) 100vw, 225px\" \/><\/p>\n<p>Tutto \u00e8 Uno\u2026ma nella separazione non lo si riesce a vivere\u2026 In realt\u00e0 tutto \u00e8 Uno, tutto \u00e8 Unit\u00e0, e la divisione creata dalla mente sofferente e non, crea illusioni distruttive, anche nella convinzione dell\u2019essere giusti e consapevoli.<\/p>\n<p>L\u2019Unit\u00e0 non separa nulla, ma \u00e8 il fulcro dell\u2019unione degli opposti, e gli opposti quando rimangono tali comportano continue sofferenze e gioie, continua nascita e morte.<\/p>\n<p><em>Non \u00e8 in questo stato che si pu\u00f2 raggiungere in senso dell\u2019essere Uno..<\/em><\/p>\n<p>Uscire dal meccanismo della sofferenza \u00e8 fondamentale, indipendentemente dalla sua origine.<\/p>\n<p>Nessuno ha pi\u00f9 valore di un altro\u2026.se siamo Uno, siamo tutti dello stesso valore.<span class=\"Apple-converted-space\">\u00a0<\/span><\/p>\n<p>Partiamo da qui, e da qui noi siamo!<\/p>\n<h2>Sono il Centro&#8230;<\/h2>\n<h3><img loading=\"lazy\" decoding=\"async\" class=\"size-medium wp-image-6989 alignleft\" src=\"https:\/\/lbcomunicazione.org\/wp-content\/uploads\/2020\/10\/photo_2020-10-22_19-44-57-300x245.jpg\" alt=\"\" width=\"300\" height=\"245\" srcset=\"https:\/\/lbcomunicazione.org\/wp-content\/uploads\/2020\/10\/photo_2020-10-22_19-44-57-300x245.jpg 300w, https:\/\/lbcomunicazione.org\/wp-content\/uploads\/2020\/10\/photo_2020-10-22_19-44-57-1024x836.jpg 1024w, https:\/\/lbcomunicazione.org\/wp-content\/uploads\/2020\/10\/photo_2020-10-22_19-44-57-768x627.jpg 768w, https:\/\/lbcomunicazione.org\/wp-content\/uploads\/2020\/10\/photo_2020-10-22_19-44-57-520x425.jpg 520w, https:\/\/lbcomunicazione.org\/wp-content\/uploads\/2020\/10\/photo_2020-10-22_19-44-57.jpg 1080w\" sizes=\"auto, (max-width: 300px) 100vw, 300px\" \/>Io sono\u2026il Centro<\/h3>\n<p>Io sono il centro, il centro di tutto ci\u00f2 che gira intorno a me, come un sole che si trova in una posizione centrale e scalda i pianeti intorno\u2026 Come un cuore che pulsa e da la vita\u2026<\/p>\n<p>Il centro, il perno della ruota di una bicicletta, e i suoi raggi continuano a muoversi, ma lui rimane fermo, immobile, stabile appunto.<\/p>\n<p>L\u2019osservatore \u00e8 il centro, dove tutto si incontra e si fonde nell\u2019Unit\u00e0 universale.<\/p>\n<p><em><strong>La Coscienza risiede l\u00e0, l\u2019Osservatore risiede l\u00e0\u2026 Essere sublime di coscienza pura e pura visione del Tutto.<\/strong><\/em><\/p>\n<p>Nel centro tutto \u00e8 perfetto, tutto si unisce in questa grande Coscienza universale e si fonde nell\u2019infinito in un viaggio senza limite proprio perch\u00e9 Io Sono\u2026e non ho limite.<\/p>\n<p>Quindi la realt\u00e0 qual\u2019\u00e8? Io Sono\u2026semplicemente\u2026 Tutto il resto \u00e8 palcoscenico.<\/p>\n<p>Per altri articoli di Pittrice di parole, clicca <a href=\"https:\/\/lbcomunicazione.org\/index.php\/pittricediparole\/\">QUI<\/a><\/p>\n<p>&nbsp;<\/p>\n<p>&nbsp;<\/p>\n<p>&nbsp;<\/p>\n<p>&nbsp;<\/p>\n","protected":false},"excerpt":{"rendered":"<p>&nbsp; Io Sono l\u2019Anima dentro la tua anima Io Sono il Cuore dentro il tuo cuore<\/p>\n","protected":false},"author":12,"featured_media":6984,"comment_status":"open","ping_status":"closed","sticky":false,"template":"","format":"image","meta":{"footnotes":""},"categories":[181],"tags":[647],"class_list":["post-6982","post","type-post","status-publish","format-image","has-post-thumbnail","hentry","category-riflessioni","tag-io-sono","post_format-post-format-image"],"_links":{"self":[{"href":"https:\/\/lbcomunicazione.org\/index.php\/wp-json\/wp\/v2\/posts\/6982","targetHints":{"allow":["GET"]}}],"collection":[{"href":"https:\/\/lbcomunicazione.org\/index.php\/wp-json\/wp\/v2\/posts"}],"about":[{"href":"https:\/\/lbcomunicazione.org\/index.php\/wp-json\/wp\/v2\/types\/post"}],"author":[{"embeddable":true,"href":"https:\/\/lbcomunicazione.org\/index.php\/wp-json\/wp\/v2\/users\/12"}],"replies":[{"embeddable":true,"href":"https:\/\/lbcomunicazione.org\/index.php\/wp-json\/wp\/v2\/comments?post=6982"}],"version-history":[{"count":0,"href":"https:\/\/lbcomunicazione.org\/index.php\/wp-json\/wp\/v2\/posts\/6982\/revisions"}],"wp:featuredmedia":[{"embeddable":true,"href":"https:\/\/lbcomunicazione.org\/index.php\/wp-json\/wp\/v2\/media\/6984"}],"wp:attachment":[{"href":"https:\/\/lbcomunicazione.org\/index.php\/wp-json\/wp\/v2\/media?parent=6982"}],"wp:term":[{"taxonomy":"category","embeddable":true,"href":"https:\/\/lbcomunicazione.org\/index.php\/wp-json\/wp\/v2\/categories?post=6982"},{"taxonomy":"post_tag","embeddable":true,"href":"https:\/\/lbcomunicazione.org\/index.php\/wp-json\/wp\/v2\/tags?post=6982"}],"curies":[{"name":"wp","href":"https:\/\/api.w.org\/{rel}","templated":true}]}}