{"id":6971,"date":"2020-10-21T12:39:17","date_gmt":"2020-10-21T11:39:17","guid":{"rendered":"http:\/\/lbcomunicazione.org\/?p=6971"},"modified":"2020-10-21T12:43:44","modified_gmt":"2020-10-21T11:43:44","slug":"il-governo-e-il-covid19","status":"publish","type":"post","link":"https:\/\/lbcomunicazione.org\/index.php\/2020\/10\/21\/il-governo-e-il-covid19\/","title":{"rendered":"Il governo e il covid19"},"content":{"rendered":"<p>&nbsp;<\/p>\n<h3>Mi ero ripromessa di non scrivere pi\u00f9 del virus, &#8230;se crederci o se non crederci.<\/h3>\n<p>Personalmente, non credo sia una questione se ci si crede oppure no, molto probabilmente esiste ma \u00e8 sicuramente \u00e8 stata fatta tanta &#8220;confusione&#8221;.<\/p>\n<p>Ogni anno si muore d&#8217;influenza ma nessuna ne parla; &#8230;ci sono suicidi a causa della perdita del lavoro o della presenza di debiti, ma nessuno ne parla.<\/p>\n<p>Anno 2018\/19<\/p>\n<div id=\"attachment_6972\" style=\"width: 293px\" class=\"wp-caption aligncenter\"><a href=\"https:\/\/www.infodata.ilsole24ore.com\/2019\/08\/22\/andata-la-stagione-influenzale-tutti-numeri-italia\/?refresh_ce=1\"><img loading=\"lazy\" decoding=\"async\" aria-describedby=\"caption-attachment-6972\" class=\"wp-image-6972 size-medium\" src=\"https:\/\/lbcomunicazione.org\/wp-content\/uploads\/2020\/10\/Screenshot_22-283x300.png\" alt=\"\" width=\"283\" height=\"300\" srcset=\"https:\/\/lbcomunicazione.org\/wp-content\/uploads\/2020\/10\/Screenshot_22-283x300.png 283w, https:\/\/lbcomunicazione.org\/wp-content\/uploads\/2020\/10\/Screenshot_22-520x551.png 520w, https:\/\/lbcomunicazione.org\/wp-content\/uploads\/2020\/10\/Screenshot_22.png 526w\" sizes=\"auto, (max-width: 283px) 100vw, 283px\" \/><\/a><p id=\"caption-attachment-6972\" class=\"wp-caption-text\"><strong><em>Dal sole 24 ore<\/em><\/strong><\/p><\/div>\n<p><strong>Durante il periodo del Covid di marzo, sono morte tantissime persone<\/strong>.<\/p>\n<p><em>Ma quante realmente di Covid?<\/em><br \/>\n<em>Quante di morte naturale? E quante di tumore o altre malattie?<\/em><\/p>\n<p><strong>Fingiamo pure che siano morti tutti di Covid;<\/strong><\/p>\n<p><a href=\"https:\/\/tg24.sky.it\/economia\/aziende-fallite-coronavirus#00\"><img loading=\"lazy\" decoding=\"async\" class=\"size-medium wp-image-6973 alignleft\" src=\"https:\/\/lbcomunicazione.org\/wp-content\/uploads\/2020\/10\/Screenshot_23-300x151.png\" alt=\"\" width=\"300\" height=\"151\" srcset=\"https:\/\/lbcomunicazione.org\/wp-content\/uploads\/2020\/10\/Screenshot_23-300x151.png 300w, https:\/\/lbcomunicazione.org\/wp-content\/uploads\/2020\/10\/Screenshot_23-768x386.png 768w, https:\/\/lbcomunicazione.org\/wp-content\/uploads\/2020\/10\/Screenshot_23-520x262.png 520w, https:\/\/lbcomunicazione.org\/wp-content\/uploads\/2020\/10\/Screenshot_23.png 807w\" sizes=\"auto, (max-width: 300px) 100vw, 300px\" \/><\/a>Qui il link di tutte le fabbriche chiuse per Covid19 <a href=\"https:\/\/tg24.sky.it\/economia\/aziende-fallite-coronavirus#00\">https:\/\/tg24.sky.it\/economia\/aziende-fallite-coronavirus#00<\/a><\/p>\n<p>&#8230;ma sono state anche chiuse attivit\u00e0, fabbriche, &#8230;e molte persone erano rimaste a casa senza un guadagno. Tante non hanno nemmeno ripreso il lavoro, perch\u00e8 nel frattempo tante aziende non hanno mai pi\u00f9 riaperto dopo il lockdown&#8230;.<\/p>\n<p>&nbsp;<\/p>\n<h2><strong>Tutto questo, &#8230;il governo lo capisce?<\/strong><\/h2>\n<p>Ma se il Covid \u00e8 cos\u00ec pericoloso e bisogna stare a casa, perch\u00e8 il governo non toglie le tasse per il tempo che si resta a casa, e da bravi fratelli non iniziano anche loro a fare gli stessi sacrifici delle persone che rappresentano? &#8230;anche se non saranno mai gli stessi.<\/p>\n<div id=\"attachment_6974\" style=\"width: 310px\" class=\"wp-caption alignright\"><a href=\"https:\/\/www.money.it\/nuove-tasse-legge-di-bilancio-2020\"><img loading=\"lazy\" decoding=\"async\" aria-describedby=\"caption-attachment-6974\" class=\"wp-image-6974 size-medium\" src=\"https:\/\/lbcomunicazione.org\/wp-content\/uploads\/2020\/10\/Screenshot_24-300x147.png\" alt=\"\" width=\"300\" height=\"147\" srcset=\"https:\/\/lbcomunicazione.org\/wp-content\/uploads\/2020\/10\/Screenshot_24-300x147.png 300w, https:\/\/lbcomunicazione.org\/wp-content\/uploads\/2020\/10\/Screenshot_24-520x255.png 520w, https:\/\/lbcomunicazione.org\/wp-content\/uploads\/2020\/10\/Screenshot_24.png 645w\" sizes=\"auto, (max-width: 300px) 100vw, 300px\" \/><\/a><p id=\"caption-attachment-6974\" class=\"wp-caption-text\">Tasse di bilancio 2020 <a href=\"https:\/\/www.money.it\/nuove-tasse-legge-di-bilancio-2020\">https:\/\/www.money.it\/nuove-tasse-legge-di-bilancio-2020<\/a><\/p><\/div>\n<p>&#8230;e ora si sente nuovamente parlare di chiusure a orari anticipati, &#8230;probabili nuovi lockdown. Solo restrizioni, &#8230;e nessuna iniziativa per aiutare aziende e persone a vivere durante tutti questi giorni cos\u00ec difficili.<\/p>\n<p>&nbsp;<\/p>\n<p>&nbsp;<\/p>\n<p>&nbsp;<\/p>\n<p>&nbsp;<\/p>\n<p>&nbsp;<\/p>\n<p><em><strong>Non fermiamoci alle azioni negative<\/strong><\/em>, &#8230;alziamo lo sguardo e guardiamo anche chi si organizza per sostenere questi momenti bui. La community<a href=\"http:\/\/ilmondocheiosono.org\"> ilmondocheiosono.org<\/a><\/p>\n<div id=\"attachment_6975\" style=\"width: 296px\" class=\"wp-caption aligncenter\"><a href=\"http:\/\/ilmondocheiosono.org\"><img loading=\"lazy\" decoding=\"async\" aria-describedby=\"caption-attachment-6975\" class=\"wp-image-6975 size-medium\" src=\"https:\/\/lbcomunicazione.org\/wp-content\/uploads\/2020\/10\/Screenshot_25-286x300.png\" alt=\"\" width=\"286\" height=\"300\" srcset=\"https:\/\/lbcomunicazione.org\/wp-content\/uploads\/2020\/10\/Screenshot_25-286x300.png 286w, https:\/\/lbcomunicazione.org\/wp-content\/uploads\/2020\/10\/Screenshot_25-520x546.png 520w, https:\/\/lbcomunicazione.org\/wp-content\/uploads\/2020\/10\/Screenshot_25.png 583w\" sizes=\"auto, (max-width: 286px) 100vw, 286px\" \/><\/a><p id=\"caption-attachment-6975\" class=\"wp-caption-text\"><a href=\"http:\/\/ilmondocheiosono.org\">ilmondocheiosono.org<\/a><\/p><\/div>\n<p>ad esempio, pu\u00f2 sostenere la comunicazione tra aziende e persone, e pu\u00f2 sostenere l&#8217;organizzazione nella vendita online o telefonica, &#8230;e la consegna a domicilio.<br \/>\n&#8230;e nel fare tutto questo, sostiene l&#8217;Economia Etica, cio\u00e8 la suddivisione dei capitali tra molte persone e molte piccole aziende.\u00a0<a href=\"https:\/\/mercatoetico.org\/elgg_beezzup\/il-progetto\"> Il Progetto<\/a><\/p>\n<p>&nbsp;<\/p>\n<p>&nbsp;<\/p>\n","protected":false},"excerpt":{"rendered":"<p>&nbsp; Mi ero ripromessa di non scrivere pi\u00f9 del virus, &#8230;se crederci o se non crederci. Personalmente, non credo sia una questione se ci si crede oppure no, molto probabilmente esiste ma \u00e8 sicuramente \u00e8 stata&#46;&#46;&#46;<\/p>\n","protected":false},"author":3,"featured_media":6979,"comment_status":"open","ping_status":"closed","sticky":false,"template":"","format":"image","meta":{"footnotes":""},"categories":[6,10],"tags":[427,645,113,107,646],"class_list":["post-6971","post","type-post","status-publish","format-image","has-post-thumbnail","hentry","category-attualita","category-economia","tag-covid-19","tag-governo","tag-il-mondo-che-io-sono","tag-mercato-etico","tag-tasse","post_format-post-format-image"],"_links":{"self":[{"href":"https:\/\/lbcomunicazione.org\/index.php\/wp-json\/wp\/v2\/posts\/6971","targetHints":{"allow":["GET"]}}],"collection":[{"href":"https:\/\/lbcomunicazione.org\/index.php\/wp-json\/wp\/v2\/posts"}],"about":[{"href":"https:\/\/lbcomunicazione.org\/index.php\/wp-json\/wp\/v2\/types\/post"}],"author":[{"embeddable":true,"href":"https:\/\/lbcomunicazione.org\/index.php\/wp-json\/wp\/v2\/users\/3"}],"replies":[{"embeddable":true,"href":"https:\/\/lbcomunicazione.org\/index.php\/wp-json\/wp\/v2\/comments?post=6971"}],"version-history":[{"count":0,"href":"https:\/\/lbcomunicazione.org\/index.php\/wp-json\/wp\/v2\/posts\/6971\/revisions"}],"wp:featuredmedia":[{"embeddable":true,"href":"https:\/\/lbcomunicazione.org\/index.php\/wp-json\/wp\/v2\/media\/6979"}],"wp:attachment":[{"href":"https:\/\/lbcomunicazione.org\/index.php\/wp-json\/wp\/v2\/media?parent=6971"}],"wp:term":[{"taxonomy":"category","embeddable":true,"href":"https:\/\/lbcomunicazione.org\/index.php\/wp-json\/wp\/v2\/categories?post=6971"},{"taxonomy":"post_tag","embeddable":true,"href":"https:\/\/lbcomunicazione.org\/index.php\/wp-json\/wp\/v2\/tags?post=6971"}],"curies":[{"name":"wp","href":"https:\/\/api.w.org\/{rel}","templated":true}]}}