{"id":6923,"date":"2020-10-13T16:55:27","date_gmt":"2020-10-13T15:55:27","guid":{"rendered":"http:\/\/lbcomunicazione.org\/?p=6923"},"modified":"2020-10-13T16:55:27","modified_gmt":"2020-10-13T15:55:27","slug":"in-presenza-o-in-paura-scegli","status":"publish","type":"post","link":"https:\/\/lbcomunicazione.org\/index.php\/2020\/10\/13\/in-presenza-o-in-paura-scegli\/","title":{"rendered":"In Presenza o in Paura? Scegli!"},"content":{"rendered":"<div class=\"video-container\"><iframe loading=\"lazy\" title=\"blog TG24 la comunicazione &quot;  In Presenza o in Paura? Scegli! &quot;\" width=\"500\" height=\"281\" src=\"https:\/\/www.youtube.com\/embed\/cWRValZ1CiY?feature=oembed&#038;wmode=opaque\" frameborder=\"0\" allow=\"accelerometer; autoplay; clipboard-write; encrypted-media; gyroscope; picture-in-picture; web-share\" referrerpolicy=\"strict-origin-when-cross-origin\" allowfullscreen><\/iframe><\/div>\n<p>&nbsp;<\/p>\n<p>\u201c<em><strong>Quando ti arrendi a ci\u00f2 che esiste e diventi pienamente presente, il passato smette di avere potere.<\/strong><\/em><\/p>\n<p><em><strong>Il regno dell\u2019Essere, che era stato oscurato dalla mente, allora si dischiude.<\/strong><\/em><\/p>\n<p><em><strong>All\u2019improvviso nasce dentro di te una grande quiete, un insondabile senso di pace.<\/strong><\/em><\/p>\n<p><em><strong>E al suo interno c\u2019\u00e8 una grande gioia. Dentro questa gioia c\u2019\u00e8 l\u2019amore. E nel nucleo pi\u00f9 riposto, c\u2019\u00e8 il sacro, l\u2019incommensurabile, ci\u00f2 che non pu\u00f2 essere nominato.<\/strong><\/em>\u201d<\/p>\n<p>Eckart Tolle \u201cIl Potere di Adesso\u201d<!--more--><\/p>\n<p>Di <strong>Maria Diana<\/strong><\/p>\n<h2>Vivere in Presenza&#8230;<\/h2>\n<p>Eckart Tolle, in questa citazione, d\u00e0 una spiegazione molto interessante e precisa di ci\u00f2 che accade quando si vive in Presenza, nel momento presente, nell\u2019adesso.<\/p>\n<div id=\"attachment_6927\" style=\"width: 305px\" class=\"wp-caption alignright\"><img loading=\"lazy\" decoding=\"async\" aria-describedby=\"caption-attachment-6927\" class=\"wp-image-6927 size-medium\" src=\"https:\/\/lbcomunicazione.org\/wp-content\/uploads\/2020\/10\/photo_2020-08-23_20-28-55-295x300.jpg\" alt=\"\" width=\"295\" height=\"300\" srcset=\"https:\/\/lbcomunicazione.org\/wp-content\/uploads\/2020\/10\/photo_2020-08-23_20-28-55-295x300.jpg 295w, https:\/\/lbcomunicazione.org\/wp-content\/uploads\/2020\/10\/photo_2020-08-23_20-28-55-1007x1024.jpg 1007w, https:\/\/lbcomunicazione.org\/wp-content\/uploads\/2020\/10\/photo_2020-08-23_20-28-55-768x781.jpg 768w, https:\/\/lbcomunicazione.org\/wp-content\/uploads\/2020\/10\/photo_2020-08-23_20-28-55-520x529.jpg 520w, https:\/\/lbcomunicazione.org\/wp-content\/uploads\/2020\/10\/photo_2020-08-23_20-28-55.jpg 1080w\" sizes=\"auto, (max-width: 295px) 100vw, 295px\" \/><p id=\"caption-attachment-6927\" class=\"wp-caption-text\">Ricongiungiti all&#8217; Essenza&#8230;<\/p><\/div>\n<p>Vivere in presenza non \u00e8 semplice per l\u2019essere umano che \u00e8 abituato a vivere in una societ\u00e0 impostata nella corsa frenetica, nello disperdere il valore del tempo fino a non rendersi conto di cosa lo circonda, continuamente disturbato da informazioni dispersive e futili, da senso di ansiet\u00e0 e inquietudine, da svuotamento costante di valori e mancanza di percezioni importanti, come pace e amore.<\/p>\n<blockquote><p><em>L\u2019essere umano non \u00e8 nato per vivere una vita totalmente disagiata e dispersiva, ma \u00e8 nato per ritrovare se stesso in mezzo a questo caos.<\/em><\/p>\n<p><em>E\u2019 nato per ricongiungersi alla sua essenza, per riscoprirla e per viverla, soprattutto.<\/em><\/p>\n<p><em>E\u2019 nato perch\u00e9 come essere umano gioca un ruolo importante in questo universo, ma spesso si perde in cose che lo trattengono in catene e non sa come liberarsene.<\/em><\/p><\/blockquote>\n<h2>Il valore del tempo&#8230;<\/h2>\n<div id=\"attachment_6931\" style=\"width: 310px\" class=\"wp-caption alignleft\"><img loading=\"lazy\" decoding=\"async\" aria-describedby=\"caption-attachment-6931\" class=\"wp-image-6931 size-medium\" src=\"https:\/\/lbcomunicazione.org\/wp-content\/uploads\/2020\/10\/photo_2020-08-23_20-27-10-300x216.jpg\" alt=\"\" width=\"300\" height=\"216\" srcset=\"https:\/\/lbcomunicazione.org\/wp-content\/uploads\/2020\/10\/photo_2020-08-23_20-27-10-300x216.jpg 300w, https:\/\/lbcomunicazione.org\/wp-content\/uploads\/2020\/10\/photo_2020-08-23_20-27-10-1024x736.jpg 1024w, https:\/\/lbcomunicazione.org\/wp-content\/uploads\/2020\/10\/photo_2020-08-23_20-27-10-768x552.jpg 768w, https:\/\/lbcomunicazione.org\/wp-content\/uploads\/2020\/10\/photo_2020-08-23_20-27-10-520x374.jpg 520w, https:\/\/lbcomunicazione.org\/wp-content\/uploads\/2020\/10\/photo_2020-08-23_20-27-10.jpg 1077w\" sizes=\"auto, (max-width: 300px) 100vw, 300px\" \/><p id=\"caption-attachment-6931\" class=\"wp-caption-text\">La vita va vissuta appieno&#8230;<\/p><\/div>\n<p>Si pu\u00f2 dare un valore al tempo quando la vita frenetica di tutti i giorni, o meglio, l\u2019inganno nel quale si \u00e8 caduti pensando che questo sia la vita, ci porta a non avere tempo per fermarsi, per riflettere e, soprattutto, per contemplare quello che \u00e8 la vita stessa, nella sua meravigliosa e reale dimensione.<\/p>\n<p>Il tempo allora diventa prezioso, proprio perch\u00e9 \u00e8 fondamentale recuperarlo e adoperarlo in cose che hanno vita, che sono vita.<\/p>\n<p>Ci disperdiamo in cose morte, che ci tolgono la vita, e questo \u00e8 il punto focale: non stiamo vivendo!<\/p>\n<h3>La vita \u00e8 ADESSO, n\u00e9 prima, n\u00e9 dopo.<\/h3>\n<p><strong>La vita \u00e8 gioia, \u00e8 amore, \u00e8 sacra.<\/strong><\/p>\n<p>Nella sua sacralit\u00e0 va rispettata e amata, va vissuta appieno in tutto ci\u00f2 che \u00e8 stato creato per rendere questa vita piacevole e preziosa.<\/p>\n<h2>Presenza e profondit\u00e0&#8230;<\/h2>\n<div id=\"attachment_6928\" style=\"width: 310px\" class=\"wp-caption alignright\"><img loading=\"lazy\" decoding=\"async\" aria-describedby=\"caption-attachment-6928\" class=\"wp-image-6928 size-medium\" src=\"https:\/\/lbcomunicazione.org\/wp-content\/uploads\/2020\/10\/meditation-5286678_1920-300x200.jpg\" alt=\"\" width=\"300\" height=\"200\" srcset=\"https:\/\/lbcomunicazione.org\/wp-content\/uploads\/2020\/10\/meditation-5286678_1920-300x200.jpg 300w, https:\/\/lbcomunicazione.org\/wp-content\/uploads\/2020\/10\/meditation-5286678_1920-1024x683.jpg 1024w, https:\/\/lbcomunicazione.org\/wp-content\/uploads\/2020\/10\/meditation-5286678_1920-768x512.jpg 768w, https:\/\/lbcomunicazione.org\/wp-content\/uploads\/2020\/10\/meditation-5286678_1920-1536x1024.jpg 1536w, https:\/\/lbcomunicazione.org\/wp-content\/uploads\/2020\/10\/meditation-5286678_1920-520x347.jpg 520w, https:\/\/lbcomunicazione.org\/wp-content\/uploads\/2020\/10\/meditation-5286678_1920.jpg 1920w\" sizes=\"auto, (max-width: 300px) 100vw, 300px\" \/><p id=\"caption-attachment-6928\" class=\"wp-caption-text\">Vivere in Presenza&#8230;<\/p><\/div>\n<p>Per questo \u00e8 importante vivere in Presenza, vivere l\u2019adesso, perch\u00e9 solo in questo modo ci si pu\u00f2 rendere conto di quanta profondit\u00e0 esiste dentro e intorno a noi, di quante scoperte possiamo vivere rimanendo nel momento presente, di quante cose ci sfuggono continuando a correre dispersivi, cercando di raggiungere qualcosa che non c\u2019\u00e8, che non esiste, perch\u00e9 la vita stessa rischia di diventare una vera e propria finzione.<\/p>\n<p><em>Che senso ha vivere nella finzione per una pseudo sicurezza materiale e anche spirituale?<\/em><\/p>\n<p>Crediamo di essere ricchi, quando abbiamo dei beni materiali, e alcune volte questo accade anche con la spiritualit\u00e0. Non sempre siamo consapevoli di ci\u00f2 che percepiamo, e talvolta l\u2019inganno potrebbe avere diverse sfaccettature.<\/p>\n<h2>Il ruolo fondamentale della paura&#8230;<\/h2>\n<div id=\"attachment_6929\" style=\"width: 310px\" class=\"wp-caption alignleft\"><img loading=\"lazy\" decoding=\"async\" aria-describedby=\"caption-attachment-6929\" class=\"wp-image-6929 size-medium\" src=\"https:\/\/lbcomunicazione.org\/wp-content\/uploads\/2020\/10\/woman-73403_1920-300x225.jpg\" alt=\"\" width=\"300\" height=\"225\" srcset=\"https:\/\/lbcomunicazione.org\/wp-content\/uploads\/2020\/10\/woman-73403_1920-300x225.jpg 300w, https:\/\/lbcomunicazione.org\/wp-content\/uploads\/2020\/10\/woman-73403_1920-1024x768.jpg 1024w, https:\/\/lbcomunicazione.org\/wp-content\/uploads\/2020\/10\/woman-73403_1920-768x576.jpg 768w, https:\/\/lbcomunicazione.org\/wp-content\/uploads\/2020\/10\/woman-73403_1920-1536x1152.jpg 1536w, https:\/\/lbcomunicazione.org\/wp-content\/uploads\/2020\/10\/woman-73403_1920-520x390.jpg 520w, https:\/\/lbcomunicazione.org\/wp-content\/uploads\/2020\/10\/woman-73403_1920.jpg 1920w\" sizes=\"auto, (max-width: 300px) 100vw, 300px\" \/><p id=\"caption-attachment-6929\" class=\"wp-caption-text\">Lo stadio della paura&#8230;<\/p><\/div>\n<p>Consapevolmente e inconsapevolmente la paura gioca un ruolo fondamentale: riesce a deviare e a manipolare grazie alle menti che agiscono come delle spugne e rendono la vita delle persone talvolta un vero e proprio inferno.<\/p>\n<p>Informazioni deviate, ricatti morali e materiali, giochi di potere molto astuti e perversi stanno creando nelle persone dei modelli di schiavit\u00f9 gi\u00e0 predisposti a divenire il loro esercito, i loro servi ubbidienti fino alla morte.<span class=\"Apple-converted-space\">\u00a0<\/span><\/p>\n<p>Ma purtroppo quando si raggiunge questo stadio, la vita si \u00e8 gi\u00e0 spenta nei loro esseri, e da umani sono diventati ormai degli automi, anche pericolosi.<\/p>\n<p>Ognuno di noi pu\u00f2 fare della propria vita una vera e propria opera d\u2019arte, se solo scegliesse di vivere in Presenza.<\/p>\n<h2>La via di uscita&#8230;<\/h2>\n<p>Questa sicuramente \u00e8 la via di uscita da questo gioco distruttivo in atto, e se ci fate caso tutto mira a fare disperdere l\u2019attenzione dal momento presente.<\/p>\n<div id=\"attachment_6930\" style=\"width: 310px\" class=\"wp-caption alignright\"><img loading=\"lazy\" decoding=\"async\" aria-describedby=\"caption-attachment-6930\" class=\"wp-image-6930 size-medium\" src=\"https:\/\/lbcomunicazione.org\/wp-content\/uploads\/2020\/10\/photo_2020-08-23_20-25-20-300x284.jpg\" alt=\"\" width=\"300\" height=\"284\" srcset=\"https:\/\/lbcomunicazione.org\/wp-content\/uploads\/2020\/10\/photo_2020-08-23_20-25-20-300x284.jpg 300w, https:\/\/lbcomunicazione.org\/wp-content\/uploads\/2020\/10\/photo_2020-08-23_20-25-20-1024x968.jpg 1024w, https:\/\/lbcomunicazione.org\/wp-content\/uploads\/2020\/10\/photo_2020-08-23_20-25-20-768x726.jpg 768w, https:\/\/lbcomunicazione.org\/wp-content\/uploads\/2020\/10\/photo_2020-08-23_20-25-20-520x492.jpg 520w, https:\/\/lbcomunicazione.org\/wp-content\/uploads\/2020\/10\/photo_2020-08-23_20-25-20.jpg 1080w\" sizes=\"auto, (max-width: 300px) 100vw, 300px\" \/><p id=\"caption-attachment-6930\" class=\"wp-caption-text\">Ricordati chi sei&#8230;<\/p><\/div>\n<p>Non \u00e8 un caso che la societ\u00e0 \u00e8 stata impostata in questo modo, che l\u2019essere umano \u00e8 stato deviato in questo modo, che i valori esistenziali sono stati cancellati, sono stati in qualche modo rubati, lasciando spazio al vuoto, inteso come inutilit\u00e0.<\/p>\n<blockquote><p><em>Ma come si fa a raggiungere questo stato di Presenza? Lo dice Eckhart Tolle: arrendersi a ci\u00f2 che esiste, e ci\u00f2 che esiste \u00e8 il momento, non \u00e8 il passato, non \u00e8 il futuro, ma ci\u00f2 che vivi ora.<\/em><\/p><\/blockquote>\n<p>La meditazione, la preghiera, la contemplazione anche di un tramonto, di un fiore o altro, ti porta a vivere questo momento, e man mano che entri in questa dimensione presente ti rendi conto che tutto ci\u00f2 che ha a che fare con l\u2019illusione scompare, e la pace ti invade.<\/p>\n<p>Se entri in questo stato, troverai la forza e la consapevolezza di affrontare in stabilit\u00e0 e centratura ci\u00f2 che la vita di questa societ\u00e0 sta sviluppando in questo periodo per schiacciare ogni resistenza in atto\u2026<span class=\"Apple-converted-space\">\u00a0<\/span><\/p>\n<p><strong>Ricordati chi sei, \u00e8 importante, e recupera il tuo vero Essere Umano con la Presenza.<\/strong><\/p>\n<p>Per altri articoli di Pittrice di parole, clicca <a href=\"https:\/\/lbcomunicazione.org\/index.php\/pittricediparole\/\">QUI<\/a><\/p>\n<p>&nbsp;<\/p>\n","protected":false},"excerpt":{"rendered":"<p>&nbsp; \u201cQuando ti arrendi a ci\u00f2 che esiste e diventi pienamente presente, il passato smette di avere potere. Il regno dell\u2019Essere, che era stato oscurato dalla mente, allora si dischiude. All\u2019improvviso nasce dentro di te una grande quiete, un insondabile senso di pace. E al suo interno c\u2019\u00e8 una grande gioia. Dentro questa gioia c\u2019\u00e8 l\u2019amore. E nel nucleo pi\u00f9 riposto, c\u2019\u00e8 il sacro, l\u2019incommensurabile, ci\u00f2 che non pu\u00f2 essere nominato.\u201d Eckart Tolle \u201cIl Potere di Adesso\u201d<\/p>\n","protected":false},"author":12,"featured_media":6926,"comment_status":"open","ping_status":"closed","sticky":false,"template":"","format":"image","meta":{"_crdt_document":"","footnotes":""},"categories":[181],"tags":[304,637],"class_list":["post-6923","post","type-post","status-publish","format-image","has-post-thumbnail","hentry","category-riflessioni","tag-paura","tag-presenza","post_format-post-format-image"],"yoast_head":"<!-- This site is optimized with the Yoast SEO plugin v26.9 - https:\/\/yoast.com\/product\/yoast-seo-wordpress\/ -->\n<title>In Presenza o in Paura? Scegli! - blog TG24 la comunicazione<\/title>\n<meta name=\"robots\" content=\"index, follow, max-snippet:-1, max-image-preview:large, max-video-preview:-1\" \/>\n<link rel=\"canonical\" href=\"https:\/\/lbcomunicazione.org\/index.php\/2020\/10\/13\/in-presenza-o-in-paura-scegli\/\" \/>\n<meta property=\"og:locale\" content=\"it_IT\" \/>\n<meta property=\"og:type\" content=\"article\" \/>\n<meta property=\"og:title\" content=\"In Presenza o in Paura? Scegli! - blog TG24 la comunicazione\" \/>\n<meta property=\"og:description\" content=\"&nbsp; \u201cQuando ti arrendi a ci\u00f2 che esiste e diventi pienamente presente, il passato smette di avere potere. Il regno dell\u2019Essere, che era stato oscurato dalla mente, allora si dischiude. All\u2019improvviso nasce dentro di te una grande quiete, un insondabile senso di pace. E al suo interno c\u2019\u00e8 una grande gioia. Dentro questa gioia c\u2019\u00e8 l\u2019amore. E nel nucleo pi\u00f9 riposto, c\u2019\u00e8 il sacro, l\u2019incommensurabile, ci\u00f2 che non pu\u00f2 essere nominato.\u201d Eckart Tolle \u201cIl Potere di Adesso\u201d\" \/>\n<meta property=\"og:url\" content=\"https:\/\/lbcomunicazione.org\/index.php\/2020\/10\/13\/in-presenza-o-in-paura-scegli\/\" \/>\n<meta property=\"og:site_name\" content=\"blog TG24 la comunicazione\" \/>\n<meta property=\"article:publisher\" content=\"https:\/\/www.facebook.com\/beezzup\/\" \/>\n<meta property=\"article:published_time\" content=\"2020-10-13T15:55:27+00:00\" \/>\n<meta property=\"og:image\" content=\"https:\/\/lbcomunicazione.org\/wp-content\/uploads\/2020\/10\/sad-2042536_1920.jpg\" \/>\n\t<meta property=\"og:image:width\" content=\"1920\" \/>\n\t<meta property=\"og:image:height\" content=\"1280\" \/>\n\t<meta property=\"og:image:type\" content=\"image\/jpeg\" \/>\n<meta name=\"author\" content=\"Diana\" \/>\n<meta name=\"twitter:card\" content=\"summary_large_image\" \/>\n<meta name=\"twitter:creator\" content=\"@beezzup\" \/>\n<meta name=\"twitter:site\" content=\"@beezzup\" \/>\n<meta name=\"twitter:label1\" content=\"Scritto da\" \/>\n\t<meta name=\"twitter:data1\" content=\"Diana\" \/>\n\t<meta name=\"twitter:label2\" content=\"Tempo di lettura stimato\" \/>\n\t<meta name=\"twitter:data2\" content=\"4 minuti\" \/>\n<script type=\"application\/ld+json\" class=\"yoast-schema-graph\">{\"@context\":\"https:\/\/schema.org\",\"@graph\":[{\"@type\":\"Article\",\"@id\":\"https:\/\/lbcomunicazione.org\/index.php\/2020\/10\/13\/in-presenza-o-in-paura-scegli\/#article\",\"isPartOf\":{\"@id\":\"https:\/\/lbcomunicazione.org\/index.php\/2020\/10\/13\/in-presenza-o-in-paura-scegli\/\"},\"author\":{\"name\":\"Diana\",\"@id\":\"https:\/\/lbcomunicazione.org\/#\/schema\/person\/9f78fb4a635e4c4c13460b4bdf25f0a6\"},\"headline\":\"In Presenza o in Paura? Scegli!\",\"datePublished\":\"2020-10-13T15:55:27+00:00\",\"mainEntityOfPage\":{\"@id\":\"https:\/\/lbcomunicazione.org\/index.php\/2020\/10\/13\/in-presenza-o-in-paura-scegli\/\"},\"wordCount\":892,\"commentCount\":0,\"publisher\":{\"@id\":\"https:\/\/lbcomunicazione.org\/#organization\"},\"image\":{\"@id\":\"https:\/\/lbcomunicazione.org\/index.php\/2020\/10\/13\/in-presenza-o-in-paura-scegli\/#primaryimage\"},\"thumbnailUrl\":\"https:\/\/lbcomunicazione.org\/wp-content\/uploads\/2020\/10\/sad-2042536_1920.jpg\",\"keywords\":[\"paura\",\"Presenza\"],\"articleSection\":[\"riflessioni\"],\"inLanguage\":\"it-IT\",\"potentialAction\":[{\"@type\":\"CommentAction\",\"name\":\"Comment\",\"target\":[\"https:\/\/lbcomunicazione.org\/index.php\/2020\/10\/13\/in-presenza-o-in-paura-scegli\/#respond\"]}]},{\"@type\":\"WebPage\",\"@id\":\"https:\/\/lbcomunicazione.org\/index.php\/2020\/10\/13\/in-presenza-o-in-paura-scegli\/\",\"url\":\"https:\/\/lbcomunicazione.org\/index.php\/2020\/10\/13\/in-presenza-o-in-paura-scegli\/\",\"name\":\"In Presenza o in Paura? Scegli! - blog TG24 la comunicazione\",\"isPartOf\":{\"@id\":\"https:\/\/lbcomunicazione.org\/#website\"},\"primaryImageOfPage\":{\"@id\":\"https:\/\/lbcomunicazione.org\/index.php\/2020\/10\/13\/in-presenza-o-in-paura-scegli\/#primaryimage\"},\"image\":{\"@id\":\"https:\/\/lbcomunicazione.org\/index.php\/2020\/10\/13\/in-presenza-o-in-paura-scegli\/#primaryimage\"},\"thumbnailUrl\":\"https:\/\/lbcomunicazione.org\/wp-content\/uploads\/2020\/10\/sad-2042536_1920.jpg\",\"datePublished\":\"2020-10-13T15:55:27+00:00\",\"breadcrumb\":{\"@id\":\"https:\/\/lbcomunicazione.org\/index.php\/2020\/10\/13\/in-presenza-o-in-paura-scegli\/#breadcrumb\"},\"inLanguage\":\"it-IT\",\"potentialAction\":[{\"@type\":\"ReadAction\",\"target\":[\"https:\/\/lbcomunicazione.org\/index.php\/2020\/10\/13\/in-presenza-o-in-paura-scegli\/\"]}]},{\"@type\":\"ImageObject\",\"inLanguage\":\"it-IT\",\"@id\":\"https:\/\/lbcomunicazione.org\/index.php\/2020\/10\/13\/in-presenza-o-in-paura-scegli\/#primaryimage\",\"url\":\"https:\/\/lbcomunicazione.org\/wp-content\/uploads\/2020\/10\/sad-2042536_1920.jpg\",\"contentUrl\":\"https:\/\/lbcomunicazione.org\/wp-content\/uploads\/2020\/10\/sad-2042536_1920.jpg\",\"width\":1920,\"height\":1280},{\"@type\":\"BreadcrumbList\",\"@id\":\"https:\/\/lbcomunicazione.org\/index.php\/2020\/10\/13\/in-presenza-o-in-paura-scegli\/#breadcrumb\",\"itemListElement\":[{\"@type\":\"ListItem\",\"position\":1,\"name\":\"Home\",\"item\":\"https:\/\/lbcomunicazione.org\/\"},{\"@type\":\"ListItem\",\"position\":2,\"name\":\"In Presenza o in Paura? Scegli!\"}]},{\"@type\":\"WebSite\",\"@id\":\"https:\/\/lbcomunicazione.org\/#website\",\"url\":\"https:\/\/lbcomunicazione.org\/\",\"name\":\"blogTG24lacomunicazione.org\",\"description\":\"Siamo una squadra di blogger, che desiderano dare voce a quelle notizie, realt\u00e0, associazioni, che non sono divulgate dai giornali e media\",\"publisher\":{\"@id\":\"https:\/\/lbcomunicazione.org\/#organization\"},\"potentialAction\":[{\"@type\":\"SearchAction\",\"target\":{\"@type\":\"EntryPoint\",\"urlTemplate\":\"https:\/\/lbcomunicazione.org\/?s={search_term_string}\"},\"query-input\":{\"@type\":\"PropertyValueSpecification\",\"valueRequired\":true,\"valueName\":\"search_term_string\"}}],\"inLanguage\":\"it-IT\"},{\"@type\":\"Organization\",\"@id\":\"https:\/\/lbcomunicazione.org\/#organization\",\"name\":\"blogtg24lacomunicazione\",\"url\":\"https:\/\/lbcomunicazione.org\/\",\"logo\":{\"@type\":\"ImageObject\",\"inLanguage\":\"it-IT\",\"@id\":\"https:\/\/lbcomunicazione.org\/#\/schema\/logo\/image\/\",\"url\":\"https:\/\/lbcomunicazione.org\/wp-content\/uploads\/2019\/01\/logo-cfpblogger.jpg\",\"contentUrl\":\"https:\/\/lbcomunicazione.org\/wp-content\/uploads\/2019\/01\/logo-cfpblogger.jpg\",\"width\":680,\"height\":709,\"caption\":\"blogtg24lacomunicazione\"},\"image\":{\"@id\":\"https:\/\/lbcomunicazione.org\/#\/schema\/logo\/image\/\"},\"sameAs\":[\"https:\/\/www.facebook.com\/beezzup\/\",\"https:\/\/x.com\/beezzup\",\"https:\/\/www.instagram.com\/beezzup\/\",\"https:\/\/www.pinterest.it\/beezzup\/\",\"https:\/\/www.youtube.com\/channel\/UCPeEGg5tKdoyOPK--mGE5Yg\"]},{\"@type\":\"Person\",\"@id\":\"https:\/\/lbcomunicazione.org\/#\/schema\/person\/9f78fb4a635e4c4c13460b4bdf25f0a6\",\"name\":\"Diana\",\"image\":{\"@type\":\"ImageObject\",\"inLanguage\":\"it-IT\",\"@id\":\"https:\/\/lbcomunicazione.org\/#\/schema\/person\/image\/\",\"url\":\"https:\/\/secure.gravatar.com\/avatar\/aa52899ec89e7ca816b280bfb117392a90ed7667c233164dc569a91e4020cab6?s=96&d=mm&r=g\",\"contentUrl\":\"https:\/\/secure.gravatar.com\/avatar\/aa52899ec89e7ca816b280bfb117392a90ed7667c233164dc569a91e4020cab6?s=96&d=mm&r=g\",\"caption\":\"Diana\"},\"description\":\"Ciao, sono Diana e ti d\u00f2 il benvenuto come visitatore in questa pagina dove posso scambiare insieme a te idee ed esperienze che sono in continua evoluzione, in continua crescita. Questo \u00e8 il mio sostanziale desiderio: condividere il proprio intuire, il proprio sentire al di l\u00e0 di un semplice libro, ma attraverso lo studio delle esperienze di vita e degli strumenti che sono a portata di mano di ognuno di noi, come la natura, il cielo, gli occhi di una persona, il sentire del cuore e cos\u00ec via.....Io li chiamo strumenti viventi. Ecco, questo \u00e8 il mio sentire, questo \u00e8 il mio vivere. Se ti pu\u00f2 interessare visita questo sito: sei il\/la benvenuto\/a!\",\"url\":\"https:\/\/lbcomunicazione.org\/index.php\/author\/maria\/\"}]}<\/script>\n<!-- \/ Yoast SEO plugin. -->","yoast_head_json":{"title":"In Presenza o in Paura? Scegli! - blog TG24 la comunicazione","robots":{"index":"index","follow":"follow","max-snippet":"max-snippet:-1","max-image-preview":"max-image-preview:large","max-video-preview":"max-video-preview:-1"},"canonical":"https:\/\/lbcomunicazione.org\/index.php\/2020\/10\/13\/in-presenza-o-in-paura-scegli\/","og_locale":"it_IT","og_type":"article","og_title":"In Presenza o in Paura? Scegli! - blog TG24 la comunicazione","og_description":"&nbsp; \u201cQuando ti arrendi a ci\u00f2 che esiste e diventi pienamente presente, il passato smette di avere potere. Il regno dell\u2019Essere, che era stato oscurato dalla mente, allora si dischiude. All\u2019improvviso nasce dentro di te una grande quiete, un insondabile senso di pace. E al suo interno c\u2019\u00e8 una grande gioia. Dentro questa gioia c\u2019\u00e8 l\u2019amore. E nel nucleo pi\u00f9 riposto, c\u2019\u00e8 il sacro, l\u2019incommensurabile, ci\u00f2 che non pu\u00f2 essere nominato.\u201d Eckart Tolle \u201cIl Potere di Adesso\u201d","og_url":"https:\/\/lbcomunicazione.org\/index.php\/2020\/10\/13\/in-presenza-o-in-paura-scegli\/","og_site_name":"blog TG24 la comunicazione","article_publisher":"https:\/\/www.facebook.com\/beezzup\/","article_published_time":"2020-10-13T15:55:27+00:00","og_image":[{"width":1920,"height":1280,"url":"https:\/\/lbcomunicazione.org\/wp-content\/uploads\/2020\/10\/sad-2042536_1920.jpg","type":"image\/jpeg"}],"author":"Diana","twitter_card":"summary_large_image","twitter_creator":"@beezzup","twitter_site":"@beezzup","twitter_misc":{"Scritto da":"Diana","Tempo di lettura stimato":"4 minuti"},"schema":{"@context":"https:\/\/schema.org","@graph":[{"@type":"Article","@id":"https:\/\/lbcomunicazione.org\/index.php\/2020\/10\/13\/in-presenza-o-in-paura-scegli\/#article","isPartOf":{"@id":"https:\/\/lbcomunicazione.org\/index.php\/2020\/10\/13\/in-presenza-o-in-paura-scegli\/"},"author":{"name":"Diana","@id":"https:\/\/lbcomunicazione.org\/#\/schema\/person\/9f78fb4a635e4c4c13460b4bdf25f0a6"},"headline":"In Presenza o in Paura? Scegli!","datePublished":"2020-10-13T15:55:27+00:00","mainEntityOfPage":{"@id":"https:\/\/lbcomunicazione.org\/index.php\/2020\/10\/13\/in-presenza-o-in-paura-scegli\/"},"wordCount":892,"commentCount":0,"publisher":{"@id":"https:\/\/lbcomunicazione.org\/#organization"},"image":{"@id":"https:\/\/lbcomunicazione.org\/index.php\/2020\/10\/13\/in-presenza-o-in-paura-scegli\/#primaryimage"},"thumbnailUrl":"https:\/\/lbcomunicazione.org\/wp-content\/uploads\/2020\/10\/sad-2042536_1920.jpg","keywords":["paura","Presenza"],"articleSection":["riflessioni"],"inLanguage":"it-IT","potentialAction":[{"@type":"CommentAction","name":"Comment","target":["https:\/\/lbcomunicazione.org\/index.php\/2020\/10\/13\/in-presenza-o-in-paura-scegli\/#respond"]}]},{"@type":"WebPage","@id":"https:\/\/lbcomunicazione.org\/index.php\/2020\/10\/13\/in-presenza-o-in-paura-scegli\/","url":"https:\/\/lbcomunicazione.org\/index.php\/2020\/10\/13\/in-presenza-o-in-paura-scegli\/","name":"In Presenza o in Paura? Scegli! - blog TG24 la comunicazione","isPartOf":{"@id":"https:\/\/lbcomunicazione.org\/#website"},"primaryImageOfPage":{"@id":"https:\/\/lbcomunicazione.org\/index.php\/2020\/10\/13\/in-presenza-o-in-paura-scegli\/#primaryimage"},"image":{"@id":"https:\/\/lbcomunicazione.org\/index.php\/2020\/10\/13\/in-presenza-o-in-paura-scegli\/#primaryimage"},"thumbnailUrl":"https:\/\/lbcomunicazione.org\/wp-content\/uploads\/2020\/10\/sad-2042536_1920.jpg","datePublished":"2020-10-13T15:55:27+00:00","breadcrumb":{"@id":"https:\/\/lbcomunicazione.org\/index.php\/2020\/10\/13\/in-presenza-o-in-paura-scegli\/#breadcrumb"},"inLanguage":"it-IT","potentialAction":[{"@type":"ReadAction","target":["https:\/\/lbcomunicazione.org\/index.php\/2020\/10\/13\/in-presenza-o-in-paura-scegli\/"]}]},{"@type":"ImageObject","inLanguage":"it-IT","@id":"https:\/\/lbcomunicazione.org\/index.php\/2020\/10\/13\/in-presenza-o-in-paura-scegli\/#primaryimage","url":"https:\/\/lbcomunicazione.org\/wp-content\/uploads\/2020\/10\/sad-2042536_1920.jpg","contentUrl":"https:\/\/lbcomunicazione.org\/wp-content\/uploads\/2020\/10\/sad-2042536_1920.jpg","width":1920,"height":1280},{"@type":"BreadcrumbList","@id":"https:\/\/lbcomunicazione.org\/index.php\/2020\/10\/13\/in-presenza-o-in-paura-scegli\/#breadcrumb","itemListElement":[{"@type":"ListItem","position":1,"name":"Home","item":"https:\/\/lbcomunicazione.org\/"},{"@type":"ListItem","position":2,"name":"In Presenza o in Paura? Scegli!"}]},{"@type":"WebSite","@id":"https:\/\/lbcomunicazione.org\/#website","url":"https:\/\/lbcomunicazione.org\/","name":"blogTG24lacomunicazione.org","description":"Siamo una squadra di blogger, che desiderano dare voce a quelle notizie, realt\u00e0, associazioni, che non sono divulgate dai giornali e media","publisher":{"@id":"https:\/\/lbcomunicazione.org\/#organization"},"potentialAction":[{"@type":"SearchAction","target":{"@type":"EntryPoint","urlTemplate":"https:\/\/lbcomunicazione.org\/?s={search_term_string}"},"query-input":{"@type":"PropertyValueSpecification","valueRequired":true,"valueName":"search_term_string"}}],"inLanguage":"it-IT"},{"@type":"Organization","@id":"https:\/\/lbcomunicazione.org\/#organization","name":"blogtg24lacomunicazione","url":"https:\/\/lbcomunicazione.org\/","logo":{"@type":"ImageObject","inLanguage":"it-IT","@id":"https:\/\/lbcomunicazione.org\/#\/schema\/logo\/image\/","url":"https:\/\/lbcomunicazione.org\/wp-content\/uploads\/2019\/01\/logo-cfpblogger.jpg","contentUrl":"https:\/\/lbcomunicazione.org\/wp-content\/uploads\/2019\/01\/logo-cfpblogger.jpg","width":680,"height":709,"caption":"blogtg24lacomunicazione"},"image":{"@id":"https:\/\/lbcomunicazione.org\/#\/schema\/logo\/image\/"},"sameAs":["https:\/\/www.facebook.com\/beezzup\/","https:\/\/x.com\/beezzup","https:\/\/www.instagram.com\/beezzup\/","https:\/\/www.pinterest.it\/beezzup\/","https:\/\/www.youtube.com\/channel\/UCPeEGg5tKdoyOPK--mGE5Yg"]},{"@type":"Person","@id":"https:\/\/lbcomunicazione.org\/#\/schema\/person\/9f78fb4a635e4c4c13460b4bdf25f0a6","name":"Diana","image":{"@type":"ImageObject","inLanguage":"it-IT","@id":"https:\/\/lbcomunicazione.org\/#\/schema\/person\/image\/","url":"https:\/\/secure.gravatar.com\/avatar\/aa52899ec89e7ca816b280bfb117392a90ed7667c233164dc569a91e4020cab6?s=96&d=mm&r=g","contentUrl":"https:\/\/secure.gravatar.com\/avatar\/aa52899ec89e7ca816b280bfb117392a90ed7667c233164dc569a91e4020cab6?s=96&d=mm&r=g","caption":"Diana"},"description":"Ciao, sono Diana e ti d\u00f2 il benvenuto come visitatore in questa pagina dove posso scambiare insieme a te idee ed esperienze che sono in continua evoluzione, in continua crescita. Questo \u00e8 il mio sostanziale desiderio: condividere il proprio intuire, il proprio sentire al di l\u00e0 di un semplice libro, ma attraverso lo studio delle esperienze di vita e degli strumenti che sono a portata di mano di ognuno di noi, come la natura, il cielo, gli occhi di una persona, il sentire del cuore e cos\u00ec via.....Io li chiamo strumenti viventi. Ecco, questo \u00e8 il mio sentire, questo \u00e8 il mio vivere. Se ti pu\u00f2 interessare visita questo sito: sei il\/la benvenuto\/a!","url":"https:\/\/lbcomunicazione.org\/index.php\/author\/maria\/"}]}},"_links":{"self":[{"href":"https:\/\/lbcomunicazione.org\/index.php\/wp-json\/wp\/v2\/posts\/6923","targetHints":{"allow":["GET"]}}],"collection":[{"href":"https:\/\/lbcomunicazione.org\/index.php\/wp-json\/wp\/v2\/posts"}],"about":[{"href":"https:\/\/lbcomunicazione.org\/index.php\/wp-json\/wp\/v2\/types\/post"}],"author":[{"embeddable":true,"href":"https:\/\/lbcomunicazione.org\/index.php\/wp-json\/wp\/v2\/users\/12"}],"replies":[{"embeddable":true,"href":"https:\/\/lbcomunicazione.org\/index.php\/wp-json\/wp\/v2\/comments?post=6923"}],"version-history":[{"count":0,"href":"https:\/\/lbcomunicazione.org\/index.php\/wp-json\/wp\/v2\/posts\/6923\/revisions"}],"wp:featuredmedia":[{"embeddable":true,"href":"https:\/\/lbcomunicazione.org\/index.php\/wp-json\/wp\/v2\/media\/6926"}],"wp:attachment":[{"href":"https:\/\/lbcomunicazione.org\/index.php\/wp-json\/wp\/v2\/media?parent=6923"}],"wp:term":[{"taxonomy":"category","embeddable":true,"href":"https:\/\/lbcomunicazione.org\/index.php\/wp-json\/wp\/v2\/categories?post=6923"},{"taxonomy":"post_tag","embeddable":true,"href":"https:\/\/lbcomunicazione.org\/index.php\/wp-json\/wp\/v2\/tags?post=6923"}],"curies":[{"name":"wp","href":"https:\/\/api.w.org\/{rel}","templated":true}]}}