{"id":6726,"date":"2020-09-15T07:20:20","date_gmt":"2020-09-15T06:20:20","guid":{"rendered":"http:\/\/lbcomunicazione.org\/?p=6726"},"modified":"2020-09-15T07:20:20","modified_gmt":"2020-09-15T06:20:20","slug":"il-primo-giorno-di-scuola","status":"publish","type":"post","link":"https:\/\/lbcomunicazione.org\/index.php\/2020\/09\/15\/il-primo-giorno-di-scuola\/","title":{"rendered":"Il primo giorno di scuola"},"content":{"rendered":"<p>Chi non ricorda il primo giorno di scuola?<\/p>\n<div id=\"attachment_6730\" style=\"width: 310px\" class=\"wp-caption alignnone\"><img loading=\"lazy\" decoding=\"async\" aria-describedby=\"caption-attachment-6730\" class=\"wp-image-6730 size-medium\" src=\"https:\/\/lbcomunicazione.org\/wp-content\/uploads\/2020\/09\/Screenshot_4-300x240.png\" alt=\"\" width=\"300\" height=\"240\" srcset=\"https:\/\/lbcomunicazione.org\/wp-content\/uploads\/2020\/09\/Screenshot_4-300x240.png 300w, https:\/\/lbcomunicazione.org\/wp-content\/uploads\/2020\/09\/Screenshot_4.png 351w\" sizes=\"auto, (max-width: 300px) 100vw, 300px\" \/><p id=\"caption-attachment-6730\" class=\"wp-caption-text\">Ieri<\/p><\/div>\n<div id=\"attachment_6728\" style=\"width: 269px\" class=\"wp-caption alignright\"><img loading=\"lazy\" decoding=\"async\" aria-describedby=\"caption-attachment-6728\" class=\"wp-image-6728 size-full\" src=\"https:\/\/lbcomunicazione.org\/wp-content\/uploads\/2020\/09\/Screenshot_5.png\" alt=\"\" width=\"259\" height=\"178\" \/><p id=\"caption-attachment-6728\" class=\"wp-caption-text\">Ieri<\/p><\/div>\n<p>&nbsp;<\/p>\n<p>Il profumo dei libri nuovi nello zaino, &#8230;la tensione per non sapere cosa ci aspetta durante l&#8217;anno.<\/p>\n<div id=\"attachment_6729\" style=\"width: 310px\" class=\"wp-caption alignnone\"><img loading=\"lazy\" decoding=\"async\" aria-describedby=\"caption-attachment-6729\" class=\"wp-image-6729 size-medium\" src=\"https:\/\/lbcomunicazione.org\/wp-content\/uploads\/2020\/09\/Screenshot_1-300x214.png\" alt=\"\" width=\"300\" height=\"214\" srcset=\"https:\/\/lbcomunicazione.org\/wp-content\/uploads\/2020\/09\/Screenshot_1-300x214.png 300w, https:\/\/lbcomunicazione.org\/wp-content\/uploads\/2020\/09\/Screenshot_1.png 373w\" sizes=\"auto, (max-width: 300px) 100vw, 300px\" \/><p id=\"caption-attachment-6729\" class=\"wp-caption-text\">Ieri<\/p><\/div>\n<p>L&#8217;unica cosa intuibile era che si doveva imparare cose nuove.<\/p>\n<div id=\"attachment_6731\" style=\"width: 311px\" class=\"wp-caption aligncenter\"><img loading=\"lazy\" decoding=\"async\" aria-describedby=\"caption-attachment-6731\" class=\"wp-image-6731 size-full\" src=\"https:\/\/lbcomunicazione.org\/wp-content\/uploads\/2020\/09\/Screenshot_7.png\" alt=\"\" width=\"301\" height=\"226\" \/><p id=\"caption-attachment-6731\" class=\"wp-caption-text\">Oggi<\/p><\/div>\n<p>&nbsp;<\/p>\n<div id=\"attachment_6732\" style=\"width: 310px\" class=\"wp-caption alignnone\"><img loading=\"lazy\" decoding=\"async\" aria-describedby=\"caption-attachment-6732\" class=\"wp-image-6732 size-medium\" src=\"https:\/\/lbcomunicazione.org\/wp-content\/uploads\/2020\/09\/Screenshot_6-300x254.png\" alt=\"\" width=\"300\" height=\"254\" srcset=\"https:\/\/lbcomunicazione.org\/wp-content\/uploads\/2020\/09\/Screenshot_6-300x254.png 300w, https:\/\/lbcomunicazione.org\/wp-content\/uploads\/2020\/09\/Screenshot_6.png 318w\" sizes=\"auto, (max-width: 300px) 100vw, 300px\" \/><p id=\"caption-attachment-6732\" class=\"wp-caption-text\">Oggi<\/p><\/div>\n<p>&nbsp;<\/p>\n<p>Quest&#8217;anno oltre ad imparare storia geografia ecc&#8230; si deve imparare anche come vivere con il &#8220;Covid19&#8221;.<br \/>\nEsiste? &#8230;non esiste? &#8230;fa cos\u00ec paura! &#8230;mah<\/p>\n<div id=\"attachment_6733\" style=\"width: 310px\" class=\"wp-caption aligncenter\"><img loading=\"lazy\" decoding=\"async\" aria-describedby=\"caption-attachment-6733\" class=\"wp-image-6733 size-medium\" src=\"https:\/\/lbcomunicazione.org\/wp-content\/uploads\/2020\/09\/Screenshot_3-300x164.png\" alt=\"\" width=\"300\" height=\"164\" srcset=\"https:\/\/lbcomunicazione.org\/wp-content\/uploads\/2020\/09\/Screenshot_3-300x164.png 300w, https:\/\/lbcomunicazione.org\/wp-content\/uploads\/2020\/09\/Screenshot_3-520x285.png 520w, https:\/\/lbcomunicazione.org\/wp-content\/uploads\/2020\/09\/Screenshot_3.png 657w\" sizes=\"auto, (max-width: 300px) 100vw, 300px\" \/><p id=\"caption-attachment-6733\" class=\"wp-caption-text\">Regole Covid19<\/p><\/div>\n<p>Tutti abbiamo il permesso nel nostro cuore di pensarla come vogliamo, perch\u00e8 il ministro dell&#8217;istruzione Lucia Azzolina ha stabilito questo:<\/p>\n<div id=\"attachment_6727\" style=\"width: 310px\" class=\"wp-caption aligncenter\"><img loading=\"lazy\" decoding=\"async\" aria-describedby=\"caption-attachment-6727\" class=\"wp-image-6727 size-medium\" src=\"https:\/\/lbcomunicazione.org\/wp-content\/uploads\/2020\/09\/Screenshot_11-300x236.png\" alt=\"\" width=\"300\" height=\"236\" srcset=\"https:\/\/lbcomunicazione.org\/wp-content\/uploads\/2020\/09\/Screenshot_11-300x236.png 300w, https:\/\/lbcomunicazione.org\/wp-content\/uploads\/2020\/09\/Screenshot_11.png 312w\" sizes=\"auto, (max-width: 300px) 100vw, 300px\" \/><p id=\"caption-attachment-6727\" class=\"wp-caption-text\">Azzolina Ministro della scuola<\/p><\/div>\n<p><a href=\"https:\/\/www.miur.gov.it\/documents\/20182\/2467413\/Protocollo_sicurezza.pdf\/292ee17f-75cd-3f43-82e0-373d69ece80f?t=1596709448986\">https:\/\/www.miur.gov.it\/documents\/20182\/2467413\/Protocollo_sicurezza.pdf\/292ee17f-75cd-3f43-82e0-373d69ece80f?t=1596709448986<\/a><\/p>\n<p>Ora mi preme una sola domanda&#8230;<br \/>\nQuando fuori ci saranno gradi vicino o sotto lo zero, e far\u00e0 freddo, &#8230;e quindi l&#8217;aula non pu\u00f2 essere arieggiata; cosa succeder\u00e0 in classe? Visto che per vivere, bisogna respirare?<\/p>\n<p>Probabilmente non ci sono altre soluzioni; &#8230;oppure invece ci sono?<br \/>\nPerch\u00e9 il Covid19 non \u00e8 l&#8217;unico problema&#8230;. hanno stanziato soldi (dicono) per questa emergenza;<\/p>\n<p>e per avere nuovi insegnanti?\u00a0 Per dare un istruzione occorrono persone che insegnano!<\/p>\n<p>Ci sono o non ci sono?<\/p>\n<p>Voglio sperare che a scuola i giovani inizino a capire fin da subito come munirsi di amore e voglia di fare per creare un Mondo Migliore; &#8230; e che possano fare meglio di noi che ci siamo spesso riposati sugli allori che abbiamo avuto grazie ai nostri nonni.<\/p>\n<p>&nbsp;<\/p>\n","protected":false},"excerpt":{"rendered":"<p>Chi non ricorda il primo giorno di scuola? &nbsp; Il profumo dei libri nuovi nello zaino, &#8230;la tensione per non sapere cosa ci aspetta durante l&#8217;anno. L&#8217;unica cosa intuibile era che si doveva imparare cose nuove.&#46;&#46;&#46;<\/p>\n","protected":false},"author":3,"featured_media":6734,"comment_status":"open","ping_status":"closed","sticky":false,"template":"","format":"image","meta":{"footnotes":""},"categories":[6],"tags":[615,616,117],"class_list":["post-6726","post","type-post","status-publish","format-image","has-post-thumbnail","hentry","category-attualita","tag-covid19","tag-istruzione","tag-scuola","post_format-post-format-image"],"_links":{"self":[{"href":"https:\/\/lbcomunicazione.org\/index.php\/wp-json\/wp\/v2\/posts\/6726","targetHints":{"allow":["GET"]}}],"collection":[{"href":"https:\/\/lbcomunicazione.org\/index.php\/wp-json\/wp\/v2\/posts"}],"about":[{"href":"https:\/\/lbcomunicazione.org\/index.php\/wp-json\/wp\/v2\/types\/post"}],"author":[{"embeddable":true,"href":"https:\/\/lbcomunicazione.org\/index.php\/wp-json\/wp\/v2\/users\/3"}],"replies":[{"embeddable":true,"href":"https:\/\/lbcomunicazione.org\/index.php\/wp-json\/wp\/v2\/comments?post=6726"}],"version-history":[{"count":0,"href":"https:\/\/lbcomunicazione.org\/index.php\/wp-json\/wp\/v2\/posts\/6726\/revisions"}],"wp:featuredmedia":[{"embeddable":true,"href":"https:\/\/lbcomunicazione.org\/index.php\/wp-json\/wp\/v2\/media\/6734"}],"wp:attachment":[{"href":"https:\/\/lbcomunicazione.org\/index.php\/wp-json\/wp\/v2\/media?parent=6726"}],"wp:term":[{"taxonomy":"category","embeddable":true,"href":"https:\/\/lbcomunicazione.org\/index.php\/wp-json\/wp\/v2\/categories?post=6726"},{"taxonomy":"post_tag","embeddable":true,"href":"https:\/\/lbcomunicazione.org\/index.php\/wp-json\/wp\/v2\/tags?post=6726"}],"curies":[{"name":"wp","href":"https:\/\/api.w.org\/{rel}","templated":true}]}}