{"id":6617,"date":"2020-08-30T10:16:41","date_gmt":"2020-08-30T09:16:41","guid":{"rendered":"http:\/\/lbcomunicazione.org\/?p=6617"},"modified":"2020-08-30T16:28:06","modified_gmt":"2020-08-30T15:28:06","slug":"il-mondo-che-io-sono-vuole-aiutare-leconomia-italiana","status":"publish","type":"post","link":"https:\/\/lbcomunicazione.org\/index.php\/2020\/08\/30\/il-mondo-che-io-sono-vuole-aiutare-leconomia-italiana\/","title":{"rendered":"Il Mondo che io sono vuole aiutare l&#8217;economia Italiana"},"content":{"rendered":"<h3><strong>Il Mondo che io sono vuole aiutare l&#8217;economia Italiana<\/strong><\/h3>\n<p><img loading=\"lazy\" decoding=\"async\" class=\" wp-image-6618 alignleft\" src=\"https:\/\/lbcomunicazione.org\/wp-content\/uploads\/2020\/08\/Screenshot_2-285x300.png\" alt=\"\" width=\"170\" height=\"179\" srcset=\"https:\/\/lbcomunicazione.org\/wp-content\/uploads\/2020\/08\/Screenshot_2-285x300.png 285w, https:\/\/lbcomunicazione.org\/wp-content\/uploads\/2020\/08\/Screenshot_2.png 488w\" sizes=\"auto, (max-width: 170px) 100vw, 170px\" \/><\/p>\n<p><a href=\"http:\/\/ilmondocheiosono.org\">ilmondocheiosono.org<\/a> potrebbe essere quella community capace di dare una svolta all&#8217;economia Italiana; ridare vita alle piccole aziende, coinvolgere e creare una nuova opportunit\u00e0 di lavoro alle persone vogliose di fare qualcosa.<\/p>\n<p>\u00c8 vero che le persone sono spaventate, stanche, demotivate e sfiduciate, ma \u00e8 altrettanto vero che solamente cambiando il modo di pensare e affiancandosi a realt\u00e0 innovative come questa, che si potr\u00e0 rialzare e riprendere a costruire e lavorare.<\/p>\n<p>Da molto tempo viviamo un&#8217;economia che sembra voglia favorire le multinazionali, mentre i piccoli imprenditori rimangono soffocati e chiudendo i battenti, lasciano intere famiglie senza lavoro e in balia alla povert\u00e0.<br \/>\nLa community <a href=\"http:\/\/ilmondocheiosono.org\">ilmondocheiosono.org<\/a>, \u00e8 fiduciosa che raggruppandosi in un unico portale si possa fare la differenza e attraverso l&#8217;espansione di un&#8217;economia pi\u00f9 etica e consapevole, capace di curare le esigenze e difficolt\u00e0 delle persone, si possa ricostruire quel mercato capace di sostenere anche le piccole e medie aziende.<\/p>\n<p>&nbsp;<\/p>\n<h2><strong><em>Un grazie a chi decide di unirsi al progetto;<\/em> Associazioni, collaboratori<\/strong><\/h2>\n<p>Grazie a chi sta gi\u00e0 operando per dare vita alla community<a href=\"http:\/\/ilmondocheiosono.org\"> ilmondocheiosono.org,<\/a> realizzando quel circuito di aziende che pu\u00f2 vendere a km zero o nazionalmente.<\/p>\n<p>&nbsp;<\/p>\n<h2><em><strong>Quali sono le aziende che possono aderire?<\/strong><\/em><\/h2>\n<p>&#8230;pannetterie, bar, officine, idraulici, tutte le aziende, nessuna esclusa; purch\u00e9 siano aziende etiche, capaci di voler bene ai propri clienti.<\/p>\n<p><a href=\"http:\/\/ilmondocheiosono.org\">ilmondocheiosono.org<\/a> potrebbe diventare un paese nel paese, dove se al panettiere gli serve la farina, ci sar\u00e0 anche il mulino che la produce&#8230;<\/p>\n<p>Non sar\u00e0 un percorso facile, ma la community<a href=\"http:\/\/ilmondocheiosono.org\"> ilmondocheiosono.org,<\/a> proprio per la sua caratteristica<em><strong> open source<\/strong><\/em> e <em><strong>open innovation<\/strong><\/em>, promette l&#8217;introduzione di novit\u00e0 che permetteranno a chi lavora o produce, di poter offrire a chi acquista, l&#8217;utilizzo di particolari agevolazioni capaci di migliorare la qualit\u00e0 della vita.<\/p>\n<p>Siamo convinti che i capitali debbano sempre essere divisi tra molti; solo cos\u00ec potremo far rinascere quell&#8217;equilibrio economico che suggerisca alle multinazionali di vedere le piccole aziende come filiere del loro commercio; solo cos\u00ec potremo rivedere una societ\u00e0 pi\u00f9 libera e serena, senza suicidi e con tanta voglia di vivere e stare bene.<\/p>\n<p>&nbsp;<\/p>\n<h2><strong>Per conoscere meglio la <em>community<\/em>, <\/strong><\/h2>\n<p>ti invitiamo a visionare la pagina: <a href=\"https:\/\/mercatoetico.org\/elgg_beezzup\/il-progetto\">https:\/\/mercatoetico.org\/elgg_beezzup\/il-progetto<\/a><\/p>\n<p>&nbsp;<\/p>\n<p>&nbsp;<\/p>\n","protected":false},"excerpt":{"rendered":"<p>Il Mondo che io sono vuole aiutare l&#8217;economia Italiana ilmondocheiosono.org potrebbe essere quella community capace di dare una svolta all&#8217;economia Italiana; ridare vita alle piccole aziende, coinvolgere e creare una nuova opportunit\u00e0 di lavoro alle persone&#46;&#46;&#46;<\/p>\n","protected":false},"author":3,"featured_media":6626,"comment_status":"open","ping_status":"closed","sticky":false,"template":"","format":"image","meta":{"footnotes":""},"categories":[6,10],"tags":[150,607,113,608],"class_list":["post-6617","post","type-post","status-publish","format-image","has-post-thumbnail","hentry","category-attualita","category-economia","tag-economia","tag-economia-etica","tag-il-mondo-che-io-sono","tag-ilmondocheiosono","post_format-post-format-image"],"_links":{"self":[{"href":"https:\/\/lbcomunicazione.org\/index.php\/wp-json\/wp\/v2\/posts\/6617","targetHints":{"allow":["GET"]}}],"collection":[{"href":"https:\/\/lbcomunicazione.org\/index.php\/wp-json\/wp\/v2\/posts"}],"about":[{"href":"https:\/\/lbcomunicazione.org\/index.php\/wp-json\/wp\/v2\/types\/post"}],"author":[{"embeddable":true,"href":"https:\/\/lbcomunicazione.org\/index.php\/wp-json\/wp\/v2\/users\/3"}],"replies":[{"embeddable":true,"href":"https:\/\/lbcomunicazione.org\/index.php\/wp-json\/wp\/v2\/comments?post=6617"}],"version-history":[{"count":0,"href":"https:\/\/lbcomunicazione.org\/index.php\/wp-json\/wp\/v2\/posts\/6617\/revisions"}],"wp:featuredmedia":[{"embeddable":true,"href":"https:\/\/lbcomunicazione.org\/index.php\/wp-json\/wp\/v2\/media\/6626"}],"wp:attachment":[{"href":"https:\/\/lbcomunicazione.org\/index.php\/wp-json\/wp\/v2\/media?parent=6617"}],"wp:term":[{"taxonomy":"category","embeddable":true,"href":"https:\/\/lbcomunicazione.org\/index.php\/wp-json\/wp\/v2\/categories?post=6617"},{"taxonomy":"post_tag","embeddable":true,"href":"https:\/\/lbcomunicazione.org\/index.php\/wp-json\/wp\/v2\/tags?post=6617"}],"curies":[{"name":"wp","href":"https:\/\/api.w.org\/{rel}","templated":true}]}}