{"id":6565,"date":"2020-08-23T11:48:20","date_gmt":"2020-08-23T10:48:20","guid":{"rendered":"http:\/\/lbcomunicazione.org\/?p=6565"},"modified":"2020-08-23T11:48:20","modified_gmt":"2020-08-23T10:48:20","slug":"la-liberta-soffocata","status":"publish","type":"post","link":"https:\/\/lbcomunicazione.org\/index.php\/2020\/08\/23\/la-liberta-soffocata\/","title":{"rendered":"La libert\u00e0 soffocata&#8230;"},"content":{"rendered":"<div class=\"video-container\"><iframe loading=\"lazy\" title=\"blog TG24 la comunicazione :  La libert\u00e0 soffocata...\" width=\"500\" height=\"281\" src=\"https:\/\/www.youtube.com\/embed\/dkHxBu5E3pk?feature=oembed&#038;wmode=opaque\" frameborder=\"0\" allow=\"accelerometer; autoplay; clipboard-write; encrypted-media; gyroscope; picture-in-picture; web-share\" referrerpolicy=\"strict-origin-when-cross-origin\" allowfullscreen><\/iframe><\/div>\n<p>&nbsp;<\/p>\n<p>&#8220;<strong><em>Le nostre vite cominciano a finire il giorno in cui stiamo zitti di fronte alle cose che contano<\/em><\/strong>&#8221;<\/p>\n<p>Martin Luther King<!--more--><\/p>\n<p>Di <strong>Maria Diana<\/strong><\/p>\n<h2><img loading=\"lazy\" decoding=\"async\" class=\"size-medium wp-image-6569 alignleft\" src=\"https:\/\/lbcomunicazione.org\/wp-content\/uploads\/2020\/08\/meditation-1791113_1920-200x300.jpg\" alt=\"\" width=\"200\" height=\"300\" srcset=\"https:\/\/lbcomunicazione.org\/wp-content\/uploads\/2020\/08\/meditation-1791113_1920-200x300.jpg 200w, https:\/\/lbcomunicazione.org\/wp-content\/uploads\/2020\/08\/meditation-1791113_1920-683x1024.jpg 683w, https:\/\/lbcomunicazione.org\/wp-content\/uploads\/2020\/08\/meditation-1791113_1920-768x1152.jpg 768w, https:\/\/lbcomunicazione.org\/wp-content\/uploads\/2020\/08\/meditation-1791113_1920-1024x1536.jpg 1024w, https:\/\/lbcomunicazione.org\/wp-content\/uploads\/2020\/08\/meditation-1791113_1920-520x780.jpg 520w, https:\/\/lbcomunicazione.org\/wp-content\/uploads\/2020\/08\/meditation-1791113_1920.jpg 1280w\" sizes=\"auto, (max-width: 200px) 100vw, 200px\" \/><\/h2>\n<h2>Essere vigili&#8230;<\/h2>\n<p>Vivere in questo periodo, su questo pianeta, comporta essere vigili e scrupolosamente attenti alle strategie in atto, e soprattutto individuarne la loro provenienza.<\/p>\n<h3>Non tutto appare cos\u00ec com\u2019\u00e8: tutt\u2019altro!<\/h3>\n<p>Siamo esseri dotati di talenti, di capacit\u00e0 a noi ancora sconosciute, e grazie alle continue \u201cprovocazioni\u201d in atto, possiamo indebolirci o renderci pi\u00f9 forti. Sta a noi scegliere cosa farne dei nostri talenti\u2026se risvegliarli, finalmente, o lasciarli dormire\u2026ignari e mansueti davanti alla manifestazione degli eventi in corso.<\/p>\n<h2><img loading=\"lazy\" decoding=\"async\" class=\"size-medium wp-image-6568 alignright\" src=\"https:\/\/lbcomunicazione.org\/wp-content\/uploads\/2020\/08\/people-844211_1920-240x300.jpg\" alt=\"\" width=\"240\" height=\"300\" srcset=\"https:\/\/lbcomunicazione.org\/wp-content\/uploads\/2020\/08\/people-844211_1920-240x300.jpg 240w, https:\/\/lbcomunicazione.org\/wp-content\/uploads\/2020\/08\/people-844211_1920-819x1024.jpg 819w, https:\/\/lbcomunicazione.org\/wp-content\/uploads\/2020\/08\/people-844211_1920-768x960.jpg 768w, https:\/\/lbcomunicazione.org\/wp-content\/uploads\/2020\/08\/people-844211_1920-1229x1536.jpg 1229w, https:\/\/lbcomunicazione.org\/wp-content\/uploads\/2020\/08\/people-844211_1920-520x650.jpg 520w, https:\/\/lbcomunicazione.org\/wp-content\/uploads\/2020\/08\/people-844211_1920.jpg 1536w\" sizes=\"auto, (max-width: 240px) 100vw, 240px\" \/>Io non sapevo&#8230;<\/h2>\n<p>Nessuno potr\u00e0 dire:<em><strong> Io non sapevo<\/strong><\/em>\u2026.<\/p>\n<p>Ma tutti possiamo dire:<em><strong> io so<\/strong><\/em>, ma preferisco non sapere per non prendermi la responsabilit\u00e0 della conoscenza e quindi dell\u2019azione!<\/p>\n<p>Avere la conoscenza, aprirsi alla propria potenzialit\u00e0 nascosta e iniziare a passare all\u2019azione, comporta una certa responsabilit\u00e0, ma anche coraggio, disciplina, centratura, serenit\u00e0 interiore\u2026<\/p>\n<h3>Vi pare poco?<\/h3>\n<p>Meglio essere dormienti, passivi, praticamente gi\u00e0 morti, in qualche modo.<\/p>\n<h2>Un atteggiamento malsano&#8230;<\/h2>\n<h3><img loading=\"lazy\" decoding=\"async\" class=\"size-medium wp-image-6570 alignleft\" src=\"https:\/\/lbcomunicazione.org\/wp-content\/uploads\/2020\/08\/opposites-2779480_1920-300x201.jpg\" alt=\"\" width=\"300\" height=\"201\" srcset=\"https:\/\/lbcomunicazione.org\/wp-content\/uploads\/2020\/08\/opposites-2779480_1920-300x201.jpg 300w, https:\/\/lbcomunicazione.org\/wp-content\/uploads\/2020\/08\/opposites-2779480_1920-1024x687.jpg 1024w, https:\/\/lbcomunicazione.org\/wp-content\/uploads\/2020\/08\/opposites-2779480_1920-768x515.jpg 768w, https:\/\/lbcomunicazione.org\/wp-content\/uploads\/2020\/08\/opposites-2779480_1920-1536x1030.jpg 1536w, https:\/\/lbcomunicazione.org\/wp-content\/uploads\/2020\/08\/opposites-2779480_1920-520x349.jpg 520w, https:\/\/lbcomunicazione.org\/wp-content\/uploads\/2020\/08\/opposites-2779480_1920.jpg 1920w\" sizes=\"auto, (max-width: 300px) 100vw, 300px\" \/>Che razza di atteggiamento \u00e8 questo?<\/h3>\n<p>La paura gioca un ruolo sovrano in tutto ci\u00f2, ma nessuno \u00e8 esonerato dalla responsabilit\u00e0 della propria scelta: <em><strong>essere svegli o dormire.<\/strong><\/em><\/p>\n<p><em>Dormire \u00e8 una scelta di comodo, che comporta la complicit\u00e0 all\u2019estinzione.<\/em><\/p>\n<p>La vera estinzione, comunque, \u00e8 quella animica<\/p>\n<p>Anche se l\u2019anima \u00e8 immortale, allontanarsi dal proprio S\u00e8 interiore comporta un senso di morte, di mancanza di energia, e quindi di paura, insicurezza, timore di vivere, ricerca della morte come uno scudo alla vita e alle sue meraviglie.<\/p>\n<h2>Pensateci!<\/h2>\n<h3>Pensateci! E rifletteteci sopra!<img loading=\"lazy\" decoding=\"async\" class=\"size-medium wp-image-6571 alignright\" src=\"https:\/\/lbcomunicazione.org\/wp-content\/uploads\/2020\/08\/mask-1251731_1920-300x214.jpg\" alt=\"\" width=\"300\" height=\"214\" srcset=\"https:\/\/lbcomunicazione.org\/wp-content\/uploads\/2020\/08\/mask-1251731_1920-300x214.jpg 300w, https:\/\/lbcomunicazione.org\/wp-content\/uploads\/2020\/08\/mask-1251731_1920-1024x731.jpg 1024w, https:\/\/lbcomunicazione.org\/wp-content\/uploads\/2020\/08\/mask-1251731_1920-768x548.jpg 768w, https:\/\/lbcomunicazione.org\/wp-content\/uploads\/2020\/08\/mask-1251731_1920-1536x1097.jpg 1536w, https:\/\/lbcomunicazione.org\/wp-content\/uploads\/2020\/08\/mask-1251731_1920-520x371.jpg 520w, https:\/\/lbcomunicazione.org\/wp-content\/uploads\/2020\/08\/mask-1251731_1920.jpg 1920w\" sizes=\"auto, (max-width: 300px) 100vw, 300px\" \/><\/h3>\n<p>Cosa colpisce l\u2019essere umano maggiormente se non la paura della morte?<\/p>\n<p>Perch\u00e9 l\u2019essere umano ha paura della morte?<\/p>\n<p>Perch\u00e9 ne fa la sua prigione?<\/p>\n<p>Perch\u00e9 preferisce morire dentro piuttosto che affrontare tutto ci\u00f2 che potrebbe risvegliare in lui un senso di amore verso la vita, verso la libert\u00e0?<\/p>\n<p>Credo che l\u2019essere umano soffra interiormente perch\u00e9 si sente schiavo e non libero, ma fa di tutto per difendere i suoi carcerieri che gli hanno imposto le catene come se tutto ci\u00f2 fosse importante e necessario per la sua esistenza.<\/p>\n<h2>Il libero arbitrio&#8230;<\/h2>\n<p><img loading=\"lazy\" decoding=\"async\" class=\"size-medium wp-image-6572 alignleft\" src=\"https:\/\/lbcomunicazione.org\/wp-content\/uploads\/2020\/08\/life-history-906281_1920-300x199.jpg\" alt=\"\" width=\"300\" height=\"199\" srcset=\"https:\/\/lbcomunicazione.org\/wp-content\/uploads\/2020\/08\/life-history-906281_1920-300x199.jpg 300w, https:\/\/lbcomunicazione.org\/wp-content\/uploads\/2020\/08\/life-history-906281_1920-1024x681.jpg 1024w, https:\/\/lbcomunicazione.org\/wp-content\/uploads\/2020\/08\/life-history-906281_1920-768x510.jpg 768w, https:\/\/lbcomunicazione.org\/wp-content\/uploads\/2020\/08\/life-history-906281_1920-1536x1021.jpg 1536w, https:\/\/lbcomunicazione.org\/wp-content\/uploads\/2020\/08\/life-history-906281_1920-520x346.jpg 520w, https:\/\/lbcomunicazione.org\/wp-content\/uploads\/2020\/08\/life-history-906281_1920.jpg 1920w\" sizes=\"auto, (max-width: 300px) 100vw, 300px\" \/>Questa s\u00ec che \u00e8 una vera tristezza, ma la libert\u00e0 di scelta, il libero arbitrio, tra soffrire o gioire, fa parte di questo disegno, e fino a che l\u2019essere umano non sceglier\u00e0 per la libert\u00e0, per<span class=\"Apple-converted-space\">\u00a0 <\/span>la vita, non potr\u00e0 mai conoscerne i benefici e continuer\u00e0 il suo cammino nell\u2019oblio.<\/p>\n<p>Esiste una differenza tra la palude e il fiume che scorre ed \u00e8 che la palude puzza, marcisce, \u00a0e il fiume che scorre ossigena e rinfresca\u2026 <strong>Tu cosa vuoi essere<\/strong>?<\/p>\n<p>&nbsp;<\/p>\n<p>Concludo con questa citazione:<\/p>\n<p>&#8220;<em><strong>La vita \u00e8 come un eco: se non ti piace il messaggio che ti rimanda, devi cambiare il messaggio che invii&#8221;<\/strong><\/em>.<\/p>\n<p>James Joyce<\/p>\n<p>Per altri articoli di Pittrice di parole, clicca <a href=\"https:\/\/lbcomunicazione.org\/index.php\/pittricediparole\/\">QUI<\/a><\/p>\n","protected":false},"excerpt":{"rendered":"<p>&nbsp; &#8220;Le nostre vite cominciano a finire il giorno in cui stiamo zitti di fronte alle cose che contano&#8221; Martin Luther King<\/p>\n","protected":false},"author":12,"featured_media":6567,"comment_status":"open","ping_status":"closed","sticky":false,"template":"","format":"image","meta":{"footnotes":""},"categories":[181],"tags":[162,602],"class_list":["post-6565","post","type-post","status-publish","format-image","has-post-thumbnail","hentry","category-riflessioni","tag-liberta","tag-schiavitu","post_format-post-format-image"],"_links":{"self":[{"href":"https:\/\/lbcomunicazione.org\/index.php\/wp-json\/wp\/v2\/posts\/6565","targetHints":{"allow":["GET"]}}],"collection":[{"href":"https:\/\/lbcomunicazione.org\/index.php\/wp-json\/wp\/v2\/posts"}],"about":[{"href":"https:\/\/lbcomunicazione.org\/index.php\/wp-json\/wp\/v2\/types\/post"}],"author":[{"embeddable":true,"href":"https:\/\/lbcomunicazione.org\/index.php\/wp-json\/wp\/v2\/users\/12"}],"replies":[{"embeddable":true,"href":"https:\/\/lbcomunicazione.org\/index.php\/wp-json\/wp\/v2\/comments?post=6565"}],"version-history":[{"count":0,"href":"https:\/\/lbcomunicazione.org\/index.php\/wp-json\/wp\/v2\/posts\/6565\/revisions"}],"wp:featuredmedia":[{"embeddable":true,"href":"https:\/\/lbcomunicazione.org\/index.php\/wp-json\/wp\/v2\/media\/6567"}],"wp:attachment":[{"href":"https:\/\/lbcomunicazione.org\/index.php\/wp-json\/wp\/v2\/media?parent=6565"}],"wp:term":[{"taxonomy":"category","embeddable":true,"href":"https:\/\/lbcomunicazione.org\/index.php\/wp-json\/wp\/v2\/categories?post=6565"},{"taxonomy":"post_tag","embeddable":true,"href":"https:\/\/lbcomunicazione.org\/index.php\/wp-json\/wp\/v2\/tags?post=6565"}],"curies":[{"name":"wp","href":"https:\/\/api.w.org\/{rel}","templated":true}]}}