{"id":6521,"date":"2020-08-17T09:36:21","date_gmt":"2020-08-17T08:36:21","guid":{"rendered":"http:\/\/lbcomunicazione.org\/?p=6521"},"modified":"2020-08-17T09:36:21","modified_gmt":"2020-08-17T08:36:21","slug":"orto-botanico-in-un-pomeriggio-estivo","status":"publish","type":"post","link":"https:\/\/lbcomunicazione.org\/index.php\/2020\/08\/17\/orto-botanico-in-un-pomeriggio-estivo\/","title":{"rendered":"Orto Botanico in un pomeriggio estivo"},"content":{"rendered":"<p>L&#8217;orto botanico di Padova \u00e8 uno dei siti naturali e culturali <a href=\"http:\/\/www.unesco.it\/\">Unesco<\/a> nella mia citt\u00e0. Da ben 47 anni ci passeggio davanti almeno una decina di volte l&#8217;anno, eppure \u00e8 l\u00ec che aspetta di farsi visitare dal 1545.<\/p>\n<p>Situato tra Prato della Valle e la Basilica del Santo, occupa circa due ettari di terreno e vanta il primato di essere l&#8217;orto pi\u00f9 antico al mondo ancora sito nella sua collocazione originaria.<\/p>\n<p><img loading=\"lazy\" decoding=\"async\" class=\"alignnone size-medium wp-image-6561 aligncenter\" src=\"https:\/\/lbcomunicazione.org\/wp-content\/uploads\/2020\/08\/Screenshot_3-300x189.png\" alt=\"\" width=\"300\" height=\"189\" srcset=\"https:\/\/lbcomunicazione.org\/wp-content\/uploads\/2020\/08\/Screenshot_3-300x189.png 300w, https:\/\/lbcomunicazione.org\/wp-content\/uploads\/2020\/08\/Screenshot_3-520x327.png 520w, https:\/\/lbcomunicazione.org\/wp-content\/uploads\/2020\/08\/Screenshot_3.png 734w\" sizes=\"auto, (max-width: 300px) 100vw, 300px\" \/><\/p>\n<p>Il suo scopo primordiale \u00e8 quello di coltivare piante medicinali che si trovano in natura, l&#8217;universit\u00e0 patavina dimostra subito la necessit\u00e0 che tale luogo sia conservato, ampliato per gli studi farmaceutici e medicali. I furti continui di piante crea la necessit\u00e0 di costruire una recinzione <em>Hortus Cintus ,\u00a0<\/em>oggi ancora visibile, che servir\u00e0 a preservare il patrimonio naturalistico. Nei secoli l&#8217;orto diviene fulcro di scambi di idee, innovazioni e tecniche per la coltivazione e la tutela delle piante a livello mondiale.<\/p>\n<p><img loading=\"lazy\" decoding=\"async\" class=\"alignnone size-medium wp-image-6562 aligncenter\" src=\"https:\/\/lbcomunicazione.org\/wp-content\/uploads\/2020\/08\/Screenshot_4-300x190.png\" alt=\"\" width=\"300\" height=\"190\" srcset=\"https:\/\/lbcomunicazione.org\/wp-content\/uploads\/2020\/08\/Screenshot_4-300x190.png 300w, https:\/\/lbcomunicazione.org\/wp-content\/uploads\/2020\/08\/Screenshot_4-768x485.png 768w, https:\/\/lbcomunicazione.org\/wp-content\/uploads\/2020\/08\/Screenshot_4-520x329.png 520w, https:\/\/lbcomunicazione.org\/wp-content\/uploads\/2020\/08\/Screenshot_4.png 807w\" sizes=\"auto, (max-width: 300px) 100vw, 300px\" \/><\/p>\n<p>&nbsp;<\/p>\n<p>Proprio per questo, nel 1997, l&#8217; Unesco decide di introdurlo tra i suoi siti sostenendo che esso rappresenta la culla della scienza, degli scambi scientifici e della comprensione delle relazioni tra la natura e la cultura. Nel 2014 viene inaugurata una nuova zona intitolata il Giardino delle Biodiversit\u00e0; un insieme di serre in cui si possono visitare pi\u00f9 di 1300 specie di piante divise per zone climatiche. L&#8217;acqua che serve per l&#8217;irrigazione deriva dalla raccolta delle piogge e da un pozzo artesiano profondo 284 metri. I pannelli fotovoltaici producono energia e le serre sono rivestite da una pellicola che \u00e8 in grado di sfruttare i raggi ultravioletti abbattendo l&#8217;inquinamento. La natura protegge e preserva se stessa in un equilibrio che lascia il visitatore incantato e appagato proprio come descrive Grimal scrivendo&#8230;<em>la forma pi\u00f9 alta di vita \u00e8 quella che Dio promette nel suo paradiso, \u00e8 il godimento di un meraviglioso giardino&#8230;<\/em><\/p>\n<p><em><strong>\u00a0Elisa Brigo <\/strong><\/em><\/p>\n","protected":false},"excerpt":{"rendered":"<p>L&#8217;orto botanico di Padova \u00e8 uno dei siti naturali e culturali Unesco nella mia citt\u00e0. Da ben 47 anni ci passeggio davanti almeno una decina di volte l&#8217;anno, eppure \u00e8 l\u00ec che aspetta di farsi visitare&#46;&#46;&#46;<\/p>\n","protected":false},"author":54,"featured_media":6563,"comment_status":"open","ping_status":"closed","sticky":false,"template":"","format":"image","meta":{"footnotes":""},"categories":[24],"tags":[600,601],"class_list":["post-6521","post","type-post","status-publish","format-image","has-post-thumbnail","hentry","category-ambiente","tag-orto-botanico","tag-padova","post_format-post-format-image"],"_links":{"self":[{"href":"https:\/\/lbcomunicazione.org\/index.php\/wp-json\/wp\/v2\/posts\/6521","targetHints":{"allow":["GET"]}}],"collection":[{"href":"https:\/\/lbcomunicazione.org\/index.php\/wp-json\/wp\/v2\/posts"}],"about":[{"href":"https:\/\/lbcomunicazione.org\/index.php\/wp-json\/wp\/v2\/types\/post"}],"author":[{"embeddable":true,"href":"https:\/\/lbcomunicazione.org\/index.php\/wp-json\/wp\/v2\/users\/54"}],"replies":[{"embeddable":true,"href":"https:\/\/lbcomunicazione.org\/index.php\/wp-json\/wp\/v2\/comments?post=6521"}],"version-history":[{"count":0,"href":"https:\/\/lbcomunicazione.org\/index.php\/wp-json\/wp\/v2\/posts\/6521\/revisions"}],"wp:featuredmedia":[{"embeddable":true,"href":"https:\/\/lbcomunicazione.org\/index.php\/wp-json\/wp\/v2\/media\/6563"}],"wp:attachment":[{"href":"https:\/\/lbcomunicazione.org\/index.php\/wp-json\/wp\/v2\/media?parent=6521"}],"wp:term":[{"taxonomy":"category","embeddable":true,"href":"https:\/\/lbcomunicazione.org\/index.php\/wp-json\/wp\/v2\/categories?post=6521"},{"taxonomy":"post_tag","embeddable":true,"href":"https:\/\/lbcomunicazione.org\/index.php\/wp-json\/wp\/v2\/tags?post=6521"}],"curies":[{"name":"wp","href":"https:\/\/api.w.org\/{rel}","templated":true}]}}