{"id":6378,"date":"2020-08-01T14:02:22","date_gmt":"2020-08-01T13:02:22","guid":{"rendered":"http:\/\/lbcomunicazione.org\/?p=6378"},"modified":"2020-08-01T14:02:22","modified_gmt":"2020-08-01T13:02:22","slug":"esporsi-con-un-esposto","status":"publish","type":"post","link":"https:\/\/lbcomunicazione.org\/index.php\/2020\/08\/01\/esporsi-con-un-esposto\/","title":{"rendered":"Esporsi con un esposto"},"content":{"rendered":"<p>Sono alcuni giorni che osservo la gente a distanza e chi come me segue il progetto del Coemm.<\/p>\n<p>Nei clemm, liberi salotti solidali che seguono determinati <a href=\"http:\/\/coemm.org\">argomenti<\/a>, vi \u00e8 un desiderio. Si ritiene, nella maggioranza di questi gruppi, di voler liberamente esprimere la propria curiosit\u00e0 e i propri dubbi. Nel mio \u00e8 successo questo, questa bella possibilit\u00e0 di fare un <a href=\"http:\/\/www.espostoepocale.it\">esposto<\/a> sono state apprezzate. Molti video di testimonianze lo dimostrano.<\/p>\n<p>Se le restrizioni e lo stato di emergenza devono continuare, \u00e8 ancora pi\u00f9 forte la necessit\u00e0 di capire perch\u00e9.<\/p>\n<p><img loading=\"lazy\" decoding=\"async\" class=\"size-medium wp-image-6380 alignright\" src=\"https:\/\/lbcomunicazione.org\/wp-content\/uploads\/2020\/07\/fede-300x300.jpg\" alt=\"\" width=\"300\" height=\"300\" srcset=\"https:\/\/lbcomunicazione.org\/wp-content\/uploads\/2020\/07\/fede-300x300.jpg 300w, https:\/\/lbcomunicazione.org\/wp-content\/uploads\/2020\/07\/fede-150x150.jpg 150w, https:\/\/lbcomunicazione.org\/wp-content\/uploads\/2020\/07\/fede-160x160.jpg 160w, https:\/\/lbcomunicazione.org\/wp-content\/uploads\/2020\/07\/fede-320x320.jpg 320w, https:\/\/lbcomunicazione.org\/wp-content\/uploads\/2020\/07\/fede-520x520.jpg 520w, https:\/\/lbcomunicazione.org\/wp-content\/uploads\/2020\/07\/fede.jpg 720w\" sizes=\"auto, (max-width: 300px) 100vw, 300px\" \/><\/p>\n<p>Quali sono le origini della pandemia, da chi o cosa si \u00e8 originata e se c\u2019\u00e8 stato qualcosa che poteva essere gestito meglio. La vera soluzione \u00e8 vaccinarsi? Sono interrogativi legittimi di molte persone. Solo una piccola percentuale di esse si esporr\u00e0 \u2013ma sono comunque tante- e chieder\u00e0 risposte attraverso l\u2019esposto epocale che si pu\u00f2 sottoscrivere e depositare previa registrazione entro il 31 ottobre 2020. Sono certa per\u00f2 che le stesse domande ce le facciamo tutti. E\u2019 un modo di far sentire la nostra voce. Vogliamo sapere? Allora chiediamo spiegazioni.<\/p>\n<p><img loading=\"lazy\" decoding=\"async\" class=\"alignnone size-medium wp-image-6383\" src=\"https:\/\/lbcomunicazione.org\/wp-content\/uploads\/2020\/08\/esposto-davanti-caserma-300x116.jpg\" alt=\"\" width=\"300\" height=\"116\" srcset=\"https:\/\/lbcomunicazione.org\/wp-content\/uploads\/2020\/08\/esposto-davanti-caserma-300x116.jpg 300w, https:\/\/lbcomunicazione.org\/wp-content\/uploads\/2020\/08\/esposto-davanti-caserma-1024x397.jpg 1024w, https:\/\/lbcomunicazione.org\/wp-content\/uploads\/2020\/08\/esposto-davanti-caserma-768x298.jpg 768w, https:\/\/lbcomunicazione.org\/wp-content\/uploads\/2020\/08\/esposto-davanti-caserma-520x202.jpg 520w, https:\/\/lbcomunicazione.org\/wp-content\/uploads\/2020\/08\/esposto-davanti-caserma.jpg 1280w\" sizes=\"auto, (max-width: 300px) 100vw, 300px\" \/><\/p>\n<p>&nbsp;<\/p>\n<p>Lascio il link per entrare sul <a href=\"http:\/\/www.espostoepocale.it\">sito.<\/a><\/p>\n<p>Qui di seguito la registrazione della conferenza stampa del 31 luglio 2020, giorno di partenza dell\u2019esposto.<\/p>\n<p><a href=\"https:\/\/www.facebook.com\/partitovaloreumanoofficialpage\/videos\/1238056423199568\">Conferenza stampa.<\/a><\/p>\n","protected":false},"excerpt":{"rendered":"<p>Sono alcuni giorni che osservo la gente a distanza e chi come me segue il progetto del Coemm. Nei clemm, liberi salotti solidali che seguono determinati argomenti, vi \u00e8 un desiderio. Si ritiene, nella maggioranza di&#46;&#46;&#46;<\/p>\n","protected":false},"author":35,"featured_media":6379,"comment_status":"open","ping_status":"closed","sticky":false,"template":"","format":"image","meta":{"footnotes":""},"categories":[31],"tags":[559],"class_list":["post-6378","post","type-post","status-publish","format-image","has-post-thumbnail","hentry","category-sociale","tag-esposto-epocale","post_format-post-format-image"],"_links":{"self":[{"href":"https:\/\/lbcomunicazione.org\/index.php\/wp-json\/wp\/v2\/posts\/6378","targetHints":{"allow":["GET"]}}],"collection":[{"href":"https:\/\/lbcomunicazione.org\/index.php\/wp-json\/wp\/v2\/posts"}],"about":[{"href":"https:\/\/lbcomunicazione.org\/index.php\/wp-json\/wp\/v2\/types\/post"}],"author":[{"embeddable":true,"href":"https:\/\/lbcomunicazione.org\/index.php\/wp-json\/wp\/v2\/users\/35"}],"replies":[{"embeddable":true,"href":"https:\/\/lbcomunicazione.org\/index.php\/wp-json\/wp\/v2\/comments?post=6378"}],"version-history":[{"count":0,"href":"https:\/\/lbcomunicazione.org\/index.php\/wp-json\/wp\/v2\/posts\/6378\/revisions"}],"wp:featuredmedia":[{"embeddable":true,"href":"https:\/\/lbcomunicazione.org\/index.php\/wp-json\/wp\/v2\/media\/6379"}],"wp:attachment":[{"href":"https:\/\/lbcomunicazione.org\/index.php\/wp-json\/wp\/v2\/media?parent=6378"}],"wp:term":[{"taxonomy":"category","embeddable":true,"href":"https:\/\/lbcomunicazione.org\/index.php\/wp-json\/wp\/v2\/categories?post=6378"},{"taxonomy":"post_tag","embeddable":true,"href":"https:\/\/lbcomunicazione.org\/index.php\/wp-json\/wp\/v2\/tags?post=6378"}],"curies":[{"name":"wp","href":"https:\/\/api.w.org\/{rel}","templated":true}]}}