{"id":6360,"date":"2020-07-30T15:53:42","date_gmt":"2020-07-30T14:53:42","guid":{"rendered":"http:\/\/lbcomunicazione.org\/?p=6360"},"modified":"2020-07-30T15:53:42","modified_gmt":"2020-07-30T14:53:42","slug":"aiutiamo-mia","status":"publish","type":"post","link":"https:\/\/lbcomunicazione.org\/index.php\/2020\/07\/30\/aiutiamo-mia\/","title":{"rendered":"Aiutiamo Mia"},"content":{"rendered":"<p>Il Blog pu\u00f2 essere utile come tam tam anche per aiutare.<\/p>\n<p>Mia \u00e8 una cagnolina di soli 8 mesi, ma alle spalle ha gi\u00e0 un vissuto molto doloroso &#8220;Troppo&#8221;.<\/p>\n<p>Abbandonata accolta da una famiglia e poi ri-abbandonata e accolta da una famiglia che pur avendo mille problemi adorano gli animali e amano Mia come una figlia.<\/p>\n<p>Mia \u00e8 assistita da un Gruppo di Facebook di Partinico (PA) che aiuta e ha aiutato tanto\u00a0 ma i problemi detto dai medici &#8220;Risolvibili&#8221; sono molto costosi.<\/p>\n<p>Le sue cure devono essere quotidiane con medicine a pagamento e anche di terapia.<\/p>\n<p>Mia ha tantissima voglia di vivere, ma non pu\u00f2 deambulare a causa &#8220;forse &#8221; di un battere.<\/p>\n<p>Vi lascio le parole della mamma di Mia<\/p>\n<p><span style=\"color: #000080;\"><strong><em>&#8220;MIA ha 8 mesi e molta voglia di vivere!! La sua vita non \u00e8 stata per niente facile, abbandonata da cucciola in mezzo alla strada con la rogna, \u00e8 stata salvata e messa al sicuro! MIA \u00e8 una cucciola di solo 2 kg, ha superato la Parvo, la rogna e anche crisi epilettiche curate giornalmente con farmaci. MIA ha bisogno di un ultimo sforzo, serve aiuto x le sua terapia. aiutateci a salvarla!! Grazie<span style=\"color: #000080;\">&#8220;<\/span><\/em><\/strong><\/span><\/p>\n<p>Ringraziamo Paola e il gruppo del quale lei fa parte di Facebook<\/p>\n<h3 style=\"text-align: center;\"><span style=\"color: #3366ff;\"> Leon&#8217;s Garden <\/span><\/h3>\n<h3 style=\"text-align: center;\"><span style=\"color: #3366ff;\">Pet Rescue\u00a0 &amp; Adoption<\/span><\/h3>\n<p><a href=\"https:\/\/www.facebook.com\/groups\/241378656947068\/?ref=share\"><img loading=\"lazy\" decoding=\"async\" class=\"alignnone size-medium wp-image-6363 aligncenter\" src=\"https:\/\/lbcomunicazione.org\/wp-content\/uploads\/2020\/07\/Screenshot_1-300x96.png\" alt=\"\" width=\"300\" height=\"96\" srcset=\"https:\/\/lbcomunicazione.org\/wp-content\/uploads\/2020\/07\/Screenshot_1-300x96.png 300w, https:\/\/lbcomunicazione.org\/wp-content\/uploads\/2020\/07\/Screenshot_1-1024x329.png 1024w, https:\/\/lbcomunicazione.org\/wp-content\/uploads\/2020\/07\/Screenshot_1-768x247.png 768w, https:\/\/lbcomunicazione.org\/wp-content\/uploads\/2020\/07\/Screenshot_1-520x167.png 520w, https:\/\/lbcomunicazione.org\/wp-content\/uploads\/2020\/07\/Screenshot_1.png 1036w\" sizes=\"auto, (max-width: 300px) 100vw, 300px\" \/><\/a><\/p>\n<div style=\"width: 352px;\" class=\"wp-video\"><video class=\"wp-video-shortcode\" id=\"video-6360-1\" width=\"352\" height=\"640\" preload=\"metadata\" controls=\"controls\"><source type=\"video\/mp4\" src=\"https:\/\/lbcomunicazione.org\/wp-content\/uploads\/2020\/07\/video_2020-07-30_16-37-12.mp4?_=1\" \/><a href=\"https:\/\/lbcomunicazione.org\/wp-content\/uploads\/2020\/07\/video_2020-07-30_16-37-12.mp4\">https:\/\/lbcomunicazione.org\/wp-content\/uploads\/2020\/07\/video_2020-07-30_16-37-12.mp4<\/a><\/video><\/div>\n<p>Un video verticale (ci scusiamo ) ma \u00e8 stato fatto dalla famiglia tempo fa quando Mia giocava con le sue sorelle.<\/p>\n<p style=\"text-align: center;\"><strong>Un immagine di quando Mia stava bene:<\/strong><\/p>\n<p><img loading=\"lazy\" decoding=\"async\" class=\"alignnone size-medium wp-image-6364 aligncenter\" src=\"https:\/\/lbcomunicazione.org\/wp-content\/uploads\/2020\/07\/photo_2020-07-30_16-46-04-225x300.jpg\" alt=\"\" width=\"225\" height=\"300\" srcset=\"https:\/\/lbcomunicazione.org\/wp-content\/uploads\/2020\/07\/photo_2020-07-30_16-46-04-225x300.jpg 225w, https:\/\/lbcomunicazione.org\/wp-content\/uploads\/2020\/07\/photo_2020-07-30_16-46-04.jpg 360w\" sizes=\"auto, (max-width: 225px) 100vw, 225px\" \/><\/p>\n<p style=\"text-align: center;\"><strong>Quando ha iniziato ad ammalarsi:<\/strong><\/p>\n<p><img loading=\"lazy\" decoding=\"async\" class=\"alignnone size-medium wp-image-6365\" src=\"https:\/\/lbcomunicazione.org\/wp-content\/uploads\/2020\/07\/photo_2020-07-30_16-46-26-169x300.jpg\" alt=\"\" width=\"169\" height=\"300\" srcset=\"https:\/\/lbcomunicazione.org\/wp-content\/uploads\/2020\/07\/photo_2020-07-30_16-46-26-169x300.jpg 169w, https:\/\/lbcomunicazione.org\/wp-content\/uploads\/2020\/07\/photo_2020-07-30_16-46-26.jpg 225w\" sizes=\"auto, (max-width: 169px) 100vw, 169px\" \/>\u00a0 \u00a0 \u00a0 \u00a0 \u00a0 <img loading=\"lazy\" decoding=\"async\" class=\"alignnone size-medium wp-image-6366\" src=\"https:\/\/lbcomunicazione.org\/wp-content\/uploads\/2020\/07\/photo_2020-07-30_16-33-13-150x300.jpg\" alt=\"\" width=\"150\" height=\"300\" srcset=\"https:\/\/lbcomunicazione.org\/wp-content\/uploads\/2020\/07\/photo_2020-07-30_16-33-13-150x300.jpg 150w, https:\/\/lbcomunicazione.org\/wp-content\/uploads\/2020\/07\/photo_2020-07-30_16-33-13-512x1024.jpg 512w, https:\/\/lbcomunicazione.org\/wp-content\/uploads\/2020\/07\/photo_2020-07-30_16-33-13-520x1040.jpg 520w, https:\/\/lbcomunicazione.org\/wp-content\/uploads\/2020\/07\/photo_2020-07-30_16-33-13.jpg 640w\" sizes=\"auto, (max-width: 150px) 100vw, 150px\" \/><\/p>\n<p style=\"text-align: center;\"><strong>Oggi\u00a0<\/strong><\/p>\n<p><img loading=\"lazy\" decoding=\"async\" class=\"alignnone size-medium wp-image-6367 aligncenter\" src=\"https:\/\/lbcomunicazione.org\/wp-content\/uploads\/2020\/07\/photo_2020-07-30_16-33-52-150x300.jpg\" alt=\"\" width=\"150\" height=\"300\" srcset=\"https:\/\/lbcomunicazione.org\/wp-content\/uploads\/2020\/07\/photo_2020-07-30_16-33-52-150x300.jpg 150w, https:\/\/lbcomunicazione.org\/wp-content\/uploads\/2020\/07\/photo_2020-07-30_16-33-52-512x1024.jpg 512w, https:\/\/lbcomunicazione.org\/wp-content\/uploads\/2020\/07\/photo_2020-07-30_16-33-52-520x1040.jpg 520w, https:\/\/lbcomunicazione.org\/wp-content\/uploads\/2020\/07\/photo_2020-07-30_16-33-52.jpg 640w\" sizes=\"auto, (max-width: 150px) 100vw, 150px\" \/><\/p>\n<p>So che siamo in un periodo dove molti chiedono ma un euro potrebbe salvarla da morte certa&#8230; Le sue due mamma pur volendola accanto non riescono a sostenere tutte le spese.<\/p>\n<p>Vi lascio il contatto per fare la donazione<\/p>\n<p>&nbsp;<\/p>\n<p><a href=\"https:\/\/www.facebook.com\/donate\/291859758918563\/10222956958256156\/\">https:\/\/www.facebook.com\/donate\/291859758918563\/10222956958256156\/<\/a><\/p>\n<h3 style=\"text-align: center;\"><span style=\"color: #0000ff;\">Forza Mia insieme possiamo farcela!<\/span><\/h3>\n<p>&nbsp;<\/p>\n<p>Grazie anche da parte di Blog TG24<\/p>\n<p>&nbsp;<\/p>\n<p>&nbsp;<\/p>\n","protected":false},"excerpt":{"rendered":"<p>Il Blog pu\u00f2 essere utile come tam tam anche per aiutare. Mia \u00e8 una cagnolina di soli 8 mesi, ma alle spalle ha gi\u00e0 un vissuto molto doloroso &#8220;Troppo&#8221;. Abbandonata accolta da una famiglia e poi&#46;&#46;&#46;<\/p>\n","protected":false},"author":3,"featured_media":6361,"comment_status":"open","ping_status":"closed","sticky":false,"template":"","format":"image","meta":{"footnotes":""},"categories":[25],"tags":[579,580],"class_list":["post-6360","post","type-post","status-publish","format-image","has-post-thumbnail","hentry","category-animali","tag-donazione","tag-mia","post_format-post-format-image"],"_links":{"self":[{"href":"https:\/\/lbcomunicazione.org\/index.php\/wp-json\/wp\/v2\/posts\/6360","targetHints":{"allow":["GET"]}}],"collection":[{"href":"https:\/\/lbcomunicazione.org\/index.php\/wp-json\/wp\/v2\/posts"}],"about":[{"href":"https:\/\/lbcomunicazione.org\/index.php\/wp-json\/wp\/v2\/types\/post"}],"author":[{"embeddable":true,"href":"https:\/\/lbcomunicazione.org\/index.php\/wp-json\/wp\/v2\/users\/3"}],"replies":[{"embeddable":true,"href":"https:\/\/lbcomunicazione.org\/index.php\/wp-json\/wp\/v2\/comments?post=6360"}],"version-history":[{"count":0,"href":"https:\/\/lbcomunicazione.org\/index.php\/wp-json\/wp\/v2\/posts\/6360\/revisions"}],"wp:featuredmedia":[{"embeddable":true,"href":"https:\/\/lbcomunicazione.org\/index.php\/wp-json\/wp\/v2\/media\/6361"}],"wp:attachment":[{"href":"https:\/\/lbcomunicazione.org\/index.php\/wp-json\/wp\/v2\/media?parent=6360"}],"wp:term":[{"taxonomy":"category","embeddable":true,"href":"https:\/\/lbcomunicazione.org\/index.php\/wp-json\/wp\/v2\/categories?post=6360"},{"taxonomy":"post_tag","embeddable":true,"href":"https:\/\/lbcomunicazione.org\/index.php\/wp-json\/wp\/v2\/tags?post=6360"}],"curies":[{"name":"wp","href":"https:\/\/api.w.org\/{rel}","templated":true}]}}