{"id":6292,"date":"2020-07-30T15:01:06","date_gmt":"2020-07-30T14:01:06","guid":{"rendered":"http:\/\/lbcomunicazione.org\/?p=6292"},"modified":"2020-07-30T15:01:06","modified_gmt":"2020-07-30T14:01:06","slug":"uno-strumento-nelle-mie-mani","status":"publish","type":"post","link":"https:\/\/lbcomunicazione.org\/index.php\/2020\/07\/30\/uno-strumento-nelle-mie-mani\/","title":{"rendered":"Uno Strumento nelle mie Mani"},"content":{"rendered":"<div class=\"video-container\"><iframe loading=\"lazy\" title=\"blog TG24 la comunicazione : &quot; Uno Strumento nelle mie Mani &quot;\" width=\"500\" height=\"281\" src=\"https:\/\/www.youtube.com\/embed\/Ovh31NyJZu8?feature=oembed&#038;wmode=opaque\" frameborder=\"0\" allow=\"accelerometer; autoplay; clipboard-write; encrypted-media; gyroscope; picture-in-picture; web-share\" referrerpolicy=\"strict-origin-when-cross-origin\" allowfullscreen><\/iframe><\/div>\n<p>&nbsp;<\/p>\n<p>Di <strong>Maria Diana<\/strong><\/p>\n<p>\u201c<em><strong>Siamo nodi di una rete di scambi, di cui questo libro \u00e8 un tassello, nella quale ci passiamo informazioni, immagini, strumenti e conoscenza. Ma nel mondo che vediamo siamo anche parte integrante, non siamo osservatori esterni. Siamo situati in esso. La nostra prospettiva su di esso \u00e8 dall\u2019interno. Siamo fatti degli stessi atomi e degli stessi segnali di luce che si scambiano i pini sulle montagne e le stelle nelle galassie<\/strong><\/em>.\u201d<\/p>\n<p><strong>Carlo Rovelli<\/strong>, libro <strong>Sette brevi lezioni di fisica<\/strong><!--more--><\/p>\n<h2>Interno ed esterno uniti&#8230;<\/h2>\n<p>Ci\u00f2 che sono all&#8217;interno \u00e8 ci\u00f2 che mi unisce all&#8217;esterno&#8230;<img loading=\"lazy\" decoding=\"async\" class=\"size-medium wp-image-6297 alignright\" src=\"https:\/\/lbcomunicazione.org\/wp-content\/uploads\/2020\/07\/be-511555_1920-300x232.jpg\" alt=\"\" width=\"300\" height=\"232\" srcset=\"https:\/\/lbcomunicazione.org\/wp-content\/uploads\/2020\/07\/be-511555_1920-300x232.jpg 300w, https:\/\/lbcomunicazione.org\/wp-content\/uploads\/2020\/07\/be-511555_1920-1024x791.jpg 1024w, https:\/\/lbcomunicazione.org\/wp-content\/uploads\/2020\/07\/be-511555_1920-768x593.jpg 768w, https:\/\/lbcomunicazione.org\/wp-content\/uploads\/2020\/07\/be-511555_1920-1536x1186.jpg 1536w, https:\/\/lbcomunicazione.org\/wp-content\/uploads\/2020\/07\/be-511555_1920-520x402.jpg 520w, https:\/\/lbcomunicazione.org\/wp-content\/uploads\/2020\/07\/be-511555_1920.jpg 1920w\" sizes=\"auto, (max-width: 300px) 100vw, 300px\" \/><\/p>\n<blockquote><p><em>Essere strumento nelle mie stesse mani, comprendendo che non \u00e8 un altro a guidarmi ma la mia stessa essenza, comporta un grande risveglio in atto.<span class=\"Apple-converted-space\">\u00a0<\/span><\/em><\/p><\/blockquote>\n<p>Lasciare cadere tutto ci\u00f2 che fino ad oggi mi ha resa schiava di credenze,<span class=\"Apple-converted-space\">\u00a0 <\/span>illusioni,<span class=\"Apple-converted-space\">\u00a0 <\/span>educazioni poco utili alla conoscenza e alla vita stessa, porta a liberare dentro di me qualcosa di indescrivibile\u2026.<\/p>\n<p>E\u2019 un po\u2019 come raggiungere una vera e propria unit\u00e0 con me stessa, con la parte di me che fino a quel momento non volevo inconsapevolmente mettere in luce, forse perch\u00e9 poco adatta alle conoscenze acquisite dall\u2019esterno che deviavano il mio stesso cammino.<\/p>\n<h2>L&#8217;armonia perfetta&#8230;<\/h2>\n<blockquote><p><em>Scoprire che dentro me stessa esiste una perfetta armonia tra l\u2019essere strumento e l\u2019essere colei che ne <img loading=\"lazy\" decoding=\"async\" class=\"size-medium wp-image-6298 alignright\" src=\"https:\/\/lbcomunicazione.org\/wp-content\/uploads\/2020\/07\/composing-2391033_1920-300x170.jpg\" alt=\"\" width=\"300\" height=\"170\" srcset=\"https:\/\/lbcomunicazione.org\/wp-content\/uploads\/2020\/07\/composing-2391033_1920-300x170.jpg 300w, https:\/\/lbcomunicazione.org\/wp-content\/uploads\/2020\/07\/composing-2391033_1920-1024x580.jpg 1024w, https:\/\/lbcomunicazione.org\/wp-content\/uploads\/2020\/07\/composing-2391033_1920-768x435.jpg 768w, https:\/\/lbcomunicazione.org\/wp-content\/uploads\/2020\/07\/composing-2391033_1920-1536x870.jpg 1536w, https:\/\/lbcomunicazione.org\/wp-content\/uploads\/2020\/07\/composing-2391033_1920-520x295.jpg 520w, https:\/\/lbcomunicazione.org\/wp-content\/uploads\/2020\/07\/composing-2391033_1920.jpg 1920w\" sizes=\"auto, (max-width: 300px) 100vw, 300px\" \/>usufruisce con una capacit\u00e0 di consapevolezza immediata, non comune alla gente comune, \u00e8 semplicemente straordinario.<\/em><\/p><\/blockquote>\n<p>Non tutti possono arrivare a ci\u00f2, ma non perch\u00e9 non ne sono capaci, ma perch\u00e9 non tutti trovano il coraggio di staccarsi dalle abitudini imposte come stile di vita naturale, e soprattutto comune.<\/p>\n<p>Ci si sentirebbe soli, si vivrebbe la vita in modo \u201c<em>diverso<\/em>\u201d, venendo considerati come esseri \u201c<em>anomali<\/em>\u201d, persone diverse, persone da tenere alla larga.<\/p>\n<h2>Una societ\u00e0 malata&#8230;<\/h2>\n<p>Questa \u00e8 la societ\u00e0 nella quale stiamo scegliendo di vivere, e per cambiarla bisogna trovare il modo di cambiare noi<img loading=\"lazy\" decoding=\"async\" class=\"size-medium wp-image-6296 alignright\" src=\"https:\/\/lbcomunicazione.org\/wp-content\/uploads\/2020\/07\/animal-4741740_1920-300x203.jpg\" alt=\"\" width=\"300\" height=\"203\" srcset=\"https:\/\/lbcomunicazione.org\/wp-content\/uploads\/2020\/07\/animal-4741740_1920-300x203.jpg 300w, https:\/\/lbcomunicazione.org\/wp-content\/uploads\/2020\/07\/animal-4741740_1920-1024x692.jpg 1024w, https:\/\/lbcomunicazione.org\/wp-content\/uploads\/2020\/07\/animal-4741740_1920-768x519.jpg 768w, https:\/\/lbcomunicazione.org\/wp-content\/uploads\/2020\/07\/animal-4741740_1920-1536x1038.jpg 1536w, https:\/\/lbcomunicazione.org\/wp-content\/uploads\/2020\/07\/animal-4741740_1920-520x351.jpg 520w, https:\/\/lbcomunicazione.org\/wp-content\/uploads\/2020\/07\/animal-4741740_1920.jpg 1920w\" sizes=\"auto, (max-width: 300px) 100vw, 300px\" \/> stessi.<\/p>\n<blockquote><p><em>In realt\u00e0 non si tratta di cambiare noi stessi, ma semplicemente di riscoprire noi stessi, quel \u201c<strong>noi\u201d<\/strong> che \u00e8 rimasto offuscato dalle educazioni devianti sia di valori che di potenzialit\u00e0 del nostro stesso essere.<\/em><\/p><\/blockquote>\n<p>Ritrovarmi a guidarmi senza che ci sia una forza esterna a farlo, e riconoscendo che io stessa vivo nella potenzialit\u00e0 di essere sia maestro che discepolo, mi porta a riscoprire un mondo infinito con possibilit\u00e0 infinite, senza limite, in continua espansione, in continuo rinnovamento.<\/p>\n<h2>La trappola mentale&#8230;<\/h2>\n<p>Limitarsi ad un credo che limita, \u00e8 il tranello per eccellenza, una vera e propria trappola mentale.<img loading=\"lazy\" decoding=\"async\" class=\"size-medium wp-image-6300 alignright\" src=\"https:\/\/lbcomunicazione.org\/wp-content\/uploads\/2020\/07\/Copia-di-woman-1927662_1920-300x192.jpg\" alt=\"\" width=\"300\" height=\"192\" srcset=\"https:\/\/lbcomunicazione.org\/wp-content\/uploads\/2020\/07\/Copia-di-woman-1927662_1920-300x192.jpg 300w, https:\/\/lbcomunicazione.org\/wp-content\/uploads\/2020\/07\/Copia-di-woman-1927662_1920-1024x655.jpg 1024w, https:\/\/lbcomunicazione.org\/wp-content\/uploads\/2020\/07\/Copia-di-woman-1927662_1920-768x491.jpg 768w, https:\/\/lbcomunicazione.org\/wp-content\/uploads\/2020\/07\/Copia-di-woman-1927662_1920-1536x982.jpg 1536w, https:\/\/lbcomunicazione.org\/wp-content\/uploads\/2020\/07\/Copia-di-woman-1927662_1920-520x333.jpg 520w, https:\/\/lbcomunicazione.org\/wp-content\/uploads\/2020\/07\/Copia-di-woman-1927662_1920.jpg 1920w\" sizes=\"auto, (max-width: 300px) 100vw, 300px\" \/><\/p>\n<blockquote><p><em>Il nostro essere in realt\u00e0 \u00e8 perfetto, e se lo vogliamo vivere come lo strumento perfetto guidato da un\u2019essenza perfetta, non potremmo fare altro che riscontrare una vita perfetta e meravigliosa, cosa che difficilmente oggi come oggi si riesce ad afferrare e a farla nostra.<\/em><\/p><\/blockquote>\n<p>Termino con una citazione di <strong>Eckhart Tolle<\/strong>:<\/p>\n<p>\u201c<em><strong>Tutte le cose davvero importanti ( bellezza, amore, creativit\u00e0, gioia, pace interiore), nascono al di l\u00e0 della mente. Cos\u00ec cominciate a risvegliarvi<\/strong><\/em>\u201d.<\/p>\n<p>Per altri articoli di Pittrice di parole, clicca <a href=\"https:\/\/lbcomunicazione.org\/index.php\/pittricediparole\/\">QUI<\/a><\/p>\n<p>&nbsp;<\/p>\n","protected":false},"excerpt":{"rendered":"<p>&nbsp; Di Maria Diana \u201cSiamo nodi di una rete di scambi, di cui questo libro \u00e8 un tassello, nella quale ci passiamo informazioni, immagini, strumenti e conoscenza. Ma nel mondo che vediamo siamo anche parte integrante,&#46;&#46;&#46;<\/p>\n","protected":false},"author":12,"featured_media":6299,"comment_status":"open","ping_status":"closed","sticky":false,"template":"","format":"image","meta":{"footnotes":""},"categories":[181],"tags":[576,575],"class_list":["post-6292","post","type-post","status-publish","format-image","has-post-thumbnail","hentry","category-riflessioni","tag-mani","tag-strumento","post_format-post-format-image"],"_links":{"self":[{"href":"https:\/\/lbcomunicazione.org\/index.php\/wp-json\/wp\/v2\/posts\/6292","targetHints":{"allow":["GET"]}}],"collection":[{"href":"https:\/\/lbcomunicazione.org\/index.php\/wp-json\/wp\/v2\/posts"}],"about":[{"href":"https:\/\/lbcomunicazione.org\/index.php\/wp-json\/wp\/v2\/types\/post"}],"author":[{"embeddable":true,"href":"https:\/\/lbcomunicazione.org\/index.php\/wp-json\/wp\/v2\/users\/12"}],"replies":[{"embeddable":true,"href":"https:\/\/lbcomunicazione.org\/index.php\/wp-json\/wp\/v2\/comments?post=6292"}],"version-history":[{"count":0,"href":"https:\/\/lbcomunicazione.org\/index.php\/wp-json\/wp\/v2\/posts\/6292\/revisions"}],"wp:featuredmedia":[{"embeddable":true,"href":"https:\/\/lbcomunicazione.org\/index.php\/wp-json\/wp\/v2\/media\/6299"}],"wp:attachment":[{"href":"https:\/\/lbcomunicazione.org\/index.php\/wp-json\/wp\/v2\/media?parent=6292"}],"wp:term":[{"taxonomy":"category","embeddable":true,"href":"https:\/\/lbcomunicazione.org\/index.php\/wp-json\/wp\/v2\/categories?post=6292"},{"taxonomy":"post_tag","embeddable":true,"href":"https:\/\/lbcomunicazione.org\/index.php\/wp-json\/wp\/v2\/tags?post=6292"}],"curies":[{"name":"wp","href":"https:\/\/api.w.org\/{rel}","templated":true}]}}