{"id":6177,"date":"2020-07-16T22:11:57","date_gmt":"2020-07-16T21:11:57","guid":{"rendered":"http:\/\/lbcomunicazione.org\/?p=6177"},"modified":"2020-07-16T22:11:57","modified_gmt":"2020-07-16T21:11:57","slug":"il-mondo-che-io-sono","status":"publish","type":"post","link":"https:\/\/lbcomunicazione.org\/index.php\/2020\/07\/16\/il-mondo-che-io-sono\/","title":{"rendered":"Il Mondo che io sono"},"content":{"rendered":"<h2><strong>Il mondo che io sono<\/strong><\/h2>\n<p>Oggi dopo un anno di lavoro&#8230; \u00e8 ufficialmente aperta la piattaforma <a href=\"https:\/\/mercatoetico.org\">ilmondocheiosono.org<\/a><\/p>\n<h3><\/h3>\n<h2><em>&#8230;desidero raccontarvi una storia vera<\/em><\/h2>\n<p>Nel 2009 una donna di 40 anni ha perso il lavoro; non avendo famiglia si \u00e8 trovata sola a combattere con bollette, tasse, e tutto ci\u00f2 che la vita oggi propone.<\/p>\n<p>Dopo aver svolto qualche lavoretto qua e la per mangiare, fin\u00ec con ammalarsi. Non avendo un reddito che potesse sostenerla, trov\u00f2 come unica strada l&#8217;idea di aprire un attivit\u00e0. Fu la sua condanna.<\/p>\n<p>Pur vendendo prodotti italiani, l&#8217;attivit\u00e0 non prese mai il via, cos\u00ec dovette chiudere ritrovandosi mille problemi che ancora oggi, all&#8217;et\u00e0 di 51 anni, rimangono ancora tali.<\/p>\n<p>Ma come si \u00e8 soliti dire, ogni persona attrae persone simili, in tutti questi anni, questa donna ha conosciuto numerosi imprenditori nella sua stessa situazione, &#8230;e purtroppo anche numerose famiglie che hanno perso i loro cari, &#8230;per questa dura<em> lotta economica; u<\/em>na lotta conosciuta da chi la vive, ed evitata da chi non sa cosa significa avere un attivit\u00e0.<\/p>\n<h3><strong>Ma durante il suo cammino, ha conosciuto anche persone di valore, ma soprattutto ha capito che solo rimettendo in moto l&#8217;economia italiana si poteva fare la differenza.<\/strong><\/h3>\n<p>&nbsp;<\/p>\n<h2><strong>Nasce cos\u00ec &#8220;Il mondo che io sono&#8221; <\/strong><\/h2>\n<p>una piattaforma che vuole portare il sole nelle abitazioni e nelle famiglie; vuole dimostrare che l&#8217;unione fa la forza &#8230;e che se si <strong><em>divide da bravi fratelli<\/em><\/strong> si possono fare mille cose: tra le tante &#8221; VIVER BENE &#8221; &#8230;che non \u00e8 poco!<\/p>\n<p>&nbsp;<\/p>\n<h2 style=\"text-align: center;\">Per leggere il Progetto clicca <a href=\"https:\/\/mercatoetico.org\/elgg_beezzup\/il-progetto\">Qui<\/a><\/h2>\n<p><em>Cristina<\/em><\/p>\n","protected":false},"excerpt":{"rendered":"<p>Il mondo che io sono Oggi dopo un anno di lavoro&#8230; \u00e8 ufficialmente aperta la piattaforma ilmondocheiosono.org &#8230;desidero raccontarvi una storia vera Nel 2009 una donna di 40 anni ha perso il lavoro; non avendo famiglia&#46;&#46;&#46;<\/p>\n","protected":false},"author":3,"featured_media":6178,"comment_status":"open","ping_status":"closed","sticky":false,"template":"","format":"image","meta":{"footnotes":""},"categories":[6,10],"tags":[568,113],"class_list":["post-6177","post","type-post","status-publish","format-image","has-post-thumbnail","hentry","category-attualita","category-economia","tag-aziende","tag-il-mondo-che-io-sono","post_format-post-format-image"],"_links":{"self":[{"href":"https:\/\/lbcomunicazione.org\/index.php\/wp-json\/wp\/v2\/posts\/6177","targetHints":{"allow":["GET"]}}],"collection":[{"href":"https:\/\/lbcomunicazione.org\/index.php\/wp-json\/wp\/v2\/posts"}],"about":[{"href":"https:\/\/lbcomunicazione.org\/index.php\/wp-json\/wp\/v2\/types\/post"}],"author":[{"embeddable":true,"href":"https:\/\/lbcomunicazione.org\/index.php\/wp-json\/wp\/v2\/users\/3"}],"replies":[{"embeddable":true,"href":"https:\/\/lbcomunicazione.org\/index.php\/wp-json\/wp\/v2\/comments?post=6177"}],"version-history":[{"count":0,"href":"https:\/\/lbcomunicazione.org\/index.php\/wp-json\/wp\/v2\/posts\/6177\/revisions"}],"wp:featuredmedia":[{"embeddable":true,"href":"https:\/\/lbcomunicazione.org\/index.php\/wp-json\/wp\/v2\/media\/6178"}],"wp:attachment":[{"href":"https:\/\/lbcomunicazione.org\/index.php\/wp-json\/wp\/v2\/media?parent=6177"}],"wp:term":[{"taxonomy":"category","embeddable":true,"href":"https:\/\/lbcomunicazione.org\/index.php\/wp-json\/wp\/v2\/categories?post=6177"},{"taxonomy":"post_tag","embeddable":true,"href":"https:\/\/lbcomunicazione.org\/index.php\/wp-json\/wp\/v2\/tags?post=6177"}],"curies":[{"name":"wp","href":"https:\/\/api.w.org\/{rel}","templated":true}]}}