{"id":6167,"date":"2020-07-16T15:28:21","date_gmt":"2020-07-16T14:28:21","guid":{"rendered":"http:\/\/lbcomunicazione.org\/?p=6167"},"modified":"2020-07-16T15:28:21","modified_gmt":"2020-07-16T14:28:21","slug":"la-luna-balsamica","status":"publish","type":"post","link":"https:\/\/lbcomunicazione.org\/index.php\/2020\/07\/16\/la-luna-balsamica\/","title":{"rendered":"La Luna Balsamica"},"content":{"rendered":"<h2>Una fine e un nuovo inizio<\/h2>\n<p>Il 20 luglio, alle 19.33, ci sar\u00e0 la Luna Nuova in \u00a0Granchio. La Luna Nuova \u00e8 una fase di congiunzione ( Sole e Luna si trovano a 0 gradi tra loro ) e rappresenta, allo stesso tempo, la fine del precedente ciclo di lunazione e l\u2019inizio di quello nuovo. Gli aspetti mutevoli della Luna hanno sempre affascinato l\u2019uomo, tanto che i nostri antenati, percependone il mistero, l\u2019hanno associata al Femminile, partecipe e immerso nella sua ciclicit\u00e0. Cos\u00ec la Luna \u00e8 divenuta il simbolo della psiche, dei sentimenti, degli umori variabili, della maternit\u00e0. Il Ciclo di Lunazione dura circa 29 giorni ed \u00e8 strutturato da diverse fasi del Luminare Lunare. Una fase poco conosciuta \u00e8 rappresentata dalla Luna Balsamica che si verifica quando il Sole e la Luna si trovano a meno di 45 gradi l\u2019uno dall\u2019altra, circa tre giorni prima della Luna \u00a0Nuova.<\/p>\n<p><img loading=\"lazy\" decoding=\"async\" class=\"aligncenter size-medium wp-image-6171\" src=\"https:\/\/lbcomunicazione.org\/wp-content\/uploads\/2020\/07\/7F3EF4E7-1E8F-4E06-B500-2475F300174E-300x200.jpeg\" alt=\"Il ciclo lunare\" width=\"300\" height=\"200\" srcset=\"https:\/\/lbcomunicazione.org\/wp-content\/uploads\/2020\/07\/7F3EF4E7-1E8F-4E06-B500-2475F300174E-300x200.jpeg 300w, https:\/\/lbcomunicazione.org\/wp-content\/uploads\/2020\/07\/7F3EF4E7-1E8F-4E06-B500-2475F300174E-1024x682.jpeg 1024w, https:\/\/lbcomunicazione.org\/wp-content\/uploads\/2020\/07\/7F3EF4E7-1E8F-4E06-B500-2475F300174E-768x512.jpeg 768w, https:\/\/lbcomunicazione.org\/wp-content\/uploads\/2020\/07\/7F3EF4E7-1E8F-4E06-B500-2475F300174E-520x347.jpeg 520w, https:\/\/lbcomunicazione.org\/wp-content\/uploads\/2020\/07\/7F3EF4E7-1E8F-4E06-B500-2475F300174E.jpeg 1280w\" sizes=\"auto, (max-width: 300px) 100vw, 300px\" \/><\/p>\n<p>Dane Rudhyar scrive parole molto belle sulla Luna Balsamica: \u201cQuesta fase della Luna decrescente simboleggia, sotto un certo aspetto, l\u2019ultima liberazione del seme appartenente al ciclo che sta per finire. Rappresenta pure l\u2019entrata della Luna nel santuario del Regno Solare e, appena entra, porta al Sole, come dire, il nuovo bisogno della Terra. Lei \u00e8 la Madre, l\u2019amata, \u00a0che prega lo Spirito Divino in nome delle confuse e mortali creature terrestri.\u201d<\/p>\n<h2>Fase di purificazione<\/h2>\n<p>Durante la Luna Balsamica \u00e8 utile dedicarsi a pratiche di purificazione, digiuno, silenzio e meditazione in modo da ripulirsi delle scorie fisiche ed emotive accumulate nel precedente ciclo di lunazione e preparare il terreno per i semi del nuovo che vorremmo esprimere o realizzare. La Luna Nuova sar\u00e0 in Granchio quindi i nuovi \u201csemi\u201d saranno attinenti sopratutto al nido familiare, alla protezione dei cuccioli, alla maternit\u00e0, alla patria e al popolo, alla interiorit\u00e0 e al rapporto con l\u2019infanzia, propria e dei bambini in generale.<\/p>\n<p>Flavia<\/p>\n<p>&nbsp;<\/p>\n","protected":false},"excerpt":{"rendered":"<p>Una fine e un nuovo inizio Il 20 luglio, alle 19.33, ci sar\u00e0 la Luna Nuova in \u00a0Granchio. La Luna Nuova \u00e8 una fase di congiunzione ( Sole e Luna si trovano a 0 gradi tra&#46;&#46;&#46;<\/p>\n","protected":false},"author":55,"featured_media":6169,"comment_status":"open","ping_status":"closed","sticky":false,"template":"","format":"image","meta":{"footnotes":""},"categories":[84,17],"tags":[566,565,567],"class_list":["post-6167","post","type-post","status-publish","format-image","has-post-thumbnail","hentry","category-curiosita","category-oroscopo","tag-ciclo-di-lunazione","tag-luna-balsamica","tag-purificazione","post_format-post-format-image"],"_links":{"self":[{"href":"https:\/\/lbcomunicazione.org\/index.php\/wp-json\/wp\/v2\/posts\/6167","targetHints":{"allow":["GET"]}}],"collection":[{"href":"https:\/\/lbcomunicazione.org\/index.php\/wp-json\/wp\/v2\/posts"}],"about":[{"href":"https:\/\/lbcomunicazione.org\/index.php\/wp-json\/wp\/v2\/types\/post"}],"author":[{"embeddable":true,"href":"https:\/\/lbcomunicazione.org\/index.php\/wp-json\/wp\/v2\/users\/55"}],"replies":[{"embeddable":true,"href":"https:\/\/lbcomunicazione.org\/index.php\/wp-json\/wp\/v2\/comments?post=6167"}],"version-history":[{"count":0,"href":"https:\/\/lbcomunicazione.org\/index.php\/wp-json\/wp\/v2\/posts\/6167\/revisions"}],"wp:featuredmedia":[{"embeddable":true,"href":"https:\/\/lbcomunicazione.org\/index.php\/wp-json\/wp\/v2\/media\/6169"}],"wp:attachment":[{"href":"https:\/\/lbcomunicazione.org\/index.php\/wp-json\/wp\/v2\/media?parent=6167"}],"wp:term":[{"taxonomy":"category","embeddable":true,"href":"https:\/\/lbcomunicazione.org\/index.php\/wp-json\/wp\/v2\/categories?post=6167"},{"taxonomy":"post_tag","embeddable":true,"href":"https:\/\/lbcomunicazione.org\/index.php\/wp-json\/wp\/v2\/tags?post=6167"}],"curies":[{"name":"wp","href":"https:\/\/api.w.org\/{rel}","templated":true}]}}