{"id":6152,"date":"2020-07-15T12:37:08","date_gmt":"2020-07-15T11:37:08","guid":{"rendered":"http:\/\/lbcomunicazione.org\/?p=6152"},"modified":"2020-07-15T14:55:23","modified_gmt":"2020-07-15T13:55:23","slug":"nessun-lockdown-frena-la-conoscenza","status":"publish","type":"post","link":"https:\/\/lbcomunicazione.org\/index.php\/2020\/07\/15\/nessun-lockdown-frena-la-conoscenza\/","title":{"rendered":"Nessun lockdown frena la conoscenza"},"content":{"rendered":"<p><img loading=\"lazy\" decoding=\"async\" class=\"size-medium wp-image-6154 aligncenter\" src=\"https:\/\/lbcomunicazione.org\/wp-content\/uploads\/2020\/07\/IMG_20200715_121915-225x300.jpg\" alt=\"\" width=\"225\" height=\"300\" srcset=\"https:\/\/lbcomunicazione.org\/wp-content\/uploads\/2020\/07\/IMG_20200715_121915-225x300.jpg 225w, https:\/\/lbcomunicazione.org\/wp-content\/uploads\/2020\/07\/IMG_20200715_121915-768x1024.jpg 768w, https:\/\/lbcomunicazione.org\/wp-content\/uploads\/2020\/07\/IMG_20200715_121915-1152x1536.jpg 1152w, https:\/\/lbcomunicazione.org\/wp-content\/uploads\/2020\/07\/IMG_20200715_121915-1536x2048.jpg 1536w, https:\/\/lbcomunicazione.org\/wp-content\/uploads\/2020\/07\/IMG_20200715_121915-520x693.jpg 520w, https:\/\/lbcomunicazione.org\/wp-content\/uploads\/2020\/07\/IMG_20200715_121915-scaled.jpg 1920w\" sizes=\"auto, (max-width: 225px) 100vw, 225px\" \/><\/p>\n<h2>lockdown, non freni l&#8217; azione dell&#8217; informazione&#8230;.<\/h2>\n<p>Ho tardato un po&#8217; a pubblicare questa piccola azione protocollata per due volte al Comune di Latina per motivi di priorit\u00e0 esistenziali personali ma anche l&#8217; ultimo respiro sar\u00e0 gridare: verit\u00e0, conoscenza, discernimento, libert\u00e0 di scelta e azione nel nome dell&#8217; Amore per Me stesso ed il prossimo.<\/p>\n<p>&nbsp;<\/p>\n<p><img loading=\"lazy\" decoding=\"async\" class=\"size-medium wp-image-6156 aligncenter\" src=\"https:\/\/lbcomunicazione.org\/wp-content\/uploads\/2020\/07\/IMG-20200713-WA0005-1-300x225.jpg\" alt=\"\" width=\"300\" height=\"225\" srcset=\"https:\/\/lbcomunicazione.org\/wp-content\/uploads\/2020\/07\/IMG-20200713-WA0005-1-300x225.jpg 300w, https:\/\/lbcomunicazione.org\/wp-content\/uploads\/2020\/07\/IMG-20200713-WA0005-1-1024x768.jpg 1024w, https:\/\/lbcomunicazione.org\/wp-content\/uploads\/2020\/07\/IMG-20200713-WA0005-1-768x576.jpg 768w, https:\/\/lbcomunicazione.org\/wp-content\/uploads\/2020\/07\/IMG-20200713-WA0005-1-1536x1152.jpg 1536w, https:\/\/lbcomunicazione.org\/wp-content\/uploads\/2020\/07\/IMG-20200713-WA0005-1-520x390.jpg 520w, https:\/\/lbcomunicazione.org\/wp-content\/uploads\/2020\/07\/IMG-20200713-WA0005-1.jpg 1600w\" sizes=\"auto, (max-width: 300px) 100vw, 300px\" \/><\/p>\n<p>Me lo conferma il cuore, il mio sentire. Non mi curo degli stereotipi e pregiudizi e accuse violente ricevute da famiglia, amici, conoscenti e stessi aderenti al C.L.E.M.M. di cui sono parte. A chi mi accusa di farmi manipolare rispondo :\u00a0<strong>non giudicare, se cerchi un confronto democratico, bene diversamente lasciami essere coerente con me stesso perch\u00e9 ci credo ed il mio sentire mi basta per agire. &#8221; Il minestrone voglio vederlo riversato tutto sulla tavola poi le verdure le scelgo Io&#8221;.<\/strong><\/p>\n<p>Consapevole che, come singolo, non potr\u00f2 raggiungere grossi obiettivi, agisco come il colibr\u00ec impegnato a domare un incendio.<\/p>\n<h3>Un&#8217; azione epocale&#8230;..<\/h3>\n<p>Vi invito all&#8217;ascolto degli ZTL del Partito Valore Umano in riferimento alla situazione 5G che hanno trasformato il mio <strong>sentire<\/strong> in <strong>azione :<\/strong><\/p>\n<p><a href=\"https:\/\/youtu.be\/3vTuD1XFOz0\">https:\/\/youtu.be\/3vTuD1XFOz0<\/a><\/p>\n<p><a href=\"https:\/\/youtu.be\/mtAMibSoqyk\">https:\/\/youtu.be\/mtAMibSoqyk<\/a><\/p>\n<p>Ad oggi il mio sentire si trasforma in questa azione e vi invito ad aderire :<\/p>\n<p><a href=\"https:\/\/espostoepocale.it\/\">https:\/\/espostoepocale.it\/<\/a><\/p>\n<p>&nbsp;<\/p>\n","protected":false},"excerpt":{"rendered":"<p>lockdown, non freni l&#8217; azione dell&#8217; informazione&#8230;. Ho tardato un po&#8217; a pubblicare questa piccola azione protocollata per due volte al Comune di Latina per motivi di priorit\u00e0 esistenziali personali ma anche l&#8217; ultimo respiro sar\u00e0&#46;&#46;&#46;<\/p>\n","protected":false},"author":8,"featured_media":6155,"comment_status":"open","ping_status":"closed","sticky":false,"template":"","format":"image","meta":{"footnotes":""},"categories":[6],"tags":[446,559],"class_list":["post-6152","post","type-post","status-publish","format-image","has-post-thumbnail","hentry","category-attualita","tag-5g","tag-esposto-epocale","post_format-post-format-image"],"_links":{"self":[{"href":"https:\/\/lbcomunicazione.org\/index.php\/wp-json\/wp\/v2\/posts\/6152","targetHints":{"allow":["GET"]}}],"collection":[{"href":"https:\/\/lbcomunicazione.org\/index.php\/wp-json\/wp\/v2\/posts"}],"about":[{"href":"https:\/\/lbcomunicazione.org\/index.php\/wp-json\/wp\/v2\/types\/post"}],"author":[{"embeddable":true,"href":"https:\/\/lbcomunicazione.org\/index.php\/wp-json\/wp\/v2\/users\/8"}],"replies":[{"embeddable":true,"href":"https:\/\/lbcomunicazione.org\/index.php\/wp-json\/wp\/v2\/comments?post=6152"}],"version-history":[{"count":0,"href":"https:\/\/lbcomunicazione.org\/index.php\/wp-json\/wp\/v2\/posts\/6152\/revisions"}],"wp:featuredmedia":[{"embeddable":true,"href":"https:\/\/lbcomunicazione.org\/index.php\/wp-json\/wp\/v2\/media\/6155"}],"wp:attachment":[{"href":"https:\/\/lbcomunicazione.org\/index.php\/wp-json\/wp\/v2\/media?parent=6152"}],"wp:term":[{"taxonomy":"category","embeddable":true,"href":"https:\/\/lbcomunicazione.org\/index.php\/wp-json\/wp\/v2\/categories?post=6152"},{"taxonomy":"post_tag","embeddable":true,"href":"https:\/\/lbcomunicazione.org\/index.php\/wp-json\/wp\/v2\/tags?post=6152"}],"curies":[{"name":"wp","href":"https:\/\/api.w.org\/{rel}","templated":true}]}}