{"id":611,"date":"2019-11-03T16:44:40","date_gmt":"2019-11-03T15:44:40","guid":{"rendered":"http:\/\/lbcomunicazione.org\/?p=611"},"modified":"2019-11-03T16:45:58","modified_gmt":"2019-11-03T15:45:58","slug":"il-mondo-nascosto-1parte","status":"publish","type":"post","link":"https:\/\/lbcomunicazione.org\/index.php\/2019\/11\/03\/il-mondo-nascosto-1parte\/","title":{"rendered":"IL MONDO NASCOSTO: 1\u00b0Parte"},"content":{"rendered":"<p><iframe loading=\"lazy\" src=\"https:\/\/www.youtube.com\/embed\/XVpSv7l-USw\" width=\"560\" height=\"315\" frameborder=\"0\" allowfullscreen=\"allowfullscreen\"><\/iframe><\/p>\n<h2><\/h2>\n<h2>&#8220;Abbi buona cura del tuo corpo, \u00e8 l\u2019unico posto in cui devi vivere&#8221;. (Jim Rohn)<\/h2>\n<p><!--more--><\/p>\n<p>Trattiamo in questo articolo un argomento che \u201c<strong><em>scotta<\/em><\/strong>\u201d, perch\u00e9 quasi \u201c<em><strong>intoccabile<\/strong><\/em>\u201d: <strong>i Vaccini!!!<\/strong><br \/>\n<em>Tengo a precisare che non sono un medico, e che l\u2019argomento vaccini ha sempre suscitato la mia curiosit\u00e0. Per questo motivo sto facendo un percorso di approfondimento in merito a questo argomento. <\/em><\/p>\n<p><em>Nella mia ricerca sono andata ad attingere da persone che sono medici, persone serie, persone che da anni stanno facendo questo percorso di studio, comprendendo che la salute, quella vera, \u00e8 fondamentale per noi esseri viventi su questo pianeta.<\/em><\/p>\n<h3>Innanzitutto \u00e8 bene capire che le conseguenze delle vaccinazioni nei bambini sono diverse rispetto a quelle negli adulti, anche se presentano dei tratti in comune.<\/h3>\n<p>La conoscenza dello sviluppo e del funzionamento del Sistema Immunitario \u00e8 fondamentale per capire che cosa effettivamente accade , soprattutto nel corpo dei bambini, in seguito alla somministrazione di <strong>vaccini<\/strong>.<\/p>\n<p><img loading=\"lazy\" decoding=\"async\" class=\"alignnone size-medium wp-image-641\" src=\"https:\/\/lbcomunicazione.org\/wp-content\/uploads\/2019\/10\/children-1879907_1920-300x200.jpg\" alt=\"\" width=\"300\" height=\"200\" srcset=\"https:\/\/lbcomunicazione.org\/wp-content\/uploads\/2019\/10\/children-1879907_1920-300x200.jpg 300w, https:\/\/lbcomunicazione.org\/wp-content\/uploads\/2019\/10\/children-1879907_1920-768x512.jpg 768w, https:\/\/lbcomunicazione.org\/wp-content\/uploads\/2019\/10\/children-1879907_1920-1024x683.jpg 1024w, https:\/\/lbcomunicazione.org\/wp-content\/uploads\/2019\/10\/children-1879907_1920-520x347.jpg 520w, https:\/\/lbcomunicazione.org\/wp-content\/uploads\/2019\/10\/children-1879907_1920.jpg 1920w\" sizes=\"auto, (max-width: 300px) 100vw, 300px\" \/><\/p>\n<p>Facendo un prelievo, ad un bambino appena nato, si puo\u0300 mettere in evidenza, attraverso l\u2019elettroforesi delle proteine, una frazione gamma (quella in cui migrano gli anticorpi!) ben rappresentata a riprova del fatto che si nasce gia\u0300 con un <strong><em>patrimonio di anticorpi<\/em><\/strong>, vero dono dei nostri antenati, pronti all\u2019uso.<\/p>\n<p><strong>La reale funzione del Timo e del Midollo Osseo\u00a0 e\u0300 quella di una BancaDati di tutti gli antigeni incontrati dall\u2019origine della vita fino ai giorni nostri.<\/strong><\/p>\n<p>Qualsiasi sostanza venga immessa artificialmente nell\u2019ambiente interno, nel periodo che va dalla nascita all\u2019adolescenza, attiva l\u2019apoptosi, cio\u00e8 il <em>suicidio programmato dei linfociti<\/em> coinvolti nel riconoscimento dei corrispondenti antigeni presenti nella sostanza introdotta (vaccino), che quindi finisce col rientrare nel programma di protezione dei propri costituenti.<\/p>\n<p><img loading=\"lazy\" decoding=\"async\" class=\"alignnone size-medium wp-image-642\" src=\"https:\/\/lbcomunicazione.org\/wp-content\/uploads\/2019\/10\/white-male-1743470_1920-300x300.jpg\" alt=\"\" width=\"300\" height=\"300\" srcset=\"https:\/\/lbcomunicazione.org\/wp-content\/uploads\/2019\/10\/white-male-1743470_1920-300x300.jpg 300w, https:\/\/lbcomunicazione.org\/wp-content\/uploads\/2019\/10\/white-male-1743470_1920-150x150.jpg 150w, https:\/\/lbcomunicazione.org\/wp-content\/uploads\/2019\/10\/white-male-1743470_1920-768x768.jpg 768w, https:\/\/lbcomunicazione.org\/wp-content\/uploads\/2019\/10\/white-male-1743470_1920-1024x1024.jpg 1024w, https:\/\/lbcomunicazione.org\/wp-content\/uploads\/2019\/10\/white-male-1743470_1920-160x160.jpg 160w, https:\/\/lbcomunicazione.org\/wp-content\/uploads\/2019\/10\/white-male-1743470_1920-320x320.jpg 320w, https:\/\/lbcomunicazione.org\/wp-content\/uploads\/2019\/10\/white-male-1743470_1920-520x520.jpg 520w, https:\/\/lbcomunicazione.org\/wp-content\/uploads\/2019\/10\/white-male-1743470_1920.jpg 1920w\" sizes=\"auto, (max-width: 300px) 100vw, 300px\" \/><\/p>\n<p>L\u2019omissione (sia per ignoranza sia per dolo!) di questa prima fase di sviluppo del Sistema Immunitario e del suo programma fisiologico di auto-protezione mediante apoptosi linfocitaria, \u00e8 alla base delle errate scelte di Politica Sanitaria Internazionale a sostegno delle pratiche di immunizzazione dalle malattie dell\u2019infanzia e dell\u2019et\u00e0 adulta.<\/p>\n<p><strong>Nonostante la buona fede iniziale di chi ha promosso le vaccinazioni, in effetti non esiste alcuna immunizzazione attiva dopo l\u2019inoculazione di un vaccino, poich\u00e9 tutti i linfociti coinvolti nel processo di riconoscimento delle sostanze, e microbi, inoculate si autoeliminano per apoptosi fisiologica.<\/strong><\/p>\n<p>E\u2019 comune riscontrare nei bambini appena vaccinati il dato ematologico di una riduzione dei linfociti circolanti. Esso viene attribuito ad una ipotetica e mai spiegata <em>depressione immunitaria post-vaccinica<\/em> che, come si \u00e8 ormai ben compreso, \u00e8 la semplice conseguenza dell\u2019apoptosi fisiologica dei linfociti, esaltata dalle vaccinazioni multiple!<br \/>\nA conferma dell\u2019assenza di immunizzazione nei vaccinati, crescono i riscontri in adulti sani di microbi vivi e virulenti iniettati coi vaccini in et\u00e0 infantile, tanto da indurre i Centri Immunologici Internazionali a voler istituire e rendere obbligatorio quello che \u00e8 stato denominato: \u201c<strong>Il calendario per la vita<\/strong>\u201d, che prevede la reinoculazione negli adulti, attraverso i vaccini, degli stessi agenti microbici somministrati nell\u2019et\u00e0 infantile.<\/p>\n<p><img loading=\"lazy\" decoding=\"async\" class=\"alignnone size-medium wp-image-643\" src=\"https:\/\/lbcomunicazione.org\/wp-content\/uploads\/2019\/10\/ekg-2753762_1280-300x150.png\" alt=\"\" width=\"300\" height=\"150\" srcset=\"https:\/\/lbcomunicazione.org\/wp-content\/uploads\/2019\/10\/ekg-2753762_1280-300x150.png 300w, https:\/\/lbcomunicazione.org\/wp-content\/uploads\/2019\/10\/ekg-2753762_1280-768x384.png 768w, https:\/\/lbcomunicazione.org\/wp-content\/uploads\/2019\/10\/ekg-2753762_1280-1024x512.png 1024w, https:\/\/lbcomunicazione.org\/wp-content\/uploads\/2019\/10\/ekg-2753762_1280-520x260.png 520w, https:\/\/lbcomunicazione.org\/wp-content\/uploads\/2019\/10\/ekg-2753762_1280.png 1280w\" sizes=\"auto, (max-width: 300px) 100vw, 300px\" \/><\/p>\n<p><strong>Questo \u00e8 un programma che va bloccato sul nascere perch\u00e9 le conseguenze sulla vita di tutti gli umani (e altri animali) sarebbero devastanti!<\/strong><\/p>\n<p>Oggi \u00e8 sotto attacco la nostra libreria interiore che \u00e8 il DNA, con tutta la miriade di informazioni che ha codificato dall\u2019origine della vita fino a ciascuno di noi, comprese le lotte che i nostri antenati hanno sostenuto e vinto con gli agenti ambientali che si opponevano alla sopravvivenza. Attraverso vari strumenti fra cui la manipolazione genetica, OGM e <strong>vaccini<\/strong> si tende a sganciare l\u2019individuo moderno dalle sue radici, rendendolo pi\u00f9 vulnerabile alle aggressioni ambientali con pesanti ripercussioni sullo stato di salute e di sopravvivenza a partire dall\u2019et\u00e0 infantile.<br \/>\nVi invito a leggere il prossimo articolo dove parleremo di come si producono i <strong>vaccini<\/strong>, e in che cosa si differenziano i <strong>vaccini<\/strong> iniettabili da quelli presi oralmente. Questo perch\u00e9 l\u2019informazione, prima di fare una scelta, deve essere messa a \u201cnudo\u201d. Non mancate!<\/p>\n","protected":false},"excerpt":{"rendered":"<p>&#8220;Abbi buona cura del tuo corpo, \u00e8 l\u2019unico posto in cui devi vivere&#8221;. (Jim Rohn)<\/p>\n","protected":false},"author":12,"featured_media":640,"comment_status":"open","ping_status":"closed","sticky":false,"template":"","format":"image","meta":{"_crdt_document":"","footnotes":""},"categories":[30],"tags":[49],"class_list":["post-611","post","type-post","status-publish","format-image","has-post-thumbnail","hentry","category-salute","tag-salute","post_format-post-format-image"],"yoast_head":"<!-- This site is optimized with the Yoast SEO plugin v26.9 - https:\/\/yoast.com\/product\/yoast-seo-wordpress\/ -->\n<title>IL MONDO NASCOSTO: 1\u00b0Parte - blog TG24 la comunicazione<\/title>\n<meta name=\"robots\" content=\"index, follow, max-snippet:-1, max-image-preview:large, max-video-preview:-1\" \/>\n<link rel=\"canonical\" href=\"https:\/\/lbcomunicazione.org\/index.php\/2019\/11\/03\/il-mondo-nascosto-1parte\/\" \/>\n<meta property=\"og:locale\" content=\"it_IT\" \/>\n<meta property=\"og:type\" content=\"article\" \/>\n<meta property=\"og:title\" content=\"IL MONDO NASCOSTO: 1\u00b0Parte - blog TG24 la comunicazione\" \/>\n<meta property=\"og:description\" content=\"&#8220;Abbi buona cura del tuo corpo, \u00e8 l\u2019unico posto in cui devi vivere&#8221;. (Jim Rohn)\" \/>\n<meta property=\"og:url\" content=\"https:\/\/lbcomunicazione.org\/index.php\/2019\/11\/03\/il-mondo-nascosto-1parte\/\" \/>\n<meta property=\"og:site_name\" content=\"blog TG24 la comunicazione\" \/>\n<meta property=\"article:publisher\" content=\"https:\/\/www.facebook.com\/beezzup\/\" \/>\n<meta property=\"article:published_time\" content=\"2019-11-03T15:44:40+00:00\" \/>\n<meta property=\"article:modified_time\" content=\"2019-11-03T15:45:58+00:00\" \/>\n<meta property=\"og:image\" content=\"https:\/\/lbcomunicazione.org\/wp-content\/uploads\/2019\/10\/pregnant-2568395_1920.jpg\" \/>\n\t<meta property=\"og:image:width\" content=\"1920\" \/>\n\t<meta property=\"og:image:height\" content=\"1280\" \/>\n\t<meta property=\"og:image:type\" content=\"image\/jpeg\" \/>\n<meta name=\"author\" content=\"Diana\" \/>\n<meta name=\"twitter:card\" content=\"summary_large_image\" \/>\n<meta name=\"twitter:creator\" content=\"@beezzup\" \/>\n<meta name=\"twitter:site\" content=\"@beezzup\" \/>\n<meta name=\"twitter:label1\" content=\"Scritto da\" \/>\n\t<meta name=\"twitter:data1\" content=\"Diana\" \/>\n\t<meta name=\"twitter:label2\" content=\"Tempo di lettura stimato\" \/>\n\t<meta name=\"twitter:data2\" content=\"3 minuti\" \/>\n<script type=\"application\/ld+json\" class=\"yoast-schema-graph\">{\"@context\":\"https:\/\/schema.org\",\"@graph\":[{\"@type\":\"Article\",\"@id\":\"https:\/\/lbcomunicazione.org\/index.php\/2019\/11\/03\/il-mondo-nascosto-1parte\/#article\",\"isPartOf\":{\"@id\":\"https:\/\/lbcomunicazione.org\/index.php\/2019\/11\/03\/il-mondo-nascosto-1parte\/\"},\"author\":{\"name\":\"Diana\",\"@id\":\"https:\/\/lbcomunicazione.org\/#\/schema\/person\/9f78fb4a635e4c4c13460b4bdf25f0a6\"},\"headline\":\"IL MONDO NASCOSTO: 1\u00b0Parte\",\"datePublished\":\"2019-11-03T15:44:40+00:00\",\"dateModified\":\"2019-11-03T15:45:58+00:00\",\"mainEntityOfPage\":{\"@id\":\"https:\/\/lbcomunicazione.org\/index.php\/2019\/11\/03\/il-mondo-nascosto-1parte\/\"},\"wordCount\":639,\"commentCount\":2,\"publisher\":{\"@id\":\"https:\/\/lbcomunicazione.org\/#organization\"},\"image\":{\"@id\":\"https:\/\/lbcomunicazione.org\/index.php\/2019\/11\/03\/il-mondo-nascosto-1parte\/#primaryimage\"},\"thumbnailUrl\":\"https:\/\/lbcomunicazione.org\/wp-content\/uploads\/2019\/10\/pregnant-2568395_1920.jpg\",\"keywords\":[\"salute\"],\"articleSection\":[\"salute\"],\"inLanguage\":\"it-IT\",\"potentialAction\":[{\"@type\":\"CommentAction\",\"name\":\"Comment\",\"target\":[\"https:\/\/lbcomunicazione.org\/index.php\/2019\/11\/03\/il-mondo-nascosto-1parte\/#respond\"]}]},{\"@type\":\"WebPage\",\"@id\":\"https:\/\/lbcomunicazione.org\/index.php\/2019\/11\/03\/il-mondo-nascosto-1parte\/\",\"url\":\"https:\/\/lbcomunicazione.org\/index.php\/2019\/11\/03\/il-mondo-nascosto-1parte\/\",\"name\":\"IL MONDO NASCOSTO: 1\u00b0Parte - blog TG24 la comunicazione\",\"isPartOf\":{\"@id\":\"https:\/\/lbcomunicazione.org\/#website\"},\"primaryImageOfPage\":{\"@id\":\"https:\/\/lbcomunicazione.org\/index.php\/2019\/11\/03\/il-mondo-nascosto-1parte\/#primaryimage\"},\"image\":{\"@id\":\"https:\/\/lbcomunicazione.org\/index.php\/2019\/11\/03\/il-mondo-nascosto-1parte\/#primaryimage\"},\"thumbnailUrl\":\"https:\/\/lbcomunicazione.org\/wp-content\/uploads\/2019\/10\/pregnant-2568395_1920.jpg\",\"datePublished\":\"2019-11-03T15:44:40+00:00\",\"dateModified\":\"2019-11-03T15:45:58+00:00\",\"breadcrumb\":{\"@id\":\"https:\/\/lbcomunicazione.org\/index.php\/2019\/11\/03\/il-mondo-nascosto-1parte\/#breadcrumb\"},\"inLanguage\":\"it-IT\",\"potentialAction\":[{\"@type\":\"ReadAction\",\"target\":[\"https:\/\/lbcomunicazione.org\/index.php\/2019\/11\/03\/il-mondo-nascosto-1parte\/\"]}]},{\"@type\":\"ImageObject\",\"inLanguage\":\"it-IT\",\"@id\":\"https:\/\/lbcomunicazione.org\/index.php\/2019\/11\/03\/il-mondo-nascosto-1parte\/#primaryimage\",\"url\":\"https:\/\/lbcomunicazione.org\/wp-content\/uploads\/2019\/10\/pregnant-2568395_1920.jpg\",\"contentUrl\":\"https:\/\/lbcomunicazione.org\/wp-content\/uploads\/2019\/10\/pregnant-2568395_1920.jpg\",\"width\":1920,\"height\":1280},{\"@type\":\"BreadcrumbList\",\"@id\":\"https:\/\/lbcomunicazione.org\/index.php\/2019\/11\/03\/il-mondo-nascosto-1parte\/#breadcrumb\",\"itemListElement\":[{\"@type\":\"ListItem\",\"position\":1,\"name\":\"Home\",\"item\":\"https:\/\/lbcomunicazione.org\/\"},{\"@type\":\"ListItem\",\"position\":2,\"name\":\"IL MONDO NASCOSTO: 1\u00b0Parte\"}]},{\"@type\":\"WebSite\",\"@id\":\"https:\/\/lbcomunicazione.org\/#website\",\"url\":\"https:\/\/lbcomunicazione.org\/\",\"name\":\"blogTG24lacomunicazione.org\",\"description\":\"Siamo una squadra di blogger, che desiderano dare voce a quelle notizie, realt\u00e0, associazioni, che non sono divulgate dai giornali e media\",\"publisher\":{\"@id\":\"https:\/\/lbcomunicazione.org\/#organization\"},\"potentialAction\":[{\"@type\":\"SearchAction\",\"target\":{\"@type\":\"EntryPoint\",\"urlTemplate\":\"https:\/\/lbcomunicazione.org\/?s={search_term_string}\"},\"query-input\":{\"@type\":\"PropertyValueSpecification\",\"valueRequired\":true,\"valueName\":\"search_term_string\"}}],\"inLanguage\":\"it-IT\"},{\"@type\":\"Organization\",\"@id\":\"https:\/\/lbcomunicazione.org\/#organization\",\"name\":\"blogtg24lacomunicazione\",\"url\":\"https:\/\/lbcomunicazione.org\/\",\"logo\":{\"@type\":\"ImageObject\",\"inLanguage\":\"it-IT\",\"@id\":\"https:\/\/lbcomunicazione.org\/#\/schema\/logo\/image\/\",\"url\":\"https:\/\/lbcomunicazione.org\/wp-content\/uploads\/2019\/01\/logo-cfpblogger.jpg\",\"contentUrl\":\"https:\/\/lbcomunicazione.org\/wp-content\/uploads\/2019\/01\/logo-cfpblogger.jpg\",\"width\":680,\"height\":709,\"caption\":\"blogtg24lacomunicazione\"},\"image\":{\"@id\":\"https:\/\/lbcomunicazione.org\/#\/schema\/logo\/image\/\"},\"sameAs\":[\"https:\/\/www.facebook.com\/beezzup\/\",\"https:\/\/x.com\/beezzup\",\"https:\/\/www.instagram.com\/beezzup\/\",\"https:\/\/www.pinterest.it\/beezzup\/\",\"https:\/\/www.youtube.com\/channel\/UCPeEGg5tKdoyOPK--mGE5Yg\"]},{\"@type\":\"Person\",\"@id\":\"https:\/\/lbcomunicazione.org\/#\/schema\/person\/9f78fb4a635e4c4c13460b4bdf25f0a6\",\"name\":\"Diana\",\"image\":{\"@type\":\"ImageObject\",\"inLanguage\":\"it-IT\",\"@id\":\"https:\/\/lbcomunicazione.org\/#\/schema\/person\/image\/\",\"url\":\"https:\/\/secure.gravatar.com\/avatar\/aa52899ec89e7ca816b280bfb117392a90ed7667c233164dc569a91e4020cab6?s=96&d=mm&r=g\",\"contentUrl\":\"https:\/\/secure.gravatar.com\/avatar\/aa52899ec89e7ca816b280bfb117392a90ed7667c233164dc569a91e4020cab6?s=96&d=mm&r=g\",\"caption\":\"Diana\"},\"description\":\"Ciao, sono Diana e ti d\u00f2 il benvenuto come visitatore in questa pagina dove posso scambiare insieme a te idee ed esperienze che sono in continua evoluzione, in continua crescita. Questo \u00e8 il mio sostanziale desiderio: condividere il proprio intuire, il proprio sentire al di l\u00e0 di un semplice libro, ma attraverso lo studio delle esperienze di vita e degli strumenti che sono a portata di mano di ognuno di noi, come la natura, il cielo, gli occhi di una persona, il sentire del cuore e cos\u00ec via.....Io li chiamo strumenti viventi. Ecco, questo \u00e8 il mio sentire, questo \u00e8 il mio vivere. Se ti pu\u00f2 interessare visita questo sito: sei il\/la benvenuto\/a!\",\"url\":\"https:\/\/lbcomunicazione.org\/index.php\/author\/maria\/\"}]}<\/script>\n<!-- \/ Yoast SEO plugin. -->","yoast_head_json":{"title":"IL MONDO NASCOSTO: 1\u00b0Parte - blog TG24 la comunicazione","robots":{"index":"index","follow":"follow","max-snippet":"max-snippet:-1","max-image-preview":"max-image-preview:large","max-video-preview":"max-video-preview:-1"},"canonical":"https:\/\/lbcomunicazione.org\/index.php\/2019\/11\/03\/il-mondo-nascosto-1parte\/","og_locale":"it_IT","og_type":"article","og_title":"IL MONDO NASCOSTO: 1\u00b0Parte - blog TG24 la comunicazione","og_description":"&#8220;Abbi buona cura del tuo corpo, \u00e8 l\u2019unico posto in cui devi vivere&#8221;. (Jim Rohn)","og_url":"https:\/\/lbcomunicazione.org\/index.php\/2019\/11\/03\/il-mondo-nascosto-1parte\/","og_site_name":"blog TG24 la comunicazione","article_publisher":"https:\/\/www.facebook.com\/beezzup\/","article_published_time":"2019-11-03T15:44:40+00:00","article_modified_time":"2019-11-03T15:45:58+00:00","og_image":[{"width":1920,"height":1280,"url":"https:\/\/lbcomunicazione.org\/wp-content\/uploads\/2019\/10\/pregnant-2568395_1920.jpg","type":"image\/jpeg"}],"author":"Diana","twitter_card":"summary_large_image","twitter_creator":"@beezzup","twitter_site":"@beezzup","twitter_misc":{"Scritto da":"Diana","Tempo di lettura stimato":"3 minuti"},"schema":{"@context":"https:\/\/schema.org","@graph":[{"@type":"Article","@id":"https:\/\/lbcomunicazione.org\/index.php\/2019\/11\/03\/il-mondo-nascosto-1parte\/#article","isPartOf":{"@id":"https:\/\/lbcomunicazione.org\/index.php\/2019\/11\/03\/il-mondo-nascosto-1parte\/"},"author":{"name":"Diana","@id":"https:\/\/lbcomunicazione.org\/#\/schema\/person\/9f78fb4a635e4c4c13460b4bdf25f0a6"},"headline":"IL MONDO NASCOSTO: 1\u00b0Parte","datePublished":"2019-11-03T15:44:40+00:00","dateModified":"2019-11-03T15:45:58+00:00","mainEntityOfPage":{"@id":"https:\/\/lbcomunicazione.org\/index.php\/2019\/11\/03\/il-mondo-nascosto-1parte\/"},"wordCount":639,"commentCount":2,"publisher":{"@id":"https:\/\/lbcomunicazione.org\/#organization"},"image":{"@id":"https:\/\/lbcomunicazione.org\/index.php\/2019\/11\/03\/il-mondo-nascosto-1parte\/#primaryimage"},"thumbnailUrl":"https:\/\/lbcomunicazione.org\/wp-content\/uploads\/2019\/10\/pregnant-2568395_1920.jpg","keywords":["salute"],"articleSection":["salute"],"inLanguage":"it-IT","potentialAction":[{"@type":"CommentAction","name":"Comment","target":["https:\/\/lbcomunicazione.org\/index.php\/2019\/11\/03\/il-mondo-nascosto-1parte\/#respond"]}]},{"@type":"WebPage","@id":"https:\/\/lbcomunicazione.org\/index.php\/2019\/11\/03\/il-mondo-nascosto-1parte\/","url":"https:\/\/lbcomunicazione.org\/index.php\/2019\/11\/03\/il-mondo-nascosto-1parte\/","name":"IL MONDO NASCOSTO: 1\u00b0Parte - blog TG24 la comunicazione","isPartOf":{"@id":"https:\/\/lbcomunicazione.org\/#website"},"primaryImageOfPage":{"@id":"https:\/\/lbcomunicazione.org\/index.php\/2019\/11\/03\/il-mondo-nascosto-1parte\/#primaryimage"},"image":{"@id":"https:\/\/lbcomunicazione.org\/index.php\/2019\/11\/03\/il-mondo-nascosto-1parte\/#primaryimage"},"thumbnailUrl":"https:\/\/lbcomunicazione.org\/wp-content\/uploads\/2019\/10\/pregnant-2568395_1920.jpg","datePublished":"2019-11-03T15:44:40+00:00","dateModified":"2019-11-03T15:45:58+00:00","breadcrumb":{"@id":"https:\/\/lbcomunicazione.org\/index.php\/2019\/11\/03\/il-mondo-nascosto-1parte\/#breadcrumb"},"inLanguage":"it-IT","potentialAction":[{"@type":"ReadAction","target":["https:\/\/lbcomunicazione.org\/index.php\/2019\/11\/03\/il-mondo-nascosto-1parte\/"]}]},{"@type":"ImageObject","inLanguage":"it-IT","@id":"https:\/\/lbcomunicazione.org\/index.php\/2019\/11\/03\/il-mondo-nascosto-1parte\/#primaryimage","url":"https:\/\/lbcomunicazione.org\/wp-content\/uploads\/2019\/10\/pregnant-2568395_1920.jpg","contentUrl":"https:\/\/lbcomunicazione.org\/wp-content\/uploads\/2019\/10\/pregnant-2568395_1920.jpg","width":1920,"height":1280},{"@type":"BreadcrumbList","@id":"https:\/\/lbcomunicazione.org\/index.php\/2019\/11\/03\/il-mondo-nascosto-1parte\/#breadcrumb","itemListElement":[{"@type":"ListItem","position":1,"name":"Home","item":"https:\/\/lbcomunicazione.org\/"},{"@type":"ListItem","position":2,"name":"IL MONDO NASCOSTO: 1\u00b0Parte"}]},{"@type":"WebSite","@id":"https:\/\/lbcomunicazione.org\/#website","url":"https:\/\/lbcomunicazione.org\/","name":"blogTG24lacomunicazione.org","description":"Siamo una squadra di blogger, che desiderano dare voce a quelle notizie, realt\u00e0, associazioni, che non sono divulgate dai giornali e media","publisher":{"@id":"https:\/\/lbcomunicazione.org\/#organization"},"potentialAction":[{"@type":"SearchAction","target":{"@type":"EntryPoint","urlTemplate":"https:\/\/lbcomunicazione.org\/?s={search_term_string}"},"query-input":{"@type":"PropertyValueSpecification","valueRequired":true,"valueName":"search_term_string"}}],"inLanguage":"it-IT"},{"@type":"Organization","@id":"https:\/\/lbcomunicazione.org\/#organization","name":"blogtg24lacomunicazione","url":"https:\/\/lbcomunicazione.org\/","logo":{"@type":"ImageObject","inLanguage":"it-IT","@id":"https:\/\/lbcomunicazione.org\/#\/schema\/logo\/image\/","url":"https:\/\/lbcomunicazione.org\/wp-content\/uploads\/2019\/01\/logo-cfpblogger.jpg","contentUrl":"https:\/\/lbcomunicazione.org\/wp-content\/uploads\/2019\/01\/logo-cfpblogger.jpg","width":680,"height":709,"caption":"blogtg24lacomunicazione"},"image":{"@id":"https:\/\/lbcomunicazione.org\/#\/schema\/logo\/image\/"},"sameAs":["https:\/\/www.facebook.com\/beezzup\/","https:\/\/x.com\/beezzup","https:\/\/www.instagram.com\/beezzup\/","https:\/\/www.pinterest.it\/beezzup\/","https:\/\/www.youtube.com\/channel\/UCPeEGg5tKdoyOPK--mGE5Yg"]},{"@type":"Person","@id":"https:\/\/lbcomunicazione.org\/#\/schema\/person\/9f78fb4a635e4c4c13460b4bdf25f0a6","name":"Diana","image":{"@type":"ImageObject","inLanguage":"it-IT","@id":"https:\/\/lbcomunicazione.org\/#\/schema\/person\/image\/","url":"https:\/\/secure.gravatar.com\/avatar\/aa52899ec89e7ca816b280bfb117392a90ed7667c233164dc569a91e4020cab6?s=96&d=mm&r=g","contentUrl":"https:\/\/secure.gravatar.com\/avatar\/aa52899ec89e7ca816b280bfb117392a90ed7667c233164dc569a91e4020cab6?s=96&d=mm&r=g","caption":"Diana"},"description":"Ciao, sono Diana e ti d\u00f2 il benvenuto come visitatore in questa pagina dove posso scambiare insieme a te idee ed esperienze che sono in continua evoluzione, in continua crescita. Questo \u00e8 il mio sostanziale desiderio: condividere il proprio intuire, il proprio sentire al di l\u00e0 di un semplice libro, ma attraverso lo studio delle esperienze di vita e degli strumenti che sono a portata di mano di ognuno di noi, come la natura, il cielo, gli occhi di una persona, il sentire del cuore e cos\u00ec via.....Io li chiamo strumenti viventi. Ecco, questo \u00e8 il mio sentire, questo \u00e8 il mio vivere. Se ti pu\u00f2 interessare visita questo sito: sei il\/la benvenuto\/a!","url":"https:\/\/lbcomunicazione.org\/index.php\/author\/maria\/"}]}},"_links":{"self":[{"href":"https:\/\/lbcomunicazione.org\/index.php\/wp-json\/wp\/v2\/posts\/611","targetHints":{"allow":["GET"]}}],"collection":[{"href":"https:\/\/lbcomunicazione.org\/index.php\/wp-json\/wp\/v2\/posts"}],"about":[{"href":"https:\/\/lbcomunicazione.org\/index.php\/wp-json\/wp\/v2\/types\/post"}],"author":[{"embeddable":true,"href":"https:\/\/lbcomunicazione.org\/index.php\/wp-json\/wp\/v2\/users\/12"}],"replies":[{"embeddable":true,"href":"https:\/\/lbcomunicazione.org\/index.php\/wp-json\/wp\/v2\/comments?post=611"}],"version-history":[{"count":0,"href":"https:\/\/lbcomunicazione.org\/index.php\/wp-json\/wp\/v2\/posts\/611\/revisions"}],"wp:featuredmedia":[{"embeddable":true,"href":"https:\/\/lbcomunicazione.org\/index.php\/wp-json\/wp\/v2\/media\/640"}],"wp:attachment":[{"href":"https:\/\/lbcomunicazione.org\/index.php\/wp-json\/wp\/v2\/media?parent=611"}],"wp:term":[{"taxonomy":"category","embeddable":true,"href":"https:\/\/lbcomunicazione.org\/index.php\/wp-json\/wp\/v2\/categories?post=611"},{"taxonomy":"post_tag","embeddable":true,"href":"https:\/\/lbcomunicazione.org\/index.php\/wp-json\/wp\/v2\/tags?post=611"}],"curies":[{"name":"wp","href":"https:\/\/api.w.org\/{rel}","templated":true}]}}