{"id":6061,"date":"2020-07-11T12:18:31","date_gmt":"2020-07-11T11:18:31","guid":{"rendered":"http:\/\/lbcomunicazione.org\/?p=6061"},"modified":"2020-07-11T22:35:46","modified_gmt":"2020-07-11T21:35:46","slug":"osservapensa-fai-domande-pretendi-risposte","status":"publish","type":"post","link":"https:\/\/lbcomunicazione.org\/index.php\/2020\/07\/11\/osservapensa-fai-domande-pretendi-risposte\/","title":{"rendered":"Osserva,pensa, fai domande, pretendi risposte."},"content":{"rendered":"<blockquote>\n<h2 style=\"text-align: center\">Osserva, pensa,fai domande, pretendi risposte&#8230;..<\/h2>\n<\/blockquote>\n<p><img loading=\"lazy\" decoding=\"async\" class=\"size-medium wp-image-4446 aligncenter\" src=\"https:\/\/lbcomunicazione.org\/wp-content\/uploads\/2020\/03\/464131782_550309-300x187.jpg\" alt=\"\" width=\"300\" height=\"187\" srcset=\"https:\/\/lbcomunicazione.org\/wp-content\/uploads\/2020\/03\/464131782_550309-300x187.jpg 300w, https:\/\/lbcomunicazione.org\/wp-content\/uploads\/2020\/03\/464131782_550309-768x479.jpg 768w, https:\/\/lbcomunicazione.org\/wp-content\/uploads\/2020\/03\/464131782_550309-520x324.jpg 520w, https:\/\/lbcomunicazione.org\/wp-content\/uploads\/2020\/03\/464131782_550309.jpg 843w\" sizes=\"auto, (max-width: 300px) 100vw, 300px\" \/><\/p>\n<p>&nbsp;<\/p>\n<div class=\"video-container\"><iframe loading=\"lazy\" title=\"Fabrizio Moro - Pensa [con testo]\" width=\"500\" height=\"375\" src=\"https:\/\/www.youtube.com\/embed\/aEP0849KB1A?feature=oembed&#038;wmode=opaque\" frameborder=\"0\" allow=\"accelerometer; autoplay; clipboard-write; encrypted-media; gyroscope; picture-in-picture; web-share\" referrerpolicy=\"strict-origin-when-cross-origin\" allowfullscreen><\/iframe><\/div>\n<p>&nbsp;<\/p>\n<p>Le persone riunite in una sala cinematografica hanno la capacit\u00e0 di far accadere nella vita reale quello che osservano sullo schermo. Senza saperlo attivano la\u00a0<strong>legge dell&#8217; attenzione\u00a0<\/strong>e pezzi di sceneggiatura si manifestano in giro per il mondo. Da questo \u00e8 facile dedurre che il\u00a0<strong>potere di un gruppo di persone focalizzate su un obiettivo \u00e8 di gran lunga pi\u00f9 forte del singolo\u00a0<\/strong>, e che chiedendo di usare il potere creativo del gruppo ( meglio se squadra) per aiutarti a manifestare quello che vuoi, realizzeresti i tuoi obiettivi molto prima e con molto meno sforzo. Gruppi di persone con le stesse intenzioni, capaci di focalizzarsi sulle stesse immagini ed emozioni, hanno un potere enorme, come \u00e8 scritto nel passo del Vangelo ( MT 18,20) :<\/p>\n<h3>&#8220;Ove sono due o tre riuniti nel mio nome, io sono in mezzo a loro&#8221;<\/h3>\n<p>Questo \u00e8 il motivo per cui i governi, le lobby politiche e il sistema fanno di tutto per alimentare il terrore, perch\u00e9 la <strong>paura divide, mentre l&#8217; amore unisce.<\/strong><\/p>\n<h2 style=\"text-align: center\">Il loro obiettivo \u00e8 tenerci separati.<\/h2>\n<p>Riunendoci in meditazione ( e poi in\u00a0<strong>azione<\/strong>) e direzionando l&#8217; energia delle nostre emozioni possiamo davvero cambiare le cose, ma questo sarebbe un grosso problema per la struttura sociale, economica e finanziaria del sistema. Tuttavia la popolazione di questa terra\u00a0<strong>e&#8217; sul cammino del risveglio\u00a0<\/strong>e quando la maggior parte avr\u00e0 riscoperto quell&#8217; immenso potere, i primi a crollare saranno gli interessi\u00a0<strong>egoistici\u00a0<\/strong> che semplicemente non avranno pi\u00f9 ragione di esistere.<\/p>\n<h3>Osservo&#8230;<\/h3>\n<p>In questo Pandemonio Globale Sanitario che forze politiche si riuniscono per vari motivi e non rispettano le restrizioni imposte ma quest&#8217; ultime, come annunciato dal nostro primo ministro verranno promosse fino a dicembre. Ancor pi\u00f9 trovo diabolica l&#8217; APP immuni e l&#8217; iniziativa del comune di Roma con la web app &#8221; Roma al tuo fianco&#8221; : idea diabolica per non sporcarsi le mani e spingere le persone a diventare sceriffi, tutti contro tutti \u00e8 scatenare il Pandemonio Sociale derivante dal Pandemonio Sanitario. ..<\/p>\n<div class=\"video-container\"><iframe loading=\"lazy\" title=\"#CoronaStampa 10 luglio 2020: la proroga dello stato di emergenza fino al 31-12 (e perch\u00e8?)\" width=\"500\" height=\"281\" src=\"https:\/\/www.youtube.com\/embed\/6DL4kTElRy0?feature=oembed&#038;wmode=opaque\" frameborder=\"0\" allow=\"accelerometer; autoplay; clipboard-write; encrypted-media; gyroscope; picture-in-picture; web-share\" referrerpolicy=\"strict-origin-when-cross-origin\" allowfullscreen><\/iframe><\/div>\n<p>&nbsp;<\/p>\n<h2>Penso, discernimento, mi pongo domande, pretendo risposte :<\/h2>\n<p><strong>Per questo motivo ho aderito all&#8217; Esposto Epocale . Consapevole del fatto che da solo non otterr\u00f2 i\u00a0 benefici per l&#8217; intera collettivit\u00e0 vi invito ad ADERIRE perch\u00e9 solo cos\u00ec agendo tuteliamo la libert\u00e0 e la dignit\u00e0 della collettivit\u00e0 &#x1f58c;&#xfe0f;&#x1f58c;&#xfe0f;&#x1f58c;&#xfe0f;&#x1f58c;&#xfe0f;&#x1f58c;&#xfe0f;&#x1f58c;&#xfe0f;&#x1f58c;&#xfe0f;&#x1f58c;&#xfe0f;&#x1f58c;&#xfe0f;&#x1f58c;&#xfe0f;<\/strong><\/p>\n<p>www.espostoepocale.it<\/p>\n<p><a href=\"http:\/\/www.espostoepocale.it\">http:\/\/www.espostoepocale.it<\/a><\/p>\n<p>&nbsp;<\/p>\n","protected":false},"excerpt":{"rendered":"<p>Osserva, pensa,fai domande, pretendi risposte&#8230;.. &nbsp; &nbsp; Le persone riunite in una sala cinematografica hanno la capacit\u00e0 di far accadere nella vita reale quello che osservano sullo schermo. Senza saperlo attivano la\u00a0legge dell&#8217; attenzione\u00a0e pezzi di&#46;&#46;&#46;<\/p>\n","protected":false},"author":8,"featured_media":4446,"comment_status":"open","ping_status":"closed","sticky":false,"template":"","format":"image","meta":{"footnotes":""},"categories":[6],"tags":[559],"class_list":["post-6061","post","type-post","status-publish","format-image","has-post-thumbnail","hentry","category-attualita","tag-esposto-epocale","post_format-post-format-image"],"_links":{"self":[{"href":"https:\/\/lbcomunicazione.org\/index.php\/wp-json\/wp\/v2\/posts\/6061","targetHints":{"allow":["GET"]}}],"collection":[{"href":"https:\/\/lbcomunicazione.org\/index.php\/wp-json\/wp\/v2\/posts"}],"about":[{"href":"https:\/\/lbcomunicazione.org\/index.php\/wp-json\/wp\/v2\/types\/post"}],"author":[{"embeddable":true,"href":"https:\/\/lbcomunicazione.org\/index.php\/wp-json\/wp\/v2\/users\/8"}],"replies":[{"embeddable":true,"href":"https:\/\/lbcomunicazione.org\/index.php\/wp-json\/wp\/v2\/comments?post=6061"}],"version-history":[{"count":0,"href":"https:\/\/lbcomunicazione.org\/index.php\/wp-json\/wp\/v2\/posts\/6061\/revisions"}],"wp:featuredmedia":[{"embeddable":true,"href":"https:\/\/lbcomunicazione.org\/index.php\/wp-json\/wp\/v2\/media\/4446"}],"wp:attachment":[{"href":"https:\/\/lbcomunicazione.org\/index.php\/wp-json\/wp\/v2\/media?parent=6061"}],"wp:term":[{"taxonomy":"category","embeddable":true,"href":"https:\/\/lbcomunicazione.org\/index.php\/wp-json\/wp\/v2\/categories?post=6061"},{"taxonomy":"post_tag","embeddable":true,"href":"https:\/\/lbcomunicazione.org\/index.php\/wp-json\/wp\/v2\/tags?post=6061"}],"curies":[{"name":"wp","href":"https:\/\/api.w.org\/{rel}","templated":true}]}}