{"id":6008,"date":"2020-07-07T15:26:09","date_gmt":"2020-07-07T14:26:09","guid":{"rendered":"http:\/\/lbcomunicazione.org\/?p=6008"},"modified":"2020-07-07T15:26:09","modified_gmt":"2020-07-07T14:26:09","slug":"palma-bucarelli-e-peggy-guggenheim-le-sfumature-dellarte","status":"publish","type":"post","link":"https:\/\/lbcomunicazione.org\/index.php\/2020\/07\/07\/palma-bucarelli-e-peggy-guggenheim-le-sfumature-dellarte\/","title":{"rendered":"Palma Bucarelli e Peggy Guggenheim: le sfumature dell&#8217;arte"},"content":{"rendered":"<p style=\"text-align: left;\">Due donne, due nazioni, due vite cos\u00ec lontane eppure cos\u00ec simili;<\/p>\n<p style=\"text-align: left;\">vite nate nei primi del<strong> Novecento<\/strong> che combattono per proteggere e tutelare ogni forma d&#8217;arte e che nello stesso momento lo estendono alla figura femminile ancora colpita dai pregiudizi di un mondo maschile che non crede alle capacit\u00e0 organizzative e decisionali di una donna.<a href=\"https:\/\/it.wikipedia.org\/wiki\/Palma_Bucarelli\"> La Bucarelli<\/a> nasce nel 1910 in una famiglia borghese romana che le permette di studiare e laurearsi e divenire ispettore alle antichit\u00e0 e alle Belle Arti. Nel 1941 diviene direttore della Galleria Nazionale d&#8217;Arte Moderna e durante il secondo conflitto salva molte opere d&#8217;arte nascondendole a Castel Sant&#8217;Angelo e a Villa Farnese. Donna di grande fascino e cultura \u00e8 riuscita a promuovere l&#8217;arte contemporanea facendola entrare nelle sale dei musei e favorendone la comprensione al grande pubblico grazie a mostre didattiche e conferenze. La forte personalit\u00e0 le permette di ottenere grandi successi ma anche feroci critiche non a caso affermer\u00e0&#8230;<em>.in amore come nella vita c&#8217;\u00e8 chi ama e chi si lascia amare.<\/em> Le battaglie burocratiche e l&#8217;interrogazione parlamentare subita per un&#8217;opera di di Burri danno vita ad un mal di vivere che sembra farla vacillare ma che cos\u00ec non sar\u00e0, si difender\u00e0 sempre con trasparenza e precisione affidando ad ognuno dei suo interlocutori la scelta di amarla o di odiarla ma sempre con rispetto e correttezza.<\/p>\n<p>&nbsp;<\/p>\n<p><img loading=\"lazy\" decoding=\"async\" class=\"\" src=\"https:\/\/cdnx.ilsussidiario.net\/wp-content\/uploads\/2020\/06\/29\/palma_bucarelli_facebook.jpg\" alt=\"PALMA BUCARELLI\/ Rivoluzion\u00f2 l'arte e la cultura italiane del ...\" width=\"508\" height=\"238\" \/><\/p>\n<p>&nbsp;<\/p>\n<p>Peggy Guggenheim, invece, nasce a New York nel 1898, figlia di Benjamin e nipote di Solomon, rimane orfana di padre a 14 anni ed eredita 2,5 milioni di dollari che saranno punto di partenza per realizzare il suo desiderio. Nel 1922 sposa Laurence Vail e grazie a lui stringe delle amicizie con artisti europei, impara in breve tempo ad apprezzare l&#8217;arte e a collezionare opere. Il suo motto..<strong>comperare un quadro al giorno<\/strong> le permetter\u00e0 di trasformare la sua collezione privata in un vero e proprio museo; nemmeno il secondo conflitto mondiale la far\u00e0 demordere. Quando a Parigi la situazione per gli ebrei precipita decide di tornare in America ma finita la guerra Peggy esporr\u00e0 la sua collazione alla XXIII Biennale di Venezia e si trasferir\u00e0 a Palazzo Venier fino alla sua morte. L&#8217;obiettivo principale della collezionista americana era aiutare gli artisti emergenti dando spazio ad opere cubiste, astratte, surreali. Nel 1951 la sua casa diviene un museo aperto al\u00a0 pubblico anche se la collezione verr\u00e0 ospitata in tutti i musei internazionali.\u00a0 \u00a0<img loading=\"lazy\" decoding=\"async\" class=\"\" src=\"https:\/\/cdn07.artribune.com\/wp-content\/uploads\/2016\/02\/peggy4.jpg\" alt=\"Scrivi a Peggy, l'iniziativa della Guggenheim Collection di ...\" width=\"390\" height=\"196\" \/><\/p>\n<p>Due donne e una vita dedicata ad amare e a far comprendere l&#8217;arte come espressione non solo del visto ma anche del pensato.<\/p>\n<p>&#8220;Io non sono una collezionista. Io sono un museo&#8221;. <a href=\"https:\/\/it.wikipedia.org\/wiki\/Peggy_Guggenheim\">Peggy Guggenheim<\/a><\/p>\n<p>&nbsp;<\/p>\n","protected":false},"excerpt":{"rendered":"<p>Due donne, due nazioni, due vite cos\u00ec lontane eppure cos\u00ec simili; vite nate nei primi del Novecento che combattono per proteggere e tutelare ogni forma d&#8217;arte e che nello stesso momento lo estendono alla figura femminile ancora colpita dai pregiudizi di un mondo maschile che non crede alle capacit\u00e0 organizzative e decisionali di una donna. La Bucarelli nasce nel 1910 in una famiglia borghese romana che le permette di studiare e laurearsi e divenire ispettore alle antichit\u00e0 e alle Belle Arti. Nel 1941 diviene direttore della Galleria Nazionale d&#8217;Arte Moderna e durante il secondo conflitto salva molte opere d&#8217;arte nascondendole a&#46;&#46;&#46;<\/p>\n","protected":false},"author":54,"featured_media":6016,"comment_status":"open","ping_status":"closed","sticky":false,"template":"","format":"image","meta":{"_crdt_document":"","footnotes":""},"categories":[5],"tags":[554,556,555,128],"class_list":["post-6008","post","type-post","status-publish","format-image","has-post-thumbnail","hentry","category-arte","tag-arte","tag-palma-bucarelli","tag-peggy-guggenheim","tag-veneto","post_format-post-format-image"],"yoast_head":"<!-- This site is optimized with the Yoast SEO plugin v26.9 - https:\/\/yoast.com\/product\/yoast-seo-wordpress\/ -->\n<title>Palma Bucarelli e Peggy Guggenheim: le sfumature dell&#039;arte - blog TG24 la comunicazione<\/title>\n<meta name=\"robots\" content=\"index, follow, max-snippet:-1, max-image-preview:large, max-video-preview:-1\" \/>\n<link rel=\"canonical\" href=\"https:\/\/lbcomunicazione.org\/index.php\/2020\/07\/07\/palma-bucarelli-e-peggy-guggenheim-le-sfumature-dellarte\/\" \/>\n<meta property=\"og:locale\" content=\"it_IT\" \/>\n<meta property=\"og:type\" content=\"article\" \/>\n<meta property=\"og:title\" content=\"Palma Bucarelli e Peggy Guggenheim: le sfumature dell&#039;arte - blog TG24 la comunicazione\" \/>\n<meta property=\"og:description\" content=\"Due donne, due nazioni, due vite cos\u00ec lontane eppure cos\u00ec simili; vite nate nei primi del Novecento che combattono per proteggere e tutelare ogni forma d&#8217;arte e che nello stesso momento lo estendono alla figura femminile ancora colpita dai pregiudizi di un mondo maschile che non crede alle capacit\u00e0 organizzative e decisionali di una donna. La Bucarelli nasce nel 1910 in una famiglia borghese romana che le permette di studiare e laurearsi e divenire ispettore alle antichit\u00e0 e alle Belle Arti. Nel 1941 diviene direttore della Galleria Nazionale d&#8217;Arte Moderna e durante il secondo conflitto salva molte opere d&#8217;arte nascondendole a&#046;&#046;&#046;\" \/>\n<meta property=\"og:url\" content=\"https:\/\/lbcomunicazione.org\/index.php\/2020\/07\/07\/palma-bucarelli-e-peggy-guggenheim-le-sfumature-dellarte\/\" \/>\n<meta property=\"og:site_name\" content=\"blog TG24 la comunicazione\" \/>\n<meta property=\"article:publisher\" content=\"https:\/\/www.facebook.com\/beezzup\/\" \/>\n<meta property=\"article:published_time\" content=\"2020-07-07T14:26:09+00:00\" \/>\n<meta property=\"og:image\" content=\"https:\/\/lbcomunicazione.org\/wp-content\/uploads\/2020\/07\/ur-fig-1-2.jpg\" \/>\n\t<meta property=\"og:image:width\" content=\"1337\" \/>\n\t<meta property=\"og:image:height\" content=\"777\" \/>\n\t<meta property=\"og:image:type\" content=\"image\/jpeg\" \/>\n<meta name=\"author\" content=\"Elisa Brigo\" \/>\n<meta name=\"twitter:card\" content=\"summary_large_image\" \/>\n<meta name=\"twitter:creator\" content=\"@beezzup\" \/>\n<meta name=\"twitter:site\" content=\"@beezzup\" \/>\n<meta name=\"twitter:label1\" content=\"Scritto da\" \/>\n\t<meta name=\"twitter:data1\" content=\"Elisa Brigo\" \/>\n\t<meta name=\"twitter:label2\" content=\"Tempo di lettura stimato\" \/>\n\t<meta name=\"twitter:data2\" content=\"2 minuti\" \/>\n<script type=\"application\/ld+json\" class=\"yoast-schema-graph\">{\"@context\":\"https:\/\/schema.org\",\"@graph\":[{\"@type\":\"Article\",\"@id\":\"https:\/\/lbcomunicazione.org\/index.php\/2020\/07\/07\/palma-bucarelli-e-peggy-guggenheim-le-sfumature-dellarte\/#article\",\"isPartOf\":{\"@id\":\"https:\/\/lbcomunicazione.org\/index.php\/2020\/07\/07\/palma-bucarelli-e-peggy-guggenheim-le-sfumature-dellarte\/\"},\"author\":{\"name\":\"Elisa Brigo\",\"@id\":\"https:\/\/lbcomunicazione.org\/#\/schema\/person\/c95bc3e05d87088b164dcb262c3bcffe\"},\"headline\":\"Palma Bucarelli e Peggy Guggenheim: le sfumature dell&#8217;arte\",\"datePublished\":\"2020-07-07T14:26:09+00:00\",\"mainEntityOfPage\":{\"@id\":\"https:\/\/lbcomunicazione.org\/index.php\/2020\/07\/07\/palma-bucarelli-e-peggy-guggenheim-le-sfumature-dellarte\/\"},\"wordCount\":442,\"commentCount\":0,\"publisher\":{\"@id\":\"https:\/\/lbcomunicazione.org\/#organization\"},\"image\":{\"@id\":\"https:\/\/lbcomunicazione.org\/index.php\/2020\/07\/07\/palma-bucarelli-e-peggy-guggenheim-le-sfumature-dellarte\/#primaryimage\"},\"thumbnailUrl\":\"https:\/\/lbcomunicazione.org\/wp-content\/uploads\/2020\/07\/ur-fig-1-2.jpg\",\"keywords\":[\"Arte\",\"Palma Bucarelli\",\"Peggy Guggenheim\",\"veneto\"],\"articleSection\":[\"arte\"],\"inLanguage\":\"it-IT\",\"potentialAction\":[{\"@type\":\"CommentAction\",\"name\":\"Comment\",\"target\":[\"https:\/\/lbcomunicazione.org\/index.php\/2020\/07\/07\/palma-bucarelli-e-peggy-guggenheim-le-sfumature-dellarte\/#respond\"]}]},{\"@type\":\"WebPage\",\"@id\":\"https:\/\/lbcomunicazione.org\/index.php\/2020\/07\/07\/palma-bucarelli-e-peggy-guggenheim-le-sfumature-dellarte\/\",\"url\":\"https:\/\/lbcomunicazione.org\/index.php\/2020\/07\/07\/palma-bucarelli-e-peggy-guggenheim-le-sfumature-dellarte\/\",\"name\":\"Palma Bucarelli e Peggy Guggenheim: le sfumature dell'arte - blog TG24 la comunicazione\",\"isPartOf\":{\"@id\":\"https:\/\/lbcomunicazione.org\/#website\"},\"primaryImageOfPage\":{\"@id\":\"https:\/\/lbcomunicazione.org\/index.php\/2020\/07\/07\/palma-bucarelli-e-peggy-guggenheim-le-sfumature-dellarte\/#primaryimage\"},\"image\":{\"@id\":\"https:\/\/lbcomunicazione.org\/index.php\/2020\/07\/07\/palma-bucarelli-e-peggy-guggenheim-le-sfumature-dellarte\/#primaryimage\"},\"thumbnailUrl\":\"https:\/\/lbcomunicazione.org\/wp-content\/uploads\/2020\/07\/ur-fig-1-2.jpg\",\"datePublished\":\"2020-07-07T14:26:09+00:00\",\"breadcrumb\":{\"@id\":\"https:\/\/lbcomunicazione.org\/index.php\/2020\/07\/07\/palma-bucarelli-e-peggy-guggenheim-le-sfumature-dellarte\/#breadcrumb\"},\"inLanguage\":\"it-IT\",\"potentialAction\":[{\"@type\":\"ReadAction\",\"target\":[\"https:\/\/lbcomunicazione.org\/index.php\/2020\/07\/07\/palma-bucarelli-e-peggy-guggenheim-le-sfumature-dellarte\/\"]}]},{\"@type\":\"ImageObject\",\"inLanguage\":\"it-IT\",\"@id\":\"https:\/\/lbcomunicazione.org\/index.php\/2020\/07\/07\/palma-bucarelli-e-peggy-guggenheim-le-sfumature-dellarte\/#primaryimage\",\"url\":\"https:\/\/lbcomunicazione.org\/wp-content\/uploads\/2020\/07\/ur-fig-1-2.jpg\",\"contentUrl\":\"https:\/\/lbcomunicazione.org\/wp-content\/uploads\/2020\/07\/ur-fig-1-2.jpg\",\"width\":1337,\"height\":777},{\"@type\":\"BreadcrumbList\",\"@id\":\"https:\/\/lbcomunicazione.org\/index.php\/2020\/07\/07\/palma-bucarelli-e-peggy-guggenheim-le-sfumature-dellarte\/#breadcrumb\",\"itemListElement\":[{\"@type\":\"ListItem\",\"position\":1,\"name\":\"Home\",\"item\":\"https:\/\/lbcomunicazione.org\/\"},{\"@type\":\"ListItem\",\"position\":2,\"name\":\"Palma Bucarelli e Peggy Guggenheim: le sfumature dell&#8217;arte\"}]},{\"@type\":\"WebSite\",\"@id\":\"https:\/\/lbcomunicazione.org\/#website\",\"url\":\"https:\/\/lbcomunicazione.org\/\",\"name\":\"blogTG24lacomunicazione.org\",\"description\":\"Siamo una squadra di blogger, che desiderano dare voce a quelle notizie, realt\u00e0, associazioni, che non sono divulgate dai giornali e media\",\"publisher\":{\"@id\":\"https:\/\/lbcomunicazione.org\/#organization\"},\"potentialAction\":[{\"@type\":\"SearchAction\",\"target\":{\"@type\":\"EntryPoint\",\"urlTemplate\":\"https:\/\/lbcomunicazione.org\/?s={search_term_string}\"},\"query-input\":{\"@type\":\"PropertyValueSpecification\",\"valueRequired\":true,\"valueName\":\"search_term_string\"}}],\"inLanguage\":\"it-IT\"},{\"@type\":\"Organization\",\"@id\":\"https:\/\/lbcomunicazione.org\/#organization\",\"name\":\"blogtg24lacomunicazione\",\"url\":\"https:\/\/lbcomunicazione.org\/\",\"logo\":{\"@type\":\"ImageObject\",\"inLanguage\":\"it-IT\",\"@id\":\"https:\/\/lbcomunicazione.org\/#\/schema\/logo\/image\/\",\"url\":\"https:\/\/lbcomunicazione.org\/wp-content\/uploads\/2019\/01\/logo-cfpblogger.jpg\",\"contentUrl\":\"https:\/\/lbcomunicazione.org\/wp-content\/uploads\/2019\/01\/logo-cfpblogger.jpg\",\"width\":680,\"height\":709,\"caption\":\"blogtg24lacomunicazione\"},\"image\":{\"@id\":\"https:\/\/lbcomunicazione.org\/#\/schema\/logo\/image\/\"},\"sameAs\":[\"https:\/\/www.facebook.com\/beezzup\/\",\"https:\/\/x.com\/beezzup\",\"https:\/\/www.instagram.com\/beezzup\/\",\"https:\/\/www.pinterest.it\/beezzup\/\",\"https:\/\/www.youtube.com\/channel\/UCPeEGg5tKdoyOPK--mGE5Yg\"]},{\"@type\":\"Person\",\"@id\":\"https:\/\/lbcomunicazione.org\/#\/schema\/person\/c95bc3e05d87088b164dcb262c3bcffe\",\"name\":\"Elisa Brigo\",\"image\":{\"@type\":\"ImageObject\",\"inLanguage\":\"it-IT\",\"@id\":\"https:\/\/lbcomunicazione.org\/#\/schema\/person\/image\/\",\"url\":\"https:\/\/secure.gravatar.com\/avatar\/2e5716af72e75e81d4869971a81c5518d58d442f1ed190ab4d2ec00d1b705efb?s=96&d=mm&r=g\",\"contentUrl\":\"https:\/\/secure.gravatar.com\/avatar\/2e5716af72e75e81d4869971a81c5518d58d442f1ed190ab4d2ec00d1b705efb?s=96&d=mm&r=g\",\"caption\":\"Elisa Brigo\"},\"url\":\"https:\/\/lbcomunicazione.org\/index.php\/author\/elisa-brigo\/\"}]}<\/script>\n<!-- \/ Yoast SEO plugin. -->","yoast_head_json":{"title":"Palma Bucarelli e Peggy Guggenheim: le sfumature dell'arte - blog TG24 la comunicazione","robots":{"index":"index","follow":"follow","max-snippet":"max-snippet:-1","max-image-preview":"max-image-preview:large","max-video-preview":"max-video-preview:-1"},"canonical":"https:\/\/lbcomunicazione.org\/index.php\/2020\/07\/07\/palma-bucarelli-e-peggy-guggenheim-le-sfumature-dellarte\/","og_locale":"it_IT","og_type":"article","og_title":"Palma Bucarelli e Peggy Guggenheim: le sfumature dell'arte - blog TG24 la comunicazione","og_description":"Due donne, due nazioni, due vite cos\u00ec lontane eppure cos\u00ec simili; vite nate nei primi del Novecento che combattono per proteggere e tutelare ogni forma d&#8217;arte e che nello stesso momento lo estendono alla figura femminile ancora colpita dai pregiudizi di un mondo maschile che non crede alle capacit\u00e0 organizzative e decisionali di una donna. La Bucarelli nasce nel 1910 in una famiglia borghese romana che le permette di studiare e laurearsi e divenire ispettore alle antichit\u00e0 e alle Belle Arti. Nel 1941 diviene direttore della Galleria Nazionale d&#8217;Arte Moderna e durante il secondo conflitto salva molte opere d&#8217;arte nascondendole a&#46;&#46;&#46;","og_url":"https:\/\/lbcomunicazione.org\/index.php\/2020\/07\/07\/palma-bucarelli-e-peggy-guggenheim-le-sfumature-dellarte\/","og_site_name":"blog TG24 la comunicazione","article_publisher":"https:\/\/www.facebook.com\/beezzup\/","article_published_time":"2020-07-07T14:26:09+00:00","og_image":[{"width":1337,"height":777,"url":"https:\/\/lbcomunicazione.org\/wp-content\/uploads\/2020\/07\/ur-fig-1-2.jpg","type":"image\/jpeg"}],"author":"Elisa Brigo","twitter_card":"summary_large_image","twitter_creator":"@beezzup","twitter_site":"@beezzup","twitter_misc":{"Scritto da":"Elisa Brigo","Tempo di lettura stimato":"2 minuti"},"schema":{"@context":"https:\/\/schema.org","@graph":[{"@type":"Article","@id":"https:\/\/lbcomunicazione.org\/index.php\/2020\/07\/07\/palma-bucarelli-e-peggy-guggenheim-le-sfumature-dellarte\/#article","isPartOf":{"@id":"https:\/\/lbcomunicazione.org\/index.php\/2020\/07\/07\/palma-bucarelli-e-peggy-guggenheim-le-sfumature-dellarte\/"},"author":{"name":"Elisa Brigo","@id":"https:\/\/lbcomunicazione.org\/#\/schema\/person\/c95bc3e05d87088b164dcb262c3bcffe"},"headline":"Palma Bucarelli e Peggy Guggenheim: le sfumature dell&#8217;arte","datePublished":"2020-07-07T14:26:09+00:00","mainEntityOfPage":{"@id":"https:\/\/lbcomunicazione.org\/index.php\/2020\/07\/07\/palma-bucarelli-e-peggy-guggenheim-le-sfumature-dellarte\/"},"wordCount":442,"commentCount":0,"publisher":{"@id":"https:\/\/lbcomunicazione.org\/#organization"},"image":{"@id":"https:\/\/lbcomunicazione.org\/index.php\/2020\/07\/07\/palma-bucarelli-e-peggy-guggenheim-le-sfumature-dellarte\/#primaryimage"},"thumbnailUrl":"https:\/\/lbcomunicazione.org\/wp-content\/uploads\/2020\/07\/ur-fig-1-2.jpg","keywords":["Arte","Palma Bucarelli","Peggy Guggenheim","veneto"],"articleSection":["arte"],"inLanguage":"it-IT","potentialAction":[{"@type":"CommentAction","name":"Comment","target":["https:\/\/lbcomunicazione.org\/index.php\/2020\/07\/07\/palma-bucarelli-e-peggy-guggenheim-le-sfumature-dellarte\/#respond"]}]},{"@type":"WebPage","@id":"https:\/\/lbcomunicazione.org\/index.php\/2020\/07\/07\/palma-bucarelli-e-peggy-guggenheim-le-sfumature-dellarte\/","url":"https:\/\/lbcomunicazione.org\/index.php\/2020\/07\/07\/palma-bucarelli-e-peggy-guggenheim-le-sfumature-dellarte\/","name":"Palma Bucarelli e Peggy Guggenheim: le sfumature dell'arte - blog TG24 la comunicazione","isPartOf":{"@id":"https:\/\/lbcomunicazione.org\/#website"},"primaryImageOfPage":{"@id":"https:\/\/lbcomunicazione.org\/index.php\/2020\/07\/07\/palma-bucarelli-e-peggy-guggenheim-le-sfumature-dellarte\/#primaryimage"},"image":{"@id":"https:\/\/lbcomunicazione.org\/index.php\/2020\/07\/07\/palma-bucarelli-e-peggy-guggenheim-le-sfumature-dellarte\/#primaryimage"},"thumbnailUrl":"https:\/\/lbcomunicazione.org\/wp-content\/uploads\/2020\/07\/ur-fig-1-2.jpg","datePublished":"2020-07-07T14:26:09+00:00","breadcrumb":{"@id":"https:\/\/lbcomunicazione.org\/index.php\/2020\/07\/07\/palma-bucarelli-e-peggy-guggenheim-le-sfumature-dellarte\/#breadcrumb"},"inLanguage":"it-IT","potentialAction":[{"@type":"ReadAction","target":["https:\/\/lbcomunicazione.org\/index.php\/2020\/07\/07\/palma-bucarelli-e-peggy-guggenheim-le-sfumature-dellarte\/"]}]},{"@type":"ImageObject","inLanguage":"it-IT","@id":"https:\/\/lbcomunicazione.org\/index.php\/2020\/07\/07\/palma-bucarelli-e-peggy-guggenheim-le-sfumature-dellarte\/#primaryimage","url":"https:\/\/lbcomunicazione.org\/wp-content\/uploads\/2020\/07\/ur-fig-1-2.jpg","contentUrl":"https:\/\/lbcomunicazione.org\/wp-content\/uploads\/2020\/07\/ur-fig-1-2.jpg","width":1337,"height":777},{"@type":"BreadcrumbList","@id":"https:\/\/lbcomunicazione.org\/index.php\/2020\/07\/07\/palma-bucarelli-e-peggy-guggenheim-le-sfumature-dellarte\/#breadcrumb","itemListElement":[{"@type":"ListItem","position":1,"name":"Home","item":"https:\/\/lbcomunicazione.org\/"},{"@type":"ListItem","position":2,"name":"Palma Bucarelli e Peggy Guggenheim: le sfumature dell&#8217;arte"}]},{"@type":"WebSite","@id":"https:\/\/lbcomunicazione.org\/#website","url":"https:\/\/lbcomunicazione.org\/","name":"blogTG24lacomunicazione.org","description":"Siamo una squadra di blogger, che desiderano dare voce a quelle notizie, realt\u00e0, associazioni, che non sono divulgate dai giornali e media","publisher":{"@id":"https:\/\/lbcomunicazione.org\/#organization"},"potentialAction":[{"@type":"SearchAction","target":{"@type":"EntryPoint","urlTemplate":"https:\/\/lbcomunicazione.org\/?s={search_term_string}"},"query-input":{"@type":"PropertyValueSpecification","valueRequired":true,"valueName":"search_term_string"}}],"inLanguage":"it-IT"},{"@type":"Organization","@id":"https:\/\/lbcomunicazione.org\/#organization","name":"blogtg24lacomunicazione","url":"https:\/\/lbcomunicazione.org\/","logo":{"@type":"ImageObject","inLanguage":"it-IT","@id":"https:\/\/lbcomunicazione.org\/#\/schema\/logo\/image\/","url":"https:\/\/lbcomunicazione.org\/wp-content\/uploads\/2019\/01\/logo-cfpblogger.jpg","contentUrl":"https:\/\/lbcomunicazione.org\/wp-content\/uploads\/2019\/01\/logo-cfpblogger.jpg","width":680,"height":709,"caption":"blogtg24lacomunicazione"},"image":{"@id":"https:\/\/lbcomunicazione.org\/#\/schema\/logo\/image\/"},"sameAs":["https:\/\/www.facebook.com\/beezzup\/","https:\/\/x.com\/beezzup","https:\/\/www.instagram.com\/beezzup\/","https:\/\/www.pinterest.it\/beezzup\/","https:\/\/www.youtube.com\/channel\/UCPeEGg5tKdoyOPK--mGE5Yg"]},{"@type":"Person","@id":"https:\/\/lbcomunicazione.org\/#\/schema\/person\/c95bc3e05d87088b164dcb262c3bcffe","name":"Elisa Brigo","image":{"@type":"ImageObject","inLanguage":"it-IT","@id":"https:\/\/lbcomunicazione.org\/#\/schema\/person\/image\/","url":"https:\/\/secure.gravatar.com\/avatar\/2e5716af72e75e81d4869971a81c5518d58d442f1ed190ab4d2ec00d1b705efb?s=96&d=mm&r=g","contentUrl":"https:\/\/secure.gravatar.com\/avatar\/2e5716af72e75e81d4869971a81c5518d58d442f1ed190ab4d2ec00d1b705efb?s=96&d=mm&r=g","caption":"Elisa Brigo"},"url":"https:\/\/lbcomunicazione.org\/index.php\/author\/elisa-brigo\/"}]}},"_links":{"self":[{"href":"https:\/\/lbcomunicazione.org\/index.php\/wp-json\/wp\/v2\/posts\/6008","targetHints":{"allow":["GET"]}}],"collection":[{"href":"https:\/\/lbcomunicazione.org\/index.php\/wp-json\/wp\/v2\/posts"}],"about":[{"href":"https:\/\/lbcomunicazione.org\/index.php\/wp-json\/wp\/v2\/types\/post"}],"author":[{"embeddable":true,"href":"https:\/\/lbcomunicazione.org\/index.php\/wp-json\/wp\/v2\/users\/54"}],"replies":[{"embeddable":true,"href":"https:\/\/lbcomunicazione.org\/index.php\/wp-json\/wp\/v2\/comments?post=6008"}],"version-history":[{"count":0,"href":"https:\/\/lbcomunicazione.org\/index.php\/wp-json\/wp\/v2\/posts\/6008\/revisions"}],"wp:featuredmedia":[{"embeddable":true,"href":"https:\/\/lbcomunicazione.org\/index.php\/wp-json\/wp\/v2\/media\/6016"}],"wp:attachment":[{"href":"https:\/\/lbcomunicazione.org\/index.php\/wp-json\/wp\/v2\/media?parent=6008"}],"wp:term":[{"taxonomy":"category","embeddable":true,"href":"https:\/\/lbcomunicazione.org\/index.php\/wp-json\/wp\/v2\/categories?post=6008"},{"taxonomy":"post_tag","embeddable":true,"href":"https:\/\/lbcomunicazione.org\/index.php\/wp-json\/wp\/v2\/tags?post=6008"}],"curies":[{"name":"wp","href":"https:\/\/api.w.org\/{rel}","templated":true}]}}