{"id":5975,"date":"2020-07-06T09:25:52","date_gmt":"2020-07-06T08:25:52","guid":{"rendered":"http:\/\/lbcomunicazione.org\/?p=5975"},"modified":"2020-07-06T14:41:29","modified_gmt":"2020-07-06T13:41:29","slug":"la-rassegna-pittorica-di-fuoco-e-colore-ha-premiato","status":"publish","type":"post","link":"https:\/\/lbcomunicazione.org\/index.php\/2020\/07\/06\/la-rassegna-pittorica-di-fuoco-e-colore-ha-premiato\/","title":{"rendered":"La rassegna pittorica di Fuoco e Colore ha premiato"},"content":{"rendered":"<p>La rassegna dedicata al cinema aperta a tutti i pittori e aspiranti tali ha visto gareggiare molti artisti, rivevuto tanti visitatori e votanti. Si potevano esprimere due voti nell&#8217;urna dedicata nel bellissimo e ancora pi\u00f9 artistico salone Riccadonna a Canelli. Due voti sul posto e due su facebook per dare la possibilit\u00e0 ai pi\u00f9 lontani di partecipare, in aggiunta alla giuria tecnica.<\/p>\n<p><img loading=\"lazy\" decoding=\"async\" class=\"size-medium wp-image-5979 aligncenter\" src=\"https:\/\/lbcomunicazione.org\/wp-content\/uploads\/2020\/07\/locandina-fuoco-e-colore-300x212.jpg\" alt=\"\" width=\"300\" height=\"212\" srcset=\"https:\/\/lbcomunicazione.org\/wp-content\/uploads\/2020\/07\/locandina-fuoco-e-colore-300x212.jpg 300w, https:\/\/lbcomunicazione.org\/wp-content\/uploads\/2020\/07\/locandina-fuoco-e-colore-1024x725.jpg 1024w, https:\/\/lbcomunicazione.org\/wp-content\/uploads\/2020\/07\/locandina-fuoco-e-colore-768x543.jpg 768w, https:\/\/lbcomunicazione.org\/wp-content\/uploads\/2020\/07\/locandina-fuoco-e-colore-520x368.jpg 520w, https:\/\/lbcomunicazione.org\/wp-content\/uploads\/2020\/07\/locandina-fuoco-e-colore.jpg 1440w\" sizes=\"auto, (max-width: 300px) 100vw, 300px\" \/>Domenica 5 luglio, come da programma si \u00e8 raggiunta una classifica con la categoria ragazzi e adulti. Tutti hanno vinto virtualmente in quanto si sono messi in gioco, ma vi sono stati i premiati.<\/p>\n<p>Vi lascio alcuni momenti della premiazione che \u00e8 stata emozionante, nel nostro Comune con la presenza del sindaco e di tante persone appassionate di arte. La mostra si \u00e8 conclusa al termine di una giornata che vedeva nel nostro centro un mercato speciale della moda.<\/p>\n\n\t\t<style>\n\t\t\t#gallery-1 {\n\t\t\t\tmargin: auto;\n\t\t\t}\n\t\t\t#gallery-1 .gallery-item {\n\t\t\t\tfloat: left;\n\t\t\t\tmargin-top: 10px;\n\t\t\t\ttext-align: center;\n\t\t\t\twidth: 33%;\n\t\t\t}\n\t\t\t#gallery-1 img {\n\t\t\t\tborder: 2px solid #cfcfcf;\n\t\t\t}\n\t\t\t#gallery-1 .gallery-caption {\n\t\t\t\tmargin-left: 0;\n\t\t\t}\n\t\t\t\/* see gallery_shortcode() in wp-includes\/media.php *\/\n\t\t<\/style>\n\t\t<div id='gallery-1' class='gallery galleryid-5975 gallery-columns-3 gallery-size-thumbnail'><dl class='gallery-item'>\n\t\t\t<dt class='gallery-icon landscape'>\n\t\t\t\t<a href='https:\/\/lbcomunicazione.org\/index.php\/2020\/07\/06\/la-rassegna-pittorica-di-fuoco-e-colore-ha-premiato\/assegnazione-e-lettura-classifica\/'><img loading=\"lazy\" decoding=\"async\" width=\"150\" height=\"150\" src=\"https:\/\/lbcomunicazione.org\/wp-content\/uploads\/2020\/07\/Assegnazione-e-lettura-classifica-150x150.jpg\" class=\"attachment-thumbnail size-thumbnail\" alt=\"\" aria-describedby=\"gallery-1-5991\" srcset=\"https:\/\/lbcomunicazione.org\/wp-content\/uploads\/2020\/07\/Assegnazione-e-lettura-classifica-150x150.jpg 150w, https:\/\/lbcomunicazione.org\/wp-content\/uploads\/2020\/07\/Assegnazione-e-lettura-classifica-160x160.jpg 160w, https:\/\/lbcomunicazione.org\/wp-content\/uploads\/2020\/07\/Assegnazione-e-lettura-classifica-320x320.jpg 320w\" sizes=\"auto, (max-width: 150px) 100vw, 150px\" \/><\/a>\n\t\t\t<\/dt>\n\t\t\t\t<dd class='wp-caption-text gallery-caption' id='gallery-1-5991'>\n\t\t\t\tAssegnazione premi e lettura classifica\n\t\t\t\t<\/dd><\/dl><dl class='gallery-item'>\n\t\t\t<dt class='gallery-icon landscape'>\n\t\t\t\t<a href='https:\/\/lbcomunicazione.org\/index.php\/2020\/07\/06\/la-rassegna-pittorica-di-fuoco-e-colore-ha-premiato\/mostra-6\/'><img loading=\"lazy\" decoding=\"async\" width=\"150\" height=\"150\" src=\"https:\/\/lbcomunicazione.org\/wp-content\/uploads\/2020\/07\/mostra-6-150x150.jpg\" class=\"attachment-thumbnail size-thumbnail\" alt=\"\" aria-describedby=\"gallery-1-5988\" srcset=\"https:\/\/lbcomunicazione.org\/wp-content\/uploads\/2020\/07\/mostra-6-150x150.jpg 150w, https:\/\/lbcomunicazione.org\/wp-content\/uploads\/2020\/07\/mostra-6-160x160.jpg 160w, https:\/\/lbcomunicazione.org\/wp-content\/uploads\/2020\/07\/mostra-6-320x320.jpg 320w\" sizes=\"auto, (max-width: 150px) 100vw, 150px\" \/><\/a>\n\t\t\t<\/dt>\n\t\t\t\t<dd class='wp-caption-text gallery-caption' id='gallery-1-5988'>\n\t\t\t\tVasto interesse\n\t\t\t\t<\/dd><\/dl><dl class='gallery-item'>\n\t\t\t<dt class='gallery-icon landscape'>\n\t\t\t\t<a href='https:\/\/lbcomunicazione.org\/index.php\/2020\/07\/06\/la-rassegna-pittorica-di-fuoco-e-colore-ha-premiato\/mostra-4-2\/'><img loading=\"lazy\" decoding=\"async\" width=\"150\" height=\"150\" src=\"https:\/\/lbcomunicazione.org\/wp-content\/uploads\/2020\/07\/mostra-4-1-150x150.jpg\" class=\"attachment-thumbnail size-thumbnail\" alt=\"\" aria-describedby=\"gallery-1-5986\" srcset=\"https:\/\/lbcomunicazione.org\/wp-content\/uploads\/2020\/07\/mostra-4-1-150x150.jpg 150w, https:\/\/lbcomunicazione.org\/wp-content\/uploads\/2020\/07\/mostra-4-1-160x160.jpg 160w, https:\/\/lbcomunicazione.org\/wp-content\/uploads\/2020\/07\/mostra-4-1-320x320.jpg 320w\" sizes=\"auto, (max-width: 150px) 100vw, 150px\" \/><\/a>\n\t\t\t<\/dt>\n\t\t\t\t<dd class='wp-caption-text gallery-caption' id='gallery-1-5986'>\n\t\t\t\tCon il Sindaco Paolo Lanzavecchia\n\t\t\t\t<\/dd><\/dl><br style=\"clear: both\" \/><dl class='gallery-item'>\n\t\t\t<dt class='gallery-icon landscape'>\n\t\t\t\t<a href='https:\/\/lbcomunicazione.org\/index.php\/2020\/07\/06\/la-rassegna-pittorica-di-fuoco-e-colore-ha-premiato\/mostra-5\/'><img loading=\"lazy\" decoding=\"async\" width=\"150\" height=\"150\" src=\"https:\/\/lbcomunicazione.org\/wp-content\/uploads\/2020\/07\/mostra-5-150x150.jpg\" class=\"attachment-thumbnail size-thumbnail\" alt=\"\" aria-describedby=\"gallery-1-5985\" srcset=\"https:\/\/lbcomunicazione.org\/wp-content\/uploads\/2020\/07\/mostra-5-150x150.jpg 150w, https:\/\/lbcomunicazione.org\/wp-content\/uploads\/2020\/07\/mostra-5-160x160.jpg 160w, https:\/\/lbcomunicazione.org\/wp-content\/uploads\/2020\/07\/mostra-5-320x320.jpg 320w\" sizes=\"auto, (max-width: 150px) 100vw, 150px\" \/><\/a>\n\t\t\t<\/dt>\n\t\t\t\t<dd class='wp-caption-text gallery-caption' id='gallery-1-5985'>\n\t\t\t\tSalone gremito\n\t\t\t\t<\/dd><\/dl><dl class='gallery-item'>\n\t\t\t<dt class='gallery-icon landscape'>\n\t\t\t\t<a href='https:\/\/lbcomunicazione.org\/index.php\/2020\/07\/06\/la-rassegna-pittorica-di-fuoco-e-colore-ha-premiato\/mostra-3\/'><img loading=\"lazy\" decoding=\"async\" width=\"150\" height=\"150\" src=\"https:\/\/lbcomunicazione.org\/wp-content\/uploads\/2020\/07\/mostra-3-150x150.jpg\" class=\"attachment-thumbnail size-thumbnail\" alt=\"\" aria-describedby=\"gallery-1-5982\" srcset=\"https:\/\/lbcomunicazione.org\/wp-content\/uploads\/2020\/07\/mostra-3-150x150.jpg 150w, https:\/\/lbcomunicazione.org\/wp-content\/uploads\/2020\/07\/mostra-3-160x160.jpg 160w, https:\/\/lbcomunicazione.org\/wp-content\/uploads\/2020\/07\/mostra-3-320x320.jpg 320w\" sizes=\"auto, (max-width: 150px) 100vw, 150px\" \/><\/a>\n\t\t\t<\/dt>\n\t\t\t\t<dd class='wp-caption-text gallery-caption' id='gallery-1-5982'>\n\t\t\t\tMomento della premiazione\n\t\t\t\t<\/dd><\/dl><dl class='gallery-item'>\n\t\t\t<dt class='gallery-icon portrait'>\n\t\t\t\t<a href='https:\/\/lbcomunicazione.org\/index.php\/2020\/07\/06\/la-rassegna-pittorica-di-fuoco-e-colore-ha-premiato\/mostra-1\/'><img loading=\"lazy\" decoding=\"async\" width=\"150\" height=\"150\" src=\"https:\/\/lbcomunicazione.org\/wp-content\/uploads\/2020\/07\/mostra-1-150x150.jpg\" class=\"attachment-thumbnail size-thumbnail\" alt=\"\" aria-describedby=\"gallery-1-5981\" srcset=\"https:\/\/lbcomunicazione.org\/wp-content\/uploads\/2020\/07\/mostra-1-150x150.jpg 150w, https:\/\/lbcomunicazione.org\/wp-content\/uploads\/2020\/07\/mostra-1-160x160.jpg 160w, https:\/\/lbcomunicazione.org\/wp-content\/uploads\/2020\/07\/mostra-1-320x320.jpg 320w\" sizes=\"auto, (max-width: 150px) 100vw, 150px\" \/><\/a>\n\t\t\t<\/dt>\n\t\t\t\t<dd class='wp-caption-text gallery-caption' id='gallery-1-5981'>\n\t\t\t\tAlcuni lavori in gara\n\t\t\t\t<\/dd><\/dl><br style=\"clear: both\" \/>\n\t\t<\/div>\n\n<p>Le parole di Barbara e Stefano di fuoco e colore:<\/p>\n<blockquote><p>La classifica di Fuoco e Colore 2020, \u00e8 fatta con i voti della giuria tecnica, i voti di quella popolare, i voti di voi amici di facebook. E&#8217; stata una bella edizione che ci ha aiutato a guardare avanti e a guardarci dentro. Grazie a chi ha voglia di mettersi in gioco con intelligenza e spirito critico, perch\u00e9 nessuno ha pi\u00f9 coraggio dell&#8217;artista che mostra il proprio cuore con umilt\u00e0. P.S. Il gruppo dei ragazzi \u00e8 stato sorprendente e meraviglioso. Al Segnalibro \u00e8 possibile iscriversi al prossimo concorso di pittura &#8220;Ombre e Luci&#8221;. Per info 3421802393<\/p><\/blockquote>\n","protected":false},"excerpt":{"rendered":"<p>La rassegna dedicata al cinema aperta a tutti i pittori e aspiranti tali ha visto gareggiare molti artisti, rivevuto tanti visitatori e votanti. Si potevano esprimere due voti nell&#8217;urna dedicata nel bellissimo e ancora pi\u00f9 artistico&#46;&#46;&#46;<\/p>\n","protected":false},"author":35,"featured_media":5977,"comment_status":"open","ping_status":"closed","sticky":false,"template":"","format":"image","meta":{"footnotes":""},"categories":[5],"tags":[360,552],"class_list":["post-5975","post","type-post","status-publish","format-image","has-post-thumbnail","hentry","category-arte","tag-canelli","tag-mostra-cinema","post_format-post-format-image"],"_links":{"self":[{"href":"https:\/\/lbcomunicazione.org\/index.php\/wp-json\/wp\/v2\/posts\/5975","targetHints":{"allow":["GET"]}}],"collection":[{"href":"https:\/\/lbcomunicazione.org\/index.php\/wp-json\/wp\/v2\/posts"}],"about":[{"href":"https:\/\/lbcomunicazione.org\/index.php\/wp-json\/wp\/v2\/types\/post"}],"author":[{"embeddable":true,"href":"https:\/\/lbcomunicazione.org\/index.php\/wp-json\/wp\/v2\/users\/35"}],"replies":[{"embeddable":true,"href":"https:\/\/lbcomunicazione.org\/index.php\/wp-json\/wp\/v2\/comments?post=5975"}],"version-history":[{"count":0,"href":"https:\/\/lbcomunicazione.org\/index.php\/wp-json\/wp\/v2\/posts\/5975\/revisions"}],"wp:featuredmedia":[{"embeddable":true,"href":"https:\/\/lbcomunicazione.org\/index.php\/wp-json\/wp\/v2\/media\/5977"}],"wp:attachment":[{"href":"https:\/\/lbcomunicazione.org\/index.php\/wp-json\/wp\/v2\/media?parent=5975"}],"wp:term":[{"taxonomy":"category","embeddable":true,"href":"https:\/\/lbcomunicazione.org\/index.php\/wp-json\/wp\/v2\/categories?post=5975"},{"taxonomy":"post_tag","embeddable":true,"href":"https:\/\/lbcomunicazione.org\/index.php\/wp-json\/wp\/v2\/tags?post=5975"}],"curies":[{"name":"wp","href":"https:\/\/api.w.org\/{rel}","templated":true}]}}