{"id":5945,"date":"2020-07-05T22:17:46","date_gmt":"2020-07-05T21:17:46","guid":{"rendered":"http:\/\/lbcomunicazione.org\/?p=5945"},"modified":"2020-07-06T09:30:50","modified_gmt":"2020-07-06T08:30:50","slug":"un-passo-epocale-per-sedare-i-dubbi","status":"publish","type":"post","link":"https:\/\/lbcomunicazione.org\/index.php\/2020\/07\/05\/un-passo-epocale-per-sedare-i-dubbi\/","title":{"rendered":"Un passo epocale per sedare i dubbi"},"content":{"rendered":"<p>Un argomento che pu\u00f2 sedare tutti i nostri dubbi, per chi ne ha, nella trasmissione in diretta che ho ascoltato il 3 luglio 2020. Perplessit\u00e0 in questi ultimi mesi con i media che riportano notizie che spesso non hanno nulla in comune tra loro? Il risultato \u00e8 che si \u00e8 generata una gran confusione e si desidera la chiarezza per tutti.<\/p>\n<p>E&#8217; stato annunciato che \u00e8 pronto un esposto che richiede l&#8217;evidenza formale della situazione pandemica mondiale e che si indaghi al fine di ottenere delle risposte.<\/p>\n<div id=\"attachment_5948\" style=\"width: 160px\" class=\"wp-caption alignright\"><img loading=\"lazy\" decoding=\"async\" aria-describedby=\"caption-attachment-5948\" class=\"wp-image-5948 size-thumbnail\" src=\"https:\/\/lbcomunicazione.org\/wp-content\/uploads\/2020\/07\/zoom-lugl-150x150.jpg\" alt=\"\" width=\"150\" height=\"150\" srcset=\"https:\/\/lbcomunicazione.org\/wp-content\/uploads\/2020\/07\/zoom-lugl-150x150.jpg 150w, https:\/\/lbcomunicazione.org\/wp-content\/uploads\/2020\/07\/zoom-lugl-160x160.jpg 160w, https:\/\/lbcomunicazione.org\/wp-content\/uploads\/2020\/07\/zoom-lugl-320x320.jpg 320w\" sizes=\"auto, (max-width: 150px) 100vw, 150px\" \/><p id=\"caption-attachment-5948\" class=\"wp-caption-text\">Salvatore Rain\u00f2, Medico Chirurgo, Specialista in Allergologia ed Immunologia Clinica, Specialista in Medicina Interna, Omeopata Unicista, Ricercatore bioenergetico<\/p><\/div>\n<p>C&#8217;\u00e8 chi crede a tutto, chi crede a nulla di quanto ascoltato finora e una cosa per me \u00e8 certa: la paura impera e fa danno come dice il Professor Rain\u00f2 e non ci si focalizza sulla prevenzione che \u00e8 stata dimostrata valida per rinforzare le difese immunitarie. Si fanno tamponi in modo massiccio, di cui ci chiediamo l&#8217;attendibilit\u00e0. L&#8217;ideazione dell&#8217;esposto \u00e8 coraggiosa quanto la prestazione di un funambolo che sta in equilibrio su altezze pericolose.<\/p>\n<p>Chi desidera informazioni sull&#8217;esposto epocale che ha un fine chiaro: fare le giuste domande per ottenere giuste riposte visualizzi il link:<\/p>\n<p><a href=\"https:\/\/espostoepocale.it\/manifesto\/\">contenuti esposto<\/a><\/p>\n<div id=\"attachment_5952\" style=\"width: 310px\" class=\"wp-caption alignnone\"><img loading=\"lazy\" decoding=\"async\" aria-describedby=\"caption-attachment-5952\" class=\"wp-image-5952 size-medium\" src=\"https:\/\/lbcomunicazione.org\/wp-content\/uploads\/2020\/07\/terra-750x375-1-300x150.jpg\" alt=\"\" width=\"300\" height=\"150\" \/><p id=\"caption-attachment-5952\" class=\"wp-caption-text\">Luce<\/p><\/div>\n<p>Maurizio Sarlo, spiega che cerchiamo l&#8217;evidenza formale degli eventi che hanno causato il lockdown e ciascuno di noi pu\u00f2 partecipare registrandosi al sito qui sopra e ricevendo via mail il documento personale da firmare. Pi\u00f9 persone chiederanno chiarimenti pi\u00f9 si ottengono risposte.<\/p>\n<p>Sar\u00e0 scelta di ciascuno di noi presentare l&#8217;esposto, partecipando con una donazione minima, poich\u00e9 \u00e8 una questione di fiducia nei passi corretti da fare.<\/p>\n<p>La serata \u00e8 continuata con le risposte alle domande. Si \u00e8 parlato del progetto della banca del tempo.<\/p>\n<p>Il pass \u00e8 la moneta a cui facciamo riferimento per le azioni concrete umanitarie da dedicare al prossimo per il Mondo Migliore. Il pass, rappresentativo delle nostre azioni di valore, all&#8217;interno dell&#8217;applicazione, sar\u00e0 facilmente visualizzato e eventualmente trasferito a altri amici del Mondo Migliore.<\/p>\n<p>Sar\u00e0 utilizzato per pagare negli esercizi convenzionati e dar\u00e0 vantaggi agli aderenti. Non sar\u00e0 necessario con questa applicazione utilizzare un wallet per la criptovaluta.<\/p>\n<p>Ecco i prossimi appuntamenti da appuntare in agenda:<\/p>\n<p>&nbsp;<\/p>\n\n\t\t<style>\n\t\t\t#gallery-1 {\n\t\t\t\tmargin: auto;\n\t\t\t}\n\t\t\t#gallery-1 .gallery-item {\n\t\t\t\tfloat: left;\n\t\t\t\tmargin-top: 10px;\n\t\t\t\ttext-align: center;\n\t\t\t\twidth: 33%;\n\t\t\t}\n\t\t\t#gallery-1 img {\n\t\t\t\tborder: 2px solid #cfcfcf;\n\t\t\t}\n\t\t\t#gallery-1 .gallery-caption {\n\t\t\t\tmargin-left: 0;\n\t\t\t}\n\t\t\t\/* see gallery_shortcode() in wp-includes\/media.php *\/\n\t\t<\/style>\n\t\t<div id='gallery-1' class='gallery galleryid-5945 gallery-columns-3 gallery-size-thumbnail'><dl class='gallery-item'>\n\t\t\t<dt class='gallery-icon landscape'>\n\t\t\t\t<a href='https:\/\/lbcomunicazione.org\/index.php\/2020\/07\/05\/un-passo-epocale-per-sedare-i-dubbi\/appuntamenti\/'><img loading=\"lazy\" decoding=\"async\" width=\"150\" height=\"150\" src=\"https:\/\/lbcomunicazione.org\/wp-content\/uploads\/2020\/07\/appuntamenti-150x150.jpg\" class=\"attachment-thumbnail size-thumbnail\" alt=\"\" srcset=\"https:\/\/lbcomunicazione.org\/wp-content\/uploads\/2020\/07\/appuntamenti-150x150.jpg 150w, https:\/\/lbcomunicazione.org\/wp-content\/uploads\/2020\/07\/appuntamenti-160x160.jpg 160w, https:\/\/lbcomunicazione.org\/wp-content\/uploads\/2020\/07\/appuntamenti-320x320.jpg 320w\" sizes=\"auto, (max-width: 150px) 100vw, 150px\" \/><\/a>\n\t\t\t<\/dt><\/dl><dl class='gallery-item'>\n\t\t\t<dt class='gallery-icon landscape'>\n\t\t\t\t<a href='https:\/\/lbcomunicazione.org\/index.php\/2020\/07\/05\/un-passo-epocale-per-sedare-i-dubbi\/zoom-domande-3lug\/'><img loading=\"lazy\" decoding=\"async\" width=\"150\" height=\"150\" src=\"https:\/\/lbcomunicazione.org\/wp-content\/uploads\/2020\/07\/zoom-domande-3lug-150x150.jpg\" class=\"attachment-thumbnail size-thumbnail\" alt=\"\" srcset=\"https:\/\/lbcomunicazione.org\/wp-content\/uploads\/2020\/07\/zoom-domande-3lug-150x150.jpg 150w, https:\/\/lbcomunicazione.org\/wp-content\/uploads\/2020\/07\/zoom-domande-3lug-160x160.jpg 160w, https:\/\/lbcomunicazione.org\/wp-content\/uploads\/2020\/07\/zoom-domande-3lug-320x320.jpg 320w\" sizes=\"auto, (max-width: 150px) 100vw, 150px\" \/><\/a>\n\t\t\t<\/dt><\/dl>\n\t\t\t<br style='clear: both' \/>\n\t\t<\/div>\n\n<p>&nbsp;<\/p>\n","protected":false},"excerpt":{"rendered":"<p>Un argomento che pu\u00f2 sedare tutti i nostri dubbi, per chi ne ha, nella trasmissione in diretta che ho ascoltato il 3 luglio 2020. Perplessit\u00e0 in questi ultimi mesi con i media che riportano notizie che&#46;&#46;&#46;<\/p>\n","protected":false},"author":35,"featured_media":5946,"comment_status":"open","ping_status":"closed","sticky":false,"template":"","format":"image","meta":{"footnotes":""},"categories":[30],"tags":[550,551],"class_list":["post-5945","post","type-post","status-publish","format-image","has-post-thumbnail","hentry","category-salute","tag-esposto","tag-pandemia-mondiale","post_format-post-format-image"],"_links":{"self":[{"href":"https:\/\/lbcomunicazione.org\/index.php\/wp-json\/wp\/v2\/posts\/5945","targetHints":{"allow":["GET"]}}],"collection":[{"href":"https:\/\/lbcomunicazione.org\/index.php\/wp-json\/wp\/v2\/posts"}],"about":[{"href":"https:\/\/lbcomunicazione.org\/index.php\/wp-json\/wp\/v2\/types\/post"}],"author":[{"embeddable":true,"href":"https:\/\/lbcomunicazione.org\/index.php\/wp-json\/wp\/v2\/users\/35"}],"replies":[{"embeddable":true,"href":"https:\/\/lbcomunicazione.org\/index.php\/wp-json\/wp\/v2\/comments?post=5945"}],"version-history":[{"count":0,"href":"https:\/\/lbcomunicazione.org\/index.php\/wp-json\/wp\/v2\/posts\/5945\/revisions"}],"wp:featuredmedia":[{"embeddable":true,"href":"https:\/\/lbcomunicazione.org\/index.php\/wp-json\/wp\/v2\/media\/5946"}],"wp:attachment":[{"href":"https:\/\/lbcomunicazione.org\/index.php\/wp-json\/wp\/v2\/media?parent=5945"}],"wp:term":[{"taxonomy":"category","embeddable":true,"href":"https:\/\/lbcomunicazione.org\/index.php\/wp-json\/wp\/v2\/categories?post=5945"},{"taxonomy":"post_tag","embeddable":true,"href":"https:\/\/lbcomunicazione.org\/index.php\/wp-json\/wp\/v2\/tags?post=5945"}],"curies":[{"name":"wp","href":"https:\/\/api.w.org\/{rel}","templated":true}]}}