{"id":5584,"date":"2020-06-12T14:06:01","date_gmt":"2020-06-12T13:06:01","guid":{"rendered":"http:\/\/lbcomunicazione.org\/?p=5584"},"modified":"2020-06-12T15:13:03","modified_gmt":"2020-06-12T14:13:03","slug":"promozione-sociale-idea-spesa-amica","status":"publish","type":"post","link":"https:\/\/lbcomunicazione.org\/index.php\/2020\/06\/12\/promozione-sociale-idea-spesa-amica\/","title":{"rendered":"Promozione sociale Idea Spesa Amica"},"content":{"rendered":"<p>Una bella idea quella di un&#8217;associazione di promozione sociale di nome<a href=\"http:\/\/www.acquirenti.org\/\"> &#8220;Acquirenti<\/a>&#8221; che ho ascoltato ieri insieme a questi ospiti relatori:<\/p>\n<p>Fabrizio Azzolini<br \/>\nPresidente della Confederazione Consorzi Sicuri &#8211; Con-S\u00ec.<\/p>\n<p>Pier Luigi Chiarla<br \/>\nPresidente Associazione Consumatori ACQUIRENTI<\/p>\n<p>Maria Luisa Rossi<br \/>\nAvvocato. V. Presidente ConSi<\/p>\n<p>Salvatore Rain\u00f3<br \/>\nMedico Chirurgo &#8211; Immunologo<br \/>\nScienziato della teoria delle<br \/>\nfrequenze comunicative delle molecole dell\u2019acqua.<br \/>\nCapo Dipartimento Salute del<br \/>\nPartito Valore Umano (PVU)<\/p>\n<p>Maura Luperto<br \/>\nPsicologa e Psicoterapeuta<br \/>\nPresidente della Associazione<br \/>\nCOEMM INT\u2019L<\/p>\n<p>Moderatore MAURIZIO SARLO<br \/>\nIdeatore Prog. Mondo Migliore<br \/>\nSegretario Politico Nazionale<br \/>\nPartito Valore Umano (PVU)<\/p>\n<p><img loading=\"lazy\" decoding=\"async\" class=\"alignnone size-medium wp-image-5585\" src=\"https:\/\/lbcomunicazione.org\/wp-content\/uploads\/2020\/06\/zoom-spesa-solidale2-300x169.jpg\" alt=\"\" width=\"300\" height=\"169\" srcset=\"https:\/\/lbcomunicazione.org\/wp-content\/uploads\/2020\/06\/zoom-spesa-solidale2-300x169.jpg 300w, https:\/\/lbcomunicazione.org\/wp-content\/uploads\/2020\/06\/zoom-spesa-solidale2.jpg 422w\" sizes=\"auto, (max-width: 300px) 100vw, 300px\" \/><\/p>\n<h2>Chi pu\u00f2 metta chi non pu\u00f2 prenda era lo slogan<\/h2>\n<p>Un progetto che verr\u00e0 promosso all&#8217;interno della banca del tempo nel sito <a href=\"https:\/\/con-si.it\/\">Cons\u00ec<\/a> accessibile a tutti gli associati per contribuire a migliorare la situazione diffusa di grave povert\u00e0 che sta evolvendo nel nostro Paese. Tutto \u00e8 nato, racconta il Presidente di Acquirenti, quando erano in vigore le grosse restrizioni del lockdown e molte famiglie che vivono alla giornata -ovvero fanno affidamento allo stipendio mensile- per fare fronte alle spese quotidiane, si sono trovate all&#8217;improvviso senza il reddito come molti possono testimoniare.<\/p>\n\n\t\t<style type=\"text\/css\">\n\t\t\t#gallery-1 {\n\t\t\t\tmargin: auto;\n\t\t\t}\n\t\t\t#gallery-1 .gallery-item {\n\t\t\t\tfloat: left;\n\t\t\t\tmargin-top: 10px;\n\t\t\t\ttext-align: center;\n\t\t\t\twidth: 33%;\n\t\t\t}\n\t\t\t#gallery-1 img {\n\t\t\t\tborder: 2px solid #cfcfcf;\n\t\t\t}\n\t\t\t#gallery-1 .gallery-caption {\n\t\t\t\tmargin-left: 0;\n\t\t\t}\n\t\t\t\/* see gallery_shortcode() in wp-includes\/media.php *\/\n\t\t<\/style>\n\t\t<div id='gallery-1' class='gallery galleryid-5584 gallery-columns-3 gallery-size-thumbnail'><dl class='gallery-item'>\n\t\t\t<dt class='gallery-icon landscape'>\n\t\t\t\t<a href='https:\/\/lbcomunicazione.org\/index.php\/2020\/06\/12\/promozione-sociale-idea-spesa-amica\/responsabile-spesa\/'><img loading=\"lazy\" decoding=\"async\" width=\"150\" height=\"150\" src=\"https:\/\/lbcomunicazione.org\/wp-content\/uploads\/2020\/06\/responsabile-spesa-150x150.jpg\" class=\"attachment-thumbnail size-thumbnail\" alt=\"\" aria-describedby=\"gallery-1-5586\" srcset=\"https:\/\/lbcomunicazione.org\/wp-content\/uploads\/2020\/06\/responsabile-spesa-150x150.jpg 150w, https:\/\/lbcomunicazione.org\/wp-content\/uploads\/2020\/06\/responsabile-spesa-160x160.jpg 160w, https:\/\/lbcomunicazione.org\/wp-content\/uploads\/2020\/06\/responsabile-spesa-320x320.jpg 320w\" sizes=\"auto, (max-width: 150px) 100vw, 150px\" \/><\/a>\n\t\t\t<\/dt>\n\t\t\t\t<dd class='wp-caption-text gallery-caption' id='gallery-1-5586'>\n\t\t\t\tPier Luigi Chiarla\n\t\t\t\t<\/dd><\/dl><dl class='gallery-item'>\n\t\t\t<dt class='gallery-icon landscape'>\n\t\t\t\t<a href='https:\/\/lbcomunicazione.org\/index.php\/2020\/06\/12\/promozione-sociale-idea-spesa-amica\/supermercato-controllo-prezzi\/'><img loading=\"lazy\" decoding=\"async\" width=\"150\" height=\"150\" src=\"https:\/\/lbcomunicazione.org\/wp-content\/uploads\/2020\/06\/supermercato-controllo-prezzi-150x150.jpg\" class=\"attachment-thumbnail size-thumbnail\" alt=\"\" aria-describedby=\"gallery-1-5587\" srcset=\"https:\/\/lbcomunicazione.org\/wp-content\/uploads\/2020\/06\/supermercato-controllo-prezzi-150x150.jpg 150w, https:\/\/lbcomunicazione.org\/wp-content\/uploads\/2020\/06\/supermercato-controllo-prezzi-160x160.jpg 160w, https:\/\/lbcomunicazione.org\/wp-content\/uploads\/2020\/06\/supermercato-controllo-prezzi-320x320.jpg 320w\" sizes=\"auto, (max-width: 150px) 100vw, 150px\" \/><\/a>\n\t\t\t<\/dt>\n\t\t\t\t<dd class='wp-caption-text gallery-caption' id='gallery-1-5587'>\n\t\t\t\tAttivit\u00e0 controllo prezzi\n\t\t\t\t<\/dd><\/dl>\n\t\t\t<br style='clear: both' \/>\n\t\t<\/div>\n\n<h3>Cosa si vuole sviluppare con il\u00a0 tempo e la\u00a0 banca del tempo<\/h3>\n<p>&nbsp;<\/p>\n<p>La proposta spesa amica contempla tre varianti:<\/p>\n<ul>\n<li>progetto gi\u00e0 sperimentato con un carrello davanti alle casse del supermercato dotato di locandina, con l&#8217;ausilio di persone volontarie che sono anche destinatarie del vantaggio che si crea, si mettono in evidenza locandine fuori e dentro il negozio; chi lo desidera lascia dentro al carrello doni alimentari, chi ne necessita li pu\u00f2 prendere l\u00ec dentro, liberamente. A fine giornata il volontario pu\u00f2 tenere la merce rimanente che \u00e8 stata gentilmente donata.<\/li>\n<li>progetto salvadanaio per recuperare denaro, da lanciare a luglio\/agosto, contante destinato a supportare economicamente le famiglie bisognose per le bollette. Verranno creati salvadanai con logo e quant&#8217;altro da mettere in 10000 attivit\u00e0 quali parrucchieri, bar, ristoranti e negozi. Oltre che per le bollette questa parte \u00e8 volta a finanziare un terzo progetto, che viene spiegato<\/li>\n<li>con l&#8217;utilizzo dello smartphone di cui tutti ormai sono dotati, chi \u00e8 senza lavoro o vuole aderire all&#8217;iniziativa pu\u00f2 rendersi utile monitorando i prezzi dei supermercati e negozi dove si reca a fare la spesa. Questo servizio \u00e8 utile per le aziende produttrici, per le relazioni e indagini di marketing che effettuano e verrebbe da &#8220;Acquirenti&#8221; pagato in buoni spesa e in cripto-moneta, attraverso il sito preposto da Maurizio Sarlo per la criptovaluta che ospiter\u00e0 anche questo progetto, in quanto la cripto non \u00e8 tassata ed \u00e8 trasformabile in euro.<\/li>\n<\/ul>\n<p>&nbsp;<\/p>\n<p><a href=\"http:\/\/www.acquirenti.org\">http:\/\/www.acquirenti.org<\/a><\/p>\n<p>Gli interventi a favore di questa associazione e i complimenti si sono susseguiti, infatti per tutti \u00e8 chiara la necessit\u00e0 di fare insieme qualcosa per il bene comune.<\/p>\n","protected":false},"excerpt":{"rendered":"<p>Una bella idea quella di un&#8217;associazione di promozione sociale di nome &#8220;Acquirenti&#8221; che ho ascoltato ieri insieme a questi ospiti relatori: Fabrizio Azzolini Presidente della Confederazione Consorzi Sicuri &#8211; Con-S\u00ec. Pier Luigi Chiarla Presidente Associazione Consumatori ACQUIRENTI Maria Luisa Rossi Avvocato. V. Presidente ConSi Salvatore Rain\u00f3 Medico Chirurgo &#8211; Immunologo Scienziato della teoria delle frequenze comunicative delle molecole dell\u2019acqua. Capo Dipartimento Salute del Partito Valore Umano (PVU) Maura Luperto Psicologa e Psicoterapeuta Presidente della Associazione COEMM INT\u2019L Moderatore MAURIZIO SARLO Ideatore Prog. Mondo Migliore Segretario Politico Nazionale Partito Valore Umano (PVU) Chi pu\u00f2 metta chi non pu\u00f2 prenda era lo slogan&#46;&#46;&#46;<\/p>\n","protected":false},"author":35,"featured_media":5589,"comment_status":"open","ping_status":"closed","sticky":false,"template":"","format":"image","meta":{"_crdt_document":"","footnotes":""},"categories":[268,11,31],"tags":[523,522,520],"class_list":["post-5584","post","type-post","status-publish","format-image","has-post-thumbnail","hentry","category-consi","category-eventi","category-sociale","tag-consumatore-attivo","tag-prezzi","tag-spesa-amica","post_format-post-format-image"],"yoast_head":"<!-- This site is optimized with the Yoast SEO plugin v26.9 - https:\/\/yoast.com\/product\/yoast-seo-wordpress\/ -->\n<title>Promozione sociale Idea Spesa Amica - blog TG24 la comunicazione<\/title>\n<meta name=\"robots\" content=\"index, follow, max-snippet:-1, max-image-preview:large, max-video-preview:-1\" \/>\n<link rel=\"canonical\" href=\"https:\/\/lbcomunicazione.org\/index.php\/2020\/06\/12\/promozione-sociale-idea-spesa-amica\/\" \/>\n<meta property=\"og:locale\" content=\"it_IT\" \/>\n<meta property=\"og:type\" content=\"article\" \/>\n<meta property=\"og:title\" content=\"Promozione sociale Idea Spesa Amica - blog TG24 la comunicazione\" \/>\n<meta property=\"og:description\" content=\"Una bella idea quella di un&#8217;associazione di promozione sociale di nome &#8220;Acquirenti&#8221; che ho ascoltato ieri insieme a questi ospiti relatori: Fabrizio Azzolini Presidente della Confederazione Consorzi Sicuri &#8211; Con-S\u00ec. Pier Luigi Chiarla Presidente Associazione Consumatori ACQUIRENTI Maria Luisa Rossi Avvocato. V. Presidente ConSi Salvatore Rain\u00f3 Medico Chirurgo &#8211; Immunologo Scienziato della teoria delle frequenze comunicative delle molecole dell\u2019acqua. Capo Dipartimento Salute del Partito Valore Umano (PVU) Maura Luperto Psicologa e Psicoterapeuta Presidente della Associazione COEMM INT\u2019L Moderatore MAURIZIO SARLO Ideatore Prog. Mondo Migliore Segretario Politico Nazionale Partito Valore Umano (PVU) Chi pu\u00f2 metta chi non pu\u00f2 prenda era lo slogan&#046;&#046;&#046;\" \/>\n<meta property=\"og:url\" content=\"https:\/\/lbcomunicazione.org\/index.php\/2020\/06\/12\/promozione-sociale-idea-spesa-amica\/\" \/>\n<meta property=\"og:site_name\" content=\"blog TG24 la comunicazione\" \/>\n<meta property=\"article:publisher\" content=\"https:\/\/www.facebook.com\/beezzup\/\" \/>\n<meta property=\"article:published_time\" content=\"2020-06-12T13:06:01+00:00\" \/>\n<meta property=\"article:modified_time\" content=\"2020-06-12T14:13:03+00:00\" \/>\n<meta property=\"og:image\" content=\"https:\/\/lbcomunicazione.org\/wp-content\/uploads\/2020\/06\/supermercato-controllo-prezzi5.jpg\" \/>\n\t<meta property=\"og:image:width\" content=\"1200\" \/>\n\t<meta property=\"og:image:height\" content=\"630\" \/>\n\t<meta property=\"og:image:type\" content=\"image\/jpeg\" \/>\n<meta name=\"author\" content=\"Monica Brunettini\" \/>\n<meta name=\"twitter:card\" content=\"summary_large_image\" \/>\n<meta name=\"twitter:creator\" content=\"@beezzup\" \/>\n<meta name=\"twitter:site\" content=\"@beezzup\" \/>\n<meta name=\"twitter:label1\" content=\"Scritto da\" \/>\n\t<meta name=\"twitter:data1\" content=\"Monica Brunettini\" \/>\n\t<meta name=\"twitter:label2\" content=\"Tempo di lettura stimato\" \/>\n\t<meta name=\"twitter:data2\" content=\"2 minuti\" \/>\n<script type=\"application\/ld+json\" class=\"yoast-schema-graph\">{\"@context\":\"https:\/\/schema.org\",\"@graph\":[{\"@type\":\"Article\",\"@id\":\"https:\/\/lbcomunicazione.org\/index.php\/2020\/06\/12\/promozione-sociale-idea-spesa-amica\/#article\",\"isPartOf\":{\"@id\":\"https:\/\/lbcomunicazione.org\/index.php\/2020\/06\/12\/promozione-sociale-idea-spesa-amica\/\"},\"author\":{\"name\":\"Monica Brunettini\",\"@id\":\"https:\/\/lbcomunicazione.org\/#\/schema\/person\/a3189f42c12a6989c8b908702a062ff1\"},\"headline\":\"Promozione sociale Idea Spesa Amica\",\"datePublished\":\"2020-06-12T13:06:01+00:00\",\"dateModified\":\"2020-06-12T14:13:03+00:00\",\"mainEntityOfPage\":{\"@id\":\"https:\/\/lbcomunicazione.org\/index.php\/2020\/06\/12\/promozione-sociale-idea-spesa-amica\/\"},\"wordCount\":459,\"commentCount\":0,\"publisher\":{\"@id\":\"https:\/\/lbcomunicazione.org\/#organization\"},\"image\":{\"@id\":\"https:\/\/lbcomunicazione.org\/index.php\/2020\/06\/12\/promozione-sociale-idea-spesa-amica\/#primaryimage\"},\"thumbnailUrl\":\"https:\/\/lbcomunicazione.org\/wp-content\/uploads\/2020\/06\/supermercato-controllo-prezzi5.jpg\",\"keywords\":[\"consumatore attivo\",\"prezzi\",\"spesa amica\"],\"articleSection\":[\"ConS\u00ec\",\"eventi\",\"sociale\"],\"inLanguage\":\"it-IT\",\"potentialAction\":[{\"@type\":\"CommentAction\",\"name\":\"Comment\",\"target\":[\"https:\/\/lbcomunicazione.org\/index.php\/2020\/06\/12\/promozione-sociale-idea-spesa-amica\/#respond\"]}]},{\"@type\":\"WebPage\",\"@id\":\"https:\/\/lbcomunicazione.org\/index.php\/2020\/06\/12\/promozione-sociale-idea-spesa-amica\/\",\"url\":\"https:\/\/lbcomunicazione.org\/index.php\/2020\/06\/12\/promozione-sociale-idea-spesa-amica\/\",\"name\":\"Promozione sociale Idea Spesa Amica - blog TG24 la comunicazione\",\"isPartOf\":{\"@id\":\"https:\/\/lbcomunicazione.org\/#website\"},\"primaryImageOfPage\":{\"@id\":\"https:\/\/lbcomunicazione.org\/index.php\/2020\/06\/12\/promozione-sociale-idea-spesa-amica\/#primaryimage\"},\"image\":{\"@id\":\"https:\/\/lbcomunicazione.org\/index.php\/2020\/06\/12\/promozione-sociale-idea-spesa-amica\/#primaryimage\"},\"thumbnailUrl\":\"https:\/\/lbcomunicazione.org\/wp-content\/uploads\/2020\/06\/supermercato-controllo-prezzi5.jpg\",\"datePublished\":\"2020-06-12T13:06:01+00:00\",\"dateModified\":\"2020-06-12T14:13:03+00:00\",\"breadcrumb\":{\"@id\":\"https:\/\/lbcomunicazione.org\/index.php\/2020\/06\/12\/promozione-sociale-idea-spesa-amica\/#breadcrumb\"},\"inLanguage\":\"it-IT\",\"potentialAction\":[{\"@type\":\"ReadAction\",\"target\":[\"https:\/\/lbcomunicazione.org\/index.php\/2020\/06\/12\/promozione-sociale-idea-spesa-amica\/\"]}]},{\"@type\":\"ImageObject\",\"inLanguage\":\"it-IT\",\"@id\":\"https:\/\/lbcomunicazione.org\/index.php\/2020\/06\/12\/promozione-sociale-idea-spesa-amica\/#primaryimage\",\"url\":\"https:\/\/lbcomunicazione.org\/wp-content\/uploads\/2020\/06\/supermercato-controllo-prezzi5.jpg\",\"contentUrl\":\"https:\/\/lbcomunicazione.org\/wp-content\/uploads\/2020\/06\/supermercato-controllo-prezzi5.jpg\",\"width\":1200,\"height\":630},{\"@type\":\"BreadcrumbList\",\"@id\":\"https:\/\/lbcomunicazione.org\/index.php\/2020\/06\/12\/promozione-sociale-idea-spesa-amica\/#breadcrumb\",\"itemListElement\":[{\"@type\":\"ListItem\",\"position\":1,\"name\":\"Home\",\"item\":\"https:\/\/lbcomunicazione.org\/\"},{\"@type\":\"ListItem\",\"position\":2,\"name\":\"Promozione sociale Idea Spesa Amica\"}]},{\"@type\":\"WebSite\",\"@id\":\"https:\/\/lbcomunicazione.org\/#website\",\"url\":\"https:\/\/lbcomunicazione.org\/\",\"name\":\"blogTG24lacomunicazione.org\",\"description\":\"Siamo una squadra di blogger, che desiderano dare voce a quelle notizie, realt\u00e0, associazioni, che non sono divulgate dai giornali e media\",\"publisher\":{\"@id\":\"https:\/\/lbcomunicazione.org\/#organization\"},\"potentialAction\":[{\"@type\":\"SearchAction\",\"target\":{\"@type\":\"EntryPoint\",\"urlTemplate\":\"https:\/\/lbcomunicazione.org\/?s={search_term_string}\"},\"query-input\":{\"@type\":\"PropertyValueSpecification\",\"valueRequired\":true,\"valueName\":\"search_term_string\"}}],\"inLanguage\":\"it-IT\"},{\"@type\":\"Organization\",\"@id\":\"https:\/\/lbcomunicazione.org\/#organization\",\"name\":\"blogtg24lacomunicazione\",\"url\":\"https:\/\/lbcomunicazione.org\/\",\"logo\":{\"@type\":\"ImageObject\",\"inLanguage\":\"it-IT\",\"@id\":\"https:\/\/lbcomunicazione.org\/#\/schema\/logo\/image\/\",\"url\":\"https:\/\/lbcomunicazione.org\/wp-content\/uploads\/2019\/01\/logo-cfpblogger.jpg\",\"contentUrl\":\"https:\/\/lbcomunicazione.org\/wp-content\/uploads\/2019\/01\/logo-cfpblogger.jpg\",\"width\":680,\"height\":709,\"caption\":\"blogtg24lacomunicazione\"},\"image\":{\"@id\":\"https:\/\/lbcomunicazione.org\/#\/schema\/logo\/image\/\"},\"sameAs\":[\"https:\/\/www.facebook.com\/beezzup\/\",\"https:\/\/x.com\/beezzup\",\"https:\/\/www.instagram.com\/beezzup\/\",\"https:\/\/www.pinterest.it\/beezzup\/\",\"https:\/\/www.youtube.com\/channel\/UCPeEGg5tKdoyOPK--mGE5Yg\"]},{\"@type\":\"Person\",\"@id\":\"https:\/\/lbcomunicazione.org\/#\/schema\/person\/a3189f42c12a6989c8b908702a062ff1\",\"name\":\"Monica Brunettini\",\"image\":{\"@type\":\"ImageObject\",\"inLanguage\":\"it-IT\",\"@id\":\"https:\/\/lbcomunicazione.org\/#\/schema\/person\/image\/\",\"url\":\"https:\/\/secure.gravatar.com\/avatar\/122d7c4bccfd8130f860359bac7f85694b41d7d842a5c58f33b9dfc1d97d7856?s=96&d=mm&r=g\",\"contentUrl\":\"https:\/\/secure.gravatar.com\/avatar\/122d7c4bccfd8130f860359bac7f85694b41d7d842a5c58f33b9dfc1d97d7856?s=96&d=mm&r=g\",\"caption\":\"Monica Brunettini\"},\"description\":\"Mamma, impiegata, blogger del Mondo Migliore\",\"url\":\"https:\/\/lbcomunicazione.org\/index.php\/author\/monica-brunettini\/\"}]}<\/script>\n<!-- \/ Yoast SEO plugin. -->","yoast_head_json":{"title":"Promozione sociale Idea Spesa Amica - blog TG24 la comunicazione","robots":{"index":"index","follow":"follow","max-snippet":"max-snippet:-1","max-image-preview":"max-image-preview:large","max-video-preview":"max-video-preview:-1"},"canonical":"https:\/\/lbcomunicazione.org\/index.php\/2020\/06\/12\/promozione-sociale-idea-spesa-amica\/","og_locale":"it_IT","og_type":"article","og_title":"Promozione sociale Idea Spesa Amica - blog TG24 la comunicazione","og_description":"Una bella idea quella di un&#8217;associazione di promozione sociale di nome &#8220;Acquirenti&#8221; che ho ascoltato ieri insieme a questi ospiti relatori: Fabrizio Azzolini Presidente della Confederazione Consorzi Sicuri &#8211; Con-S\u00ec. Pier Luigi Chiarla Presidente Associazione Consumatori ACQUIRENTI Maria Luisa Rossi Avvocato. V. Presidente ConSi Salvatore Rain\u00f3 Medico Chirurgo &#8211; Immunologo Scienziato della teoria delle frequenze comunicative delle molecole dell\u2019acqua. Capo Dipartimento Salute del Partito Valore Umano (PVU) Maura Luperto Psicologa e Psicoterapeuta Presidente della Associazione COEMM INT\u2019L Moderatore MAURIZIO SARLO Ideatore Prog. Mondo Migliore Segretario Politico Nazionale Partito Valore Umano (PVU) Chi pu\u00f2 metta chi non pu\u00f2 prenda era lo slogan&#46;&#46;&#46;","og_url":"https:\/\/lbcomunicazione.org\/index.php\/2020\/06\/12\/promozione-sociale-idea-spesa-amica\/","og_site_name":"blog TG24 la comunicazione","article_publisher":"https:\/\/www.facebook.com\/beezzup\/","article_published_time":"2020-06-12T13:06:01+00:00","article_modified_time":"2020-06-12T14:13:03+00:00","og_image":[{"width":1200,"height":630,"url":"https:\/\/lbcomunicazione.org\/wp-content\/uploads\/2020\/06\/supermercato-controllo-prezzi5.jpg","type":"image\/jpeg"}],"author":"Monica Brunettini","twitter_card":"summary_large_image","twitter_creator":"@beezzup","twitter_site":"@beezzup","twitter_misc":{"Scritto da":"Monica Brunettini","Tempo di lettura stimato":"2 minuti"},"schema":{"@context":"https:\/\/schema.org","@graph":[{"@type":"Article","@id":"https:\/\/lbcomunicazione.org\/index.php\/2020\/06\/12\/promozione-sociale-idea-spesa-amica\/#article","isPartOf":{"@id":"https:\/\/lbcomunicazione.org\/index.php\/2020\/06\/12\/promozione-sociale-idea-spesa-amica\/"},"author":{"name":"Monica Brunettini","@id":"https:\/\/lbcomunicazione.org\/#\/schema\/person\/a3189f42c12a6989c8b908702a062ff1"},"headline":"Promozione sociale Idea Spesa Amica","datePublished":"2020-06-12T13:06:01+00:00","dateModified":"2020-06-12T14:13:03+00:00","mainEntityOfPage":{"@id":"https:\/\/lbcomunicazione.org\/index.php\/2020\/06\/12\/promozione-sociale-idea-spesa-amica\/"},"wordCount":459,"commentCount":0,"publisher":{"@id":"https:\/\/lbcomunicazione.org\/#organization"},"image":{"@id":"https:\/\/lbcomunicazione.org\/index.php\/2020\/06\/12\/promozione-sociale-idea-spesa-amica\/#primaryimage"},"thumbnailUrl":"https:\/\/lbcomunicazione.org\/wp-content\/uploads\/2020\/06\/supermercato-controllo-prezzi5.jpg","keywords":["consumatore attivo","prezzi","spesa amica"],"articleSection":["ConS\u00ec","eventi","sociale"],"inLanguage":"it-IT","potentialAction":[{"@type":"CommentAction","name":"Comment","target":["https:\/\/lbcomunicazione.org\/index.php\/2020\/06\/12\/promozione-sociale-idea-spesa-amica\/#respond"]}]},{"@type":"WebPage","@id":"https:\/\/lbcomunicazione.org\/index.php\/2020\/06\/12\/promozione-sociale-idea-spesa-amica\/","url":"https:\/\/lbcomunicazione.org\/index.php\/2020\/06\/12\/promozione-sociale-idea-spesa-amica\/","name":"Promozione sociale Idea Spesa Amica - blog TG24 la comunicazione","isPartOf":{"@id":"https:\/\/lbcomunicazione.org\/#website"},"primaryImageOfPage":{"@id":"https:\/\/lbcomunicazione.org\/index.php\/2020\/06\/12\/promozione-sociale-idea-spesa-amica\/#primaryimage"},"image":{"@id":"https:\/\/lbcomunicazione.org\/index.php\/2020\/06\/12\/promozione-sociale-idea-spesa-amica\/#primaryimage"},"thumbnailUrl":"https:\/\/lbcomunicazione.org\/wp-content\/uploads\/2020\/06\/supermercato-controllo-prezzi5.jpg","datePublished":"2020-06-12T13:06:01+00:00","dateModified":"2020-06-12T14:13:03+00:00","breadcrumb":{"@id":"https:\/\/lbcomunicazione.org\/index.php\/2020\/06\/12\/promozione-sociale-idea-spesa-amica\/#breadcrumb"},"inLanguage":"it-IT","potentialAction":[{"@type":"ReadAction","target":["https:\/\/lbcomunicazione.org\/index.php\/2020\/06\/12\/promozione-sociale-idea-spesa-amica\/"]}]},{"@type":"ImageObject","inLanguage":"it-IT","@id":"https:\/\/lbcomunicazione.org\/index.php\/2020\/06\/12\/promozione-sociale-idea-spesa-amica\/#primaryimage","url":"https:\/\/lbcomunicazione.org\/wp-content\/uploads\/2020\/06\/supermercato-controllo-prezzi5.jpg","contentUrl":"https:\/\/lbcomunicazione.org\/wp-content\/uploads\/2020\/06\/supermercato-controllo-prezzi5.jpg","width":1200,"height":630},{"@type":"BreadcrumbList","@id":"https:\/\/lbcomunicazione.org\/index.php\/2020\/06\/12\/promozione-sociale-idea-spesa-amica\/#breadcrumb","itemListElement":[{"@type":"ListItem","position":1,"name":"Home","item":"https:\/\/lbcomunicazione.org\/"},{"@type":"ListItem","position":2,"name":"Promozione sociale Idea Spesa Amica"}]},{"@type":"WebSite","@id":"https:\/\/lbcomunicazione.org\/#website","url":"https:\/\/lbcomunicazione.org\/","name":"blogTG24lacomunicazione.org","description":"Siamo una squadra di blogger, che desiderano dare voce a quelle notizie, realt\u00e0, associazioni, che non sono divulgate dai giornali e media","publisher":{"@id":"https:\/\/lbcomunicazione.org\/#organization"},"potentialAction":[{"@type":"SearchAction","target":{"@type":"EntryPoint","urlTemplate":"https:\/\/lbcomunicazione.org\/?s={search_term_string}"},"query-input":{"@type":"PropertyValueSpecification","valueRequired":true,"valueName":"search_term_string"}}],"inLanguage":"it-IT"},{"@type":"Organization","@id":"https:\/\/lbcomunicazione.org\/#organization","name":"blogtg24lacomunicazione","url":"https:\/\/lbcomunicazione.org\/","logo":{"@type":"ImageObject","inLanguage":"it-IT","@id":"https:\/\/lbcomunicazione.org\/#\/schema\/logo\/image\/","url":"https:\/\/lbcomunicazione.org\/wp-content\/uploads\/2019\/01\/logo-cfpblogger.jpg","contentUrl":"https:\/\/lbcomunicazione.org\/wp-content\/uploads\/2019\/01\/logo-cfpblogger.jpg","width":680,"height":709,"caption":"blogtg24lacomunicazione"},"image":{"@id":"https:\/\/lbcomunicazione.org\/#\/schema\/logo\/image\/"},"sameAs":["https:\/\/www.facebook.com\/beezzup\/","https:\/\/x.com\/beezzup","https:\/\/www.instagram.com\/beezzup\/","https:\/\/www.pinterest.it\/beezzup\/","https:\/\/www.youtube.com\/channel\/UCPeEGg5tKdoyOPK--mGE5Yg"]},{"@type":"Person","@id":"https:\/\/lbcomunicazione.org\/#\/schema\/person\/a3189f42c12a6989c8b908702a062ff1","name":"Monica Brunettini","image":{"@type":"ImageObject","inLanguage":"it-IT","@id":"https:\/\/lbcomunicazione.org\/#\/schema\/person\/image\/","url":"https:\/\/secure.gravatar.com\/avatar\/122d7c4bccfd8130f860359bac7f85694b41d7d842a5c58f33b9dfc1d97d7856?s=96&d=mm&r=g","contentUrl":"https:\/\/secure.gravatar.com\/avatar\/122d7c4bccfd8130f860359bac7f85694b41d7d842a5c58f33b9dfc1d97d7856?s=96&d=mm&r=g","caption":"Monica Brunettini"},"description":"Mamma, impiegata, blogger del Mondo Migliore","url":"https:\/\/lbcomunicazione.org\/index.php\/author\/monica-brunettini\/"}]}},"_links":{"self":[{"href":"https:\/\/lbcomunicazione.org\/index.php\/wp-json\/wp\/v2\/posts\/5584","targetHints":{"allow":["GET"]}}],"collection":[{"href":"https:\/\/lbcomunicazione.org\/index.php\/wp-json\/wp\/v2\/posts"}],"about":[{"href":"https:\/\/lbcomunicazione.org\/index.php\/wp-json\/wp\/v2\/types\/post"}],"author":[{"embeddable":true,"href":"https:\/\/lbcomunicazione.org\/index.php\/wp-json\/wp\/v2\/users\/35"}],"replies":[{"embeddable":true,"href":"https:\/\/lbcomunicazione.org\/index.php\/wp-json\/wp\/v2\/comments?post=5584"}],"version-history":[{"count":0,"href":"https:\/\/lbcomunicazione.org\/index.php\/wp-json\/wp\/v2\/posts\/5584\/revisions"}],"wp:featuredmedia":[{"embeddable":true,"href":"https:\/\/lbcomunicazione.org\/index.php\/wp-json\/wp\/v2\/media\/5589"}],"wp:attachment":[{"href":"https:\/\/lbcomunicazione.org\/index.php\/wp-json\/wp\/v2\/media?parent=5584"}],"wp:term":[{"taxonomy":"category","embeddable":true,"href":"https:\/\/lbcomunicazione.org\/index.php\/wp-json\/wp\/v2\/categories?post=5584"},{"taxonomy":"post_tag","embeddable":true,"href":"https:\/\/lbcomunicazione.org\/index.php\/wp-json\/wp\/v2\/tags?post=5584"}],"curies":[{"name":"wp","href":"https:\/\/api.w.org\/{rel}","templated":true}]}}