{"id":5477,"date":"2020-06-05T18:51:29","date_gmt":"2020-06-05T17:51:29","guid":{"rendered":"http:\/\/lbcomunicazione.org\/?p=5477"},"modified":"2020-06-05T18:51:29","modified_gmt":"2020-06-05T17:51:29","slug":"dove-stiamo-andando","status":"publish","type":"post","link":"https:\/\/lbcomunicazione.org\/index.php\/2020\/06\/05\/dove-stiamo-andando\/","title":{"rendered":"Dove stiamo andando?"},"content":{"rendered":"<div class=\"video-container\"><iframe loading=\"lazy\" title=\"blog TG24 la comunicazione : &quot; Dove stiamo andando? &quot;\" width=\"500\" height=\"281\" src=\"https:\/\/www.youtube.com\/embed\/ZVJkvEAZzDA?feature=oembed&#038;wmode=opaque\" frameborder=\"0\" allow=\"accelerometer; autoplay; clipboard-write; encrypted-media; gyroscope; picture-in-picture; web-share\" referrerpolicy=\"strict-origin-when-cross-origin\" allowfullscreen><\/iframe><\/div>\n<p>&nbsp;<\/p>\n<p>\u201c<strong>Non so con quali armi si combatter\u00e0 la Terza guerra mondiale, ma la Quarta s\u00ec: con bastoni e pietre.<\/strong>\u201d<br \/>\n<cite>Albert Einstein<\/cite><\/p>\n<p><!--more--><\/p>\n<p>Di <strong>Maria Diana<\/strong><\/p>\n<h2>Una scelta decisiva&#8230;<\/h2>\n<div id=\"attachment_5482\" style=\"width: 310px\" class=\"wp-caption alignright\"><img loading=\"lazy\" decoding=\"async\" aria-describedby=\"caption-attachment-5482\" class=\"wp-image-5482 size-medium\" src=\"https:\/\/lbcomunicazione.org\/wp-content\/uploads\/2020\/06\/masons-2022392_1280-300x232.png\" alt=\"\" width=\"300\" height=\"232\" srcset=\"https:\/\/lbcomunicazione.org\/wp-content\/uploads\/2020\/06\/masons-2022392_1280-300x232.png 300w, https:\/\/lbcomunicazione.org\/wp-content\/uploads\/2020\/06\/masons-2022392_1280-1024x791.png 1024w, https:\/\/lbcomunicazione.org\/wp-content\/uploads\/2020\/06\/masons-2022392_1280-768x593.png 768w, https:\/\/lbcomunicazione.org\/wp-content\/uploads\/2020\/06\/masons-2022392_1280-520x402.png 520w, https:\/\/lbcomunicazione.org\/wp-content\/uploads\/2020\/06\/masons-2022392_1280.png 1280w\" sizes=\"auto, (max-width: 300px) 100vw, 300px\" \/><p id=\"caption-attachment-5482\" class=\"wp-caption-text\">Un combattimento non umano&#8230;<\/p><\/div>\n<p><em>Sembra un<span lang=\"de-DE\">&#8216;affermazione che riporta alla preistoria&#8230;.ma comunque molto azzeccata, nonostante ci sia chi si farebbe una bella risata a leggere questa affermazione formulata da Albert Einstein, premio nobel per la Fisica e molto altro.<\/span><\/em><\/p>\n<p><em><span lang=\"de-DE\">Viviamo in un periodo molto interessante, dove ci sono forze che combattono la loro battaglia portando cambiamenti enormi e veloci, molto intensi.<\/span><\/em><\/p>\n<p><em><span lang=\"de-DE\">Credo che l&#8217;essere umano, oggi, si ritrovi a dover fare delle scelte decisive per il possibile o incerto futuro.<\/span><\/em><\/p>\n<p><em><span lang=\"de-DE\">Pochi sono coloro che oggi credono di poter avere un futuro, ma che comunque ci sperano nonostante tutto.<\/span><\/em><\/p>\n<h2><span lang=\"de-DE\">Dove stiamo andando?&#8230;<\/span><\/h2>\n<p><em><span lang=\"de-DE\">Dove stiamo andando? Bella domanda e merita anche una bella riflessione.<\/span><\/em><\/p>\n<div id=\"attachment_5481\" style=\"width: 310px\" class=\"wp-caption alignleft\"><img loading=\"lazy\" decoding=\"async\" aria-describedby=\"caption-attachment-5481\" class=\"wp-image-5481 size-medium\" src=\"https:\/\/lbcomunicazione.org\/wp-content\/uploads\/2020\/06\/fantasy-2531877_1920-300x170.jpg\" alt=\"\" width=\"300\" height=\"170\" srcset=\"https:\/\/lbcomunicazione.org\/wp-content\/uploads\/2020\/06\/fantasy-2531877_1920-300x170.jpg 300w, https:\/\/lbcomunicazione.org\/wp-content\/uploads\/2020\/06\/fantasy-2531877_1920-1024x579.jpg 1024w, https:\/\/lbcomunicazione.org\/wp-content\/uploads\/2020\/06\/fantasy-2531877_1920-768x434.jpg 768w, https:\/\/lbcomunicazione.org\/wp-content\/uploads\/2020\/06\/fantasy-2531877_1920-1536x869.jpg 1536w, https:\/\/lbcomunicazione.org\/wp-content\/uploads\/2020\/06\/fantasy-2531877_1920-520x294.jpg 520w, https:\/\/lbcomunicazione.org\/wp-content\/uploads\/2020\/06\/fantasy-2531877_1920.jpg 1920w\" sizes=\"auto, (max-width: 300px) 100vw, 300px\" \/><p id=\"caption-attachment-5481\" class=\"wp-caption-text\">Dove stiamo andando&#8230;<\/p><\/div>\n<p><em><span lang=\"de-DE\">Innanzitutto rifletterei sul messaggio che ci viene dato da Albert Einstein, dove afferma chiaramente che ci sar\u00e1 una vera e propria catastrofe, visto che la guerra successiva si combatter\u00e1 con bastoni e pietre.<\/span><\/em><\/p>\n<p><em><span lang=\"de-DE\">Il crollo del vecchio mondo si sta attuando in questi tempi.<\/span><\/em><\/p>\n<p><em><span lang=\"de-DE\">Si sentono agitazioni negli animi delle persone, divisioni, pensieri contrastanti&#8230;<\/span><\/em><\/p>\n<p><em><span lang=\"de-DE\">Si stanno accorgendo che il vecchio mondo, quello che conoscevano fino ad oggi, sta mutando, e tutte quelle false sicurezze stanno fuggendo dalle mani, stanno svanendo.<\/span><\/em><\/p>\n<p><em><span lang=\"de-DE\">La gente comincia a capire che un forte cambiamento sta avvenendo, ma invece di cogliere tutto ci\u00f3 come una possibilit\u00e1 enorme di risveglio e potere decisionale di cambiare radicalmente la loro stessa vita, riportando l&#8217;essere umano allo scopo reale che ha su questo pianeta, si continua ad appoggiare agli incantesimi creati ad arte da chi continua a governare le redini del mondo fantasma, come lo definisco io.<\/span><\/em><\/p>\n<h2>Osservare senza fare nulla&#8230;<\/h2>\n<div id=\"attachment_5483\" style=\"width: 310px\" class=\"wp-caption alignright\"><img loading=\"lazy\" decoding=\"async\" aria-describedby=\"caption-attachment-5483\" class=\"wp-image-5483 size-medium\" src=\"https:\/\/lbcomunicazione.org\/wp-content\/uploads\/2020\/06\/musician-664432_1920-300x200.jpg\" alt=\"\" width=\"300\" height=\"200\" srcset=\"https:\/\/lbcomunicazione.org\/wp-content\/uploads\/2020\/06\/musician-664432_1920-300x200.jpg 300w, https:\/\/lbcomunicazione.org\/wp-content\/uploads\/2020\/06\/musician-664432_1920-1024x683.jpg 1024w, https:\/\/lbcomunicazione.org\/wp-content\/uploads\/2020\/06\/musician-664432_1920-768x512.jpg 768w, https:\/\/lbcomunicazione.org\/wp-content\/uploads\/2020\/06\/musician-664432_1920-1536x1024.jpg 1536w, https:\/\/lbcomunicazione.org\/wp-content\/uploads\/2020\/06\/musician-664432_1920-520x347.jpg 520w, https:\/\/lbcomunicazione.org\/wp-content\/uploads\/2020\/06\/musician-664432_1920.jpg 1920w\" sizes=\"auto, (max-width: 300px) 100vw, 300px\" \/><p id=\"caption-attachment-5483\" class=\"wp-caption-text\">La follia di chi osserva e non agisce&#8230;<\/p><\/div>\n<p>\u201c<span lang=\"de-DE\"><strong>Il mondo \u00e8 un posto pericoloso, non a causa di quelli che compiono azioni malvagie ma per quelli che osservano senza fare nulla<\/strong>.\u201d<br \/>\n<\/span><cite><span lang=\"de-DE\">Albert Einstein<\/span><\/cite><\/p>\n<p><cite><span lang=\"de-DE\">Ecco un&#8217;altra stupenda affermazione di Albert Einstein.<\/span><\/cite><\/p>\n<p><cite><span lang=\"de-DE\">Ognuno di noi \u00e9 responsabile della propria realt\u00e1, e se non si rende conto di questo, non pu\u00f3 nemmeno continuare a lamentarsi di ci\u00f3 che gli sta accadendo.<\/span><\/cite><\/p>\n<p><cite><span lang=\"de-DE\">Siamo tutti nella stessa barca, nessuno escluso, perch\u00e9 siamo collegati gli uni agli altri.<\/span><\/cite><\/p>\n<p><cite><span lang=\"de-DE\">Rimane comunque il fatto che siamo anche pezzi unici, e ognuno \u00e9 in grado di fare la differenza, se lo volesse veramente.<\/span><\/cite><\/p>\n<p><cite><span lang=\"de-DE\">La paura genera il distacco, e il distacco genera la paura.<\/span><\/cite><\/p>\n<h2><cite><span lang=\"de-DE\">Essere uniti&#8230;<\/span><\/cite><\/h2>\n<div id=\"attachment_5485\" style=\"width: 310px\" class=\"wp-caption alignleft\"><img loading=\"lazy\" decoding=\"async\" aria-describedby=\"caption-attachment-5485\" class=\"wp-image-5485 size-medium\" src=\"https:\/\/lbcomunicazione.org\/wp-content\/uploads\/2020\/06\/woman-1539416_1920-300x200.jpg\" alt=\"\" width=\"300\" height=\"200\" srcset=\"https:\/\/lbcomunicazione.org\/wp-content\/uploads\/2020\/06\/woman-1539416_1920-300x200.jpg 300w, https:\/\/lbcomunicazione.org\/wp-content\/uploads\/2020\/06\/woman-1539416_1920-1024x683.jpg 1024w, https:\/\/lbcomunicazione.org\/wp-content\/uploads\/2020\/06\/woman-1539416_1920-768x512.jpg 768w, https:\/\/lbcomunicazione.org\/wp-content\/uploads\/2020\/06\/woman-1539416_1920-1536x1024.jpg 1536w, https:\/\/lbcomunicazione.org\/wp-content\/uploads\/2020\/06\/woman-1539416_1920-520x347.jpg 520w, https:\/\/lbcomunicazione.org\/wp-content\/uploads\/2020\/06\/woman-1539416_1920.jpg 1920w\" sizes=\"auto, (max-width: 300px) 100vw, 300px\" \/><p id=\"caption-attachment-5485\" class=\"wp-caption-text\">Perch\u00e9 tornare alla vita di prima&#8230;<\/p><\/div>\n<p><cite><span lang=\"de-DE\">Essere uniti ci porta a riconoscere una realt\u00e1 fondamentale che \u00e9 quella dell&#8217;amore.<\/span><\/cite><\/p>\n<p><cite><span lang=\"de-DE\">Nell&#8217;essere divisi non facciamo altro che insegnare ai nostri fanciulli uno stile di vita basato sulla paura, sulla mancanza di amore, sul rispetto di leggi che violano la nostra dignit\u00e1.<\/span><\/cite><\/p>\n<p><cite><span lang=\"de-DE\">Allora perch\u00e9 meravigliarsi di quello che accade?<\/span><\/cite><\/p>\n<p><cite><span lang=\"de-DE\">Perch\u00e9 continuare ad accusare il politico di turno quando \u00e9 proprio il popolo che reclama la dittatura?<\/span><\/cite><\/p>\n<p><cite><span lang=\"de-DE\">Perch\u00e9 pensare di voler ritornare alla vita di prima, quando quella stessa vita era fatta di continuo e frenetico modo di vivere legato al consumismo, all&#8217;inquinamento ( e qui parlo di inquinamento su tutti i piani compreso quello spirituale), alla pigrizia mentale con mancanza di pensiero critico, di prendere atto della manipolazione in corso ecc&#8230;.<\/span><\/cite><\/p>\n<h2><cite><span lang=\"de-DE\">Che vita avevamo? E che vita avremo?<\/span><\/cite><\/h2>\n<p><cite><span lang=\"de-DE\">Che vita avevamo? E che vita avremo?<\/span><\/cite><\/p>\n<p><cite>\u201c<span lang=\"de-DE\"><strong>Cerca di diventare non un uomo di successo ma piuttosto un uomo di valore<\/strong>.\u201d<br \/>\nAlbert Einstein<\/span><\/cite><\/p>\n<div id=\"attachment_5480\" style=\"width: 310px\" class=\"wp-caption alignright\"><img loading=\"lazy\" decoding=\"async\" aria-describedby=\"caption-attachment-5480\" class=\"wp-image-5480 size-medium\" src=\"https:\/\/lbcomunicazione.org\/wp-content\/uploads\/2020\/06\/shaman-2897334_1280-300x171.jpg\" alt=\"\" width=\"300\" height=\"171\" srcset=\"https:\/\/lbcomunicazione.org\/wp-content\/uploads\/2020\/06\/shaman-2897334_1280-300x171.jpg 300w, https:\/\/lbcomunicazione.org\/wp-content\/uploads\/2020\/06\/shaman-2897334_1280-1024x585.jpg 1024w, https:\/\/lbcomunicazione.org\/wp-content\/uploads\/2020\/06\/shaman-2897334_1280-768x439.jpg 768w, https:\/\/lbcomunicazione.org\/wp-content\/uploads\/2020\/06\/shaman-2897334_1280-520x297.jpg 520w, https:\/\/lbcomunicazione.org\/wp-content\/uploads\/2020\/06\/shaman-2897334_1280.jpg 1280w\" sizes=\"auto, (max-width: 300px) 100vw, 300px\" \/><p id=\"caption-attachment-5480\" class=\"wp-caption-text\">Servono uomini di valore&#8230;<\/p><\/div>\n<p><cite><span lang=\"de-DE\">Diventare un uomo di valore&#8230;<\/span><\/cite><\/p>\n<p><cite><span lang=\"de-DE\">Dove sono questi uomini di valore? <\/span><\/cite><\/p>\n<p><cite><span lang=\"de-DE\">Vengono zittiti? Diffamati? Talvolta uccisi? Con il nostro tacito consenso?<\/span><\/cite><\/p>\n<p><cite><span lang=\"de-DE\">Che cos&#8217;\u00e9 il valore? Perch\u00e9 \u00e9 importante essere uomini e donne di valore?<\/span><\/cite><\/p>\n<p><cite><span lang=\"de-DE\">Non stiamo parlando di forze dell&#8217;ordine, ma stiamo parlando di uomini, e di donne.<\/span><\/cite><\/p>\n<p><cite><span lang=\"de-DE\">Ognuno di noi, se riconosce il proprio valore, riconosce anche la propria integrit\u00e1.<\/span><\/cite><\/p>\n<p><cite><span lang=\"de-DE\">Questa integrit\u00e1 lo porta a rimanere saldo davanti a situazioni che lo vogliono destabilizzare.<\/span><\/cite><\/p>\n<p><cite><span lang=\"de-DE\">Questa integrit\u00e1 lo rende vivo, non una marionetta, ma un essere vivo e capace di trasmettere fiducia. <\/span><\/cite><\/p>\n<h2><cite><span lang=\"de-DE\">Avere il controllo della situazione&#8230;<\/span><\/cite><\/h2>\n<p><cite><span lang=\"de-DE\">Se solo un po&#8217; alla volta ci dessimo una mossa e iniziassimo a prendere in mano la nostra vita consapevoli che paura indotta e manipolazione non ci appartengono, solo cos\u00ed possiamo veramente accellerare il processo di cambiamento in atto.<\/span><\/cite><\/p>\n<div id=\"attachment_5484\" style=\"width: 310px\" class=\"wp-caption alignleft\"><img loading=\"lazy\" decoding=\"async\" aria-describedby=\"caption-attachment-5484\" class=\"wp-image-5484 size-medium\" src=\"https:\/\/lbcomunicazione.org\/wp-content\/uploads\/2020\/06\/space-4286823_1920-300x169.jpg\" alt=\"\" width=\"300\" height=\"169\" srcset=\"https:\/\/lbcomunicazione.org\/wp-content\/uploads\/2020\/06\/space-4286823_1920-300x169.jpg 300w, https:\/\/lbcomunicazione.org\/wp-content\/uploads\/2020\/06\/space-4286823_1920-1024x576.jpg 1024w, https:\/\/lbcomunicazione.org\/wp-content\/uploads\/2020\/06\/space-4286823_1920-768x432.jpg 768w, https:\/\/lbcomunicazione.org\/wp-content\/uploads\/2020\/06\/space-4286823_1920-1536x864.jpg 1536w, https:\/\/lbcomunicazione.org\/wp-content\/uploads\/2020\/06\/space-4286823_1920-520x293.jpg 520w, https:\/\/lbcomunicazione.org\/wp-content\/uploads\/2020\/06\/space-4286823_1920.jpg 1920w\" sizes=\"auto, (max-width: 300px) 100vw, 300px\" \/><p id=\"caption-attachment-5484\" class=\"wp-caption-text\">Unirsi e fortificarsi&#8230;<\/p><\/div>\n<p><cite><span lang=\"de-DE\">Questo non significa usare violenza, anche perch\u00e9 se ne prendessimo coscienza, riusciremo ad avere il controllo della situazione, nonostante tutto.<\/span><\/cite><\/p>\n<p><cite><span lang=\"de-DE\">Significa per\u00f3 unirsi in questo processo di cambiamento, e raccogliere la forza necessaria per avviarsi verso il nuovo mondo, mentre il vecchio, al momento, sta crollando.<\/span><\/cite><\/p>\n<p><cite><span lang=\"de-DE\">Essere degli esseri di valore significa soprattutto non vendersi ai ricatti in corso, perch\u00e9 <\/span><\/cite><cite><span lang=\"de-DE\">proprio gli stessi che attuano questi ricatti, sono coloro che mieteranno le vittime.<\/span><\/cite><\/p>\n<p><cite><span lang=\"de-DE\">Del resto il mondo ha bisogno di uomini che non si fanno n\u00e9 vendere n\u00e9 comprare&#8230;.<\/span><\/cite><\/p>\n<p><cite><span lang=\"de-DE\">Solo questi uomini potranno veramente cambiare le cose, e chi li appogger\u00e1 contribuir\u00e1 a questo cambiamento in atto.<\/span><\/cite><\/p>\n<p>Altri articoli di Pittrice di parole, clicca <a href=\"https:\/\/lbcomunicazione.org\/index.php\/pittricediparole\/\">QUI<\/a><\/p>\n<p>&nbsp;<\/p>\n","protected":false},"excerpt":{"rendered":"<p>&nbsp; \u201cNon so con quali armi si combatter\u00e0 la Terza guerra mondiale, ma la Quarta s\u00ec: con bastoni e pietre.\u201d Albert Einstein<\/p>\n","protected":false},"author":12,"featured_media":5479,"comment_status":"open","ping_status":"closed","sticky":false,"template":"","format":"image","meta":{"footnotes":""},"categories":[181],"tags":[517],"class_list":["post-5477","post","type-post","status-publish","format-image","has-post-thumbnail","hentry","category-riflessioni","tag-guerra-mondiale","post_format-post-format-image"],"_links":{"self":[{"href":"https:\/\/lbcomunicazione.org\/index.php\/wp-json\/wp\/v2\/posts\/5477","targetHints":{"allow":["GET"]}}],"collection":[{"href":"https:\/\/lbcomunicazione.org\/index.php\/wp-json\/wp\/v2\/posts"}],"about":[{"href":"https:\/\/lbcomunicazione.org\/index.php\/wp-json\/wp\/v2\/types\/post"}],"author":[{"embeddable":true,"href":"https:\/\/lbcomunicazione.org\/index.php\/wp-json\/wp\/v2\/users\/12"}],"replies":[{"embeddable":true,"href":"https:\/\/lbcomunicazione.org\/index.php\/wp-json\/wp\/v2\/comments?post=5477"}],"version-history":[{"count":0,"href":"https:\/\/lbcomunicazione.org\/index.php\/wp-json\/wp\/v2\/posts\/5477\/revisions"}],"wp:featuredmedia":[{"embeddable":true,"href":"https:\/\/lbcomunicazione.org\/index.php\/wp-json\/wp\/v2\/media\/5479"}],"wp:attachment":[{"href":"https:\/\/lbcomunicazione.org\/index.php\/wp-json\/wp\/v2\/media?parent=5477"}],"wp:term":[{"taxonomy":"category","embeddable":true,"href":"https:\/\/lbcomunicazione.org\/index.php\/wp-json\/wp\/v2\/categories?post=5477"},{"taxonomy":"post_tag","embeddable":true,"href":"https:\/\/lbcomunicazione.org\/index.php\/wp-json\/wp\/v2\/tags?post=5477"}],"curies":[{"name":"wp","href":"https:\/\/api.w.org\/{rel}","templated":true}]}}