{"id":5411,"date":"2020-06-01T11:49:40","date_gmt":"2020-06-01T10:49:40","guid":{"rendered":"http:\/\/lbcomunicazione.org\/?p=5411"},"modified":"2020-06-02T12:01:48","modified_gmt":"2020-06-02T11:01:48","slug":"i-gemelli","status":"publish","type":"post","link":"https:\/\/lbcomunicazione.org\/index.php\/2020\/06\/01\/i-gemelli\/","title":{"rendered":"I Gemelli"},"content":{"rendered":"<h2><strong>I Gemelli<\/strong><\/h2>\n<p>Il Sole quest\u2019anno \u00e8 entrato nel segno dei Gemelli il 21 Maggio e vi rester\u00e0 fino al 20 Giugno.<\/p>\n<h2><strong>Come si collocano nella Ruota dello Zodiaco?<\/strong><\/h2>\n<p>I Gemelli rappresentano il terzo segno nella Ruota dello Zodiaco. Sono governati dal pianeta Mercurio, sono collegati alla Terza Casa e rappresentano la funzione vitale della respirazione. Mentre con l\u2019Ariete si viene al mondo, con il Toro si aprono gli occhi e si mangia, nei Gemelli si respira e si allungano le braccia per esplorare l\u2019ambiente immediatamente vicino. \u00a0Si manifesta anche una voglia di comunicare e giocare con tale ambiente, \u00a0espresso dalla terza casa: fratelli, cugini, parenti prossimi, figli, amici fraterni. Una certa voglia di leggerezza e divertimento caratterizza generalmente i Gemelli anche nell\u2019et\u00e0 adulta: tendono ad essere spiritosi, con buone doti di socievolezza, senso dell\u2019umorismo e simpatia<\/p>\n<p><img loading=\"lazy\" decoding=\"async\" class=\"aligncenter wp-image-5424 size-medium\" src=\"https:\/\/lbcomunicazione.org\/wp-content\/uploads\/2020\/06\/08597014-DBEF-434D-B12A-115BC4C4FCB4-300x300.png\" alt=\"\" width=\"300\" height=\"300\" srcset=\"https:\/\/lbcomunicazione.org\/wp-content\/uploads\/2020\/06\/08597014-DBEF-434D-B12A-115BC4C4FCB4-300x300.png 300w, https:\/\/lbcomunicazione.org\/wp-content\/uploads\/2020\/06\/08597014-DBEF-434D-B12A-115BC4C4FCB4-1024x1024.png 1024w, https:\/\/lbcomunicazione.org\/wp-content\/uploads\/2020\/06\/08597014-DBEF-434D-B12A-115BC4C4FCB4-150x150.png 150w, https:\/\/lbcomunicazione.org\/wp-content\/uploads\/2020\/06\/08597014-DBEF-434D-B12A-115BC4C4FCB4-768x768.png 768w, https:\/\/lbcomunicazione.org\/wp-content\/uploads\/2020\/06\/08597014-DBEF-434D-B12A-115BC4C4FCB4-160x160.png 160w, https:\/\/lbcomunicazione.org\/wp-content\/uploads\/2020\/06\/08597014-DBEF-434D-B12A-115BC4C4FCB4-320x320.png 320w, https:\/\/lbcomunicazione.org\/wp-content\/uploads\/2020\/06\/08597014-DBEF-434D-B12A-115BC4C4FCB4-520x520.png 520w, https:\/\/lbcomunicazione.org\/wp-content\/uploads\/2020\/06\/08597014-DBEF-434D-B12A-115BC4C4FCB4.png 1280w\" sizes=\"auto, (max-width: 300px) 100vw, 300px\" \/><\/p>\n<h2>I Gemelli &#8211; mente mercuriale<\/h2>\n<p>I Gemelli hanno una mente veloce, un intelletto agile, raffinato e versatile, un\u2019attenzione vigile in fase di ascolto, astuzia. Tendono talvolta a disperdersi in molti interessi senza approfondirne nessuno, rischiando cos\u00ec di apparire superficiali. Possono avere successo come giornalisti, blogger, pubblicit\u00e0 e tutto ci\u00f2 che \u00e8 inerente la comunicazione e le relazioni pubbliche. Ma anche la lavorazione del vetro, la telefonia, i commerci, il Rebirthing &#8230; e le truffe.<\/p>\n<p>Possono rivelare anche una certa vena di protagonismo, un desiderio di apparire interessanti soprattutto in ambienti mondani, di attirare l\u2019attenzione di amicizie che possano portare loro vantaggi.<\/p>\n<h2>Corrispondenze nel corpo umano<\/h2>\n<div id=\"attachment_5415\" style=\"width: 241px\" class=\"wp-caption aligncenter\"><img loading=\"lazy\" decoding=\"async\" aria-describedby=\"caption-attachment-5415\" class=\"wp-image-5415 size-medium\" src=\"https:\/\/lbcomunicazione.org\/wp-content\/uploads\/2020\/05\/2FB66D30-752A-43E7-80F1-335F0EA091FD-231x300.jpeg\" alt=\"Melotesia\" width=\"231\" height=\"300\" srcset=\"https:\/\/lbcomunicazione.org\/wp-content\/uploads\/2020\/05\/2FB66D30-752A-43E7-80F1-335F0EA091FD-231x300.jpeg 231w, https:\/\/lbcomunicazione.org\/wp-content\/uploads\/2020\/05\/2FB66D30-752A-43E7-80F1-335F0EA091FD-788x1024.jpeg 788w, https:\/\/lbcomunicazione.org\/wp-content\/uploads\/2020\/05\/2FB66D30-752A-43E7-80F1-335F0EA091FD-768x998.jpeg 768w, https:\/\/lbcomunicazione.org\/wp-content\/uploads\/2020\/05\/2FB66D30-752A-43E7-80F1-335F0EA091FD-520x676.jpeg 520w, https:\/\/lbcomunicazione.org\/wp-content\/uploads\/2020\/05\/2FB66D30-752A-43E7-80F1-335F0EA091FD.jpeg 985w\" sizes=\"auto, (max-width: 231px) 100vw, 231px\" \/><p id=\"caption-attachment-5415\" class=\"wp-caption-text\"><em>Melotesia<\/em><\/p><\/div>\n<p>Secondo le corrispondenze tra i segni e le parti del corpo, ai Gemelli sono attribuite le braccia ma anche le vie respiratorie, bronchi e polmoni, \u00a0l\u2019orecchio interno e il timpano.<\/p>\n<p>Nel prossimo articolo, qualche cenno sulla mitologia legata al segno.<\/p>\n<p>&nbsp;<\/p>\n<p>Altri articoli di Flavia, clicca <a href=\"https:\/\/lbcomunicazione.org\/index.php\/author\/flavia\/\">QUI<\/a><\/p>\n","protected":false},"excerpt":{"rendered":"<p>I Gemelli Il Sole quest\u2019anno \u00e8 entrato nel segno dei Gemelli il 21 Maggio e vi rester\u00e0 fino al 20 Giugno. Come si collocano nella Ruota dello Zodiaco? I Gemelli rappresentano il terzo segno nella Ruota&#46;&#46;&#46;<\/p>\n","protected":false},"author":55,"featured_media":5456,"comment_status":"open","ping_status":"closed","sticky":false,"template":"","format":"image","meta":{"footnotes":""},"categories":[71,17],"tags":[508,507,509],"class_list":["post-5411","post","type-post","status-publish","format-image","has-post-thumbnail","hentry","category-cultura","category-oroscopo","tag-astrologia","tag-gemelli","tag-segni-zodiacali","post_format-post-format-image"],"_links":{"self":[{"href":"https:\/\/lbcomunicazione.org\/index.php\/wp-json\/wp\/v2\/posts\/5411","targetHints":{"allow":["GET"]}}],"collection":[{"href":"https:\/\/lbcomunicazione.org\/index.php\/wp-json\/wp\/v2\/posts"}],"about":[{"href":"https:\/\/lbcomunicazione.org\/index.php\/wp-json\/wp\/v2\/types\/post"}],"author":[{"embeddable":true,"href":"https:\/\/lbcomunicazione.org\/index.php\/wp-json\/wp\/v2\/users\/55"}],"replies":[{"embeddable":true,"href":"https:\/\/lbcomunicazione.org\/index.php\/wp-json\/wp\/v2\/comments?post=5411"}],"version-history":[{"count":0,"href":"https:\/\/lbcomunicazione.org\/index.php\/wp-json\/wp\/v2\/posts\/5411\/revisions"}],"wp:featuredmedia":[{"embeddable":true,"href":"https:\/\/lbcomunicazione.org\/index.php\/wp-json\/wp\/v2\/media\/5456"}],"wp:attachment":[{"href":"https:\/\/lbcomunicazione.org\/index.php\/wp-json\/wp\/v2\/media?parent=5411"}],"wp:term":[{"taxonomy":"category","embeddable":true,"href":"https:\/\/lbcomunicazione.org\/index.php\/wp-json\/wp\/v2\/categories?post=5411"},{"taxonomy":"post_tag","embeddable":true,"href":"https:\/\/lbcomunicazione.org\/index.php\/wp-json\/wp\/v2\/tags?post=5411"}],"curies":[{"name":"wp","href":"https:\/\/api.w.org\/{rel}","templated":true}]}}