{"id":5355,"date":"2020-05-27T15:26:11","date_gmt":"2020-05-27T14:26:11","guid":{"rendered":"http:\/\/lbcomunicazione.org\/?p=5355"},"modified":"2020-05-27T15:26:11","modified_gmt":"2020-05-27T14:26:11","slug":"la-dittatura-il-frutto-della-paura","status":"publish","type":"post","link":"https:\/\/lbcomunicazione.org\/index.php\/2020\/05\/27\/la-dittatura-il-frutto-della-paura\/","title":{"rendered":"La Dittatura, il Frutto della Paura&#8230;"},"content":{"rendered":"<blockquote><p><em><span lang=\"de-DE\">I dittatori non servono quando la gente \u00e8 gi\u00e0 china sotto il mantello dorato del benessere. \u00c8 gi\u00e0 disposta a tutto pur di mantenere la propria condizione di privilegio, al prezzo della sua paura, soddisfatta dai suoi avanzamenti, incurante del costo esistenziale e sociale che tutto questo comporta&#8230;<br \/>\n<\/span><\/em><\/p>\n<p>&nbsp;<\/p><\/blockquote>\n<p><!--more--><\/p>\n<div class=\"video-container\"><iframe loading=\"lazy\" title=\"blog TG24 la comunicazione : &quot; La Dittatura, il Frutto della Paura... &quot;\" width=\"500\" height=\"281\" src=\"https:\/\/www.youtube.com\/embed\/_-W4l55YYsw?feature=oembed&#038;wmode=opaque\" frameborder=\"0\" allow=\"accelerometer; autoplay; clipboard-write; encrypted-media; gyroscope; picture-in-picture; web-share\" referrerpolicy=\"strict-origin-when-cross-origin\" allowfullscreen><\/iframe><\/div>\n<p>&nbsp;<\/p>\n<p><span lang=\"de-DE\">Di <strong>Maria Diana<\/strong><\/span><\/p>\n<h2><span lang=\"de-DE\">La Dittatura, il Frutto della Paura&#8230;<\/span><\/h2>\n<div id=\"attachment_5359\" style=\"width: 310px\" class=\"wp-caption alignright\"><img loading=\"lazy\" decoding=\"async\" aria-describedby=\"caption-attachment-5359\" class=\"wp-image-5359 size-medium\" src=\"https:\/\/lbcomunicazione.org\/wp-content\/uploads\/2020\/05\/fantasy-4063623_1920-300x300.jpg\" alt=\"\" width=\"300\" height=\"300\" srcset=\"https:\/\/lbcomunicazione.org\/wp-content\/uploads\/2020\/05\/fantasy-4063623_1920-300x300.jpg 300w, https:\/\/lbcomunicazione.org\/wp-content\/uploads\/2020\/05\/fantasy-4063623_1920-1024x1024.jpg 1024w, https:\/\/lbcomunicazione.org\/wp-content\/uploads\/2020\/05\/fantasy-4063623_1920-150x150.jpg 150w, https:\/\/lbcomunicazione.org\/wp-content\/uploads\/2020\/05\/fantasy-4063623_1920-768x768.jpg 768w, https:\/\/lbcomunicazione.org\/wp-content\/uploads\/2020\/05\/fantasy-4063623_1920-1536x1536.jpg 1536w, https:\/\/lbcomunicazione.org\/wp-content\/uploads\/2020\/05\/fantasy-4063623_1920-160x160.jpg 160w, https:\/\/lbcomunicazione.org\/wp-content\/uploads\/2020\/05\/fantasy-4063623_1920-320x320.jpg 320w, https:\/\/lbcomunicazione.org\/wp-content\/uploads\/2020\/05\/fantasy-4063623_1920-520x520.jpg 520w, https:\/\/lbcomunicazione.org\/wp-content\/uploads\/2020\/05\/fantasy-4063623_1920.jpg 1920w\" sizes=\"auto, (max-width: 300px) 100vw, 300px\" \/><p id=\"caption-attachment-5359\" class=\"wp-caption-text\">Affondare nella paura&#8230;<\/p><\/div>\n<p><span lang=\"de-DE\">La<strong> Dittatura<\/strong>, se ci fate caso, nasce dalla <strong>paura<\/strong>.<\/span><\/p>\n<p><span lang=\"de-DE\">La <strong>paura<\/strong> di perdere la propria sicurezza, il denaro, il lavoro, la salute, e ci si ritrova ad essere dipendenti di questa anomal\u00eda che ci schiavizza.<\/span><\/p>\n<p><span lang=\"de-DE\">Le persone che hanno<strong> paura<\/strong> si ritrovano a vivere in un vero e proprio stato di continua ansia, che li trascina in atteggiamenti talvolta aggressivi.<\/span><\/p>\n<p><span lang=\"de-DE\">Quanti di loro, ad un certo punto, si ritrovano a desiderare ardentemente che ci sia un controllo ferreo della situazione in corso, un controllo sia a livello economico che sanitario.<\/span><\/p>\n<div id=\"attachment_5360\" style=\"width: 310px\" class=\"wp-caption alignleft\"><img loading=\"lazy\" decoding=\"async\" aria-describedby=\"caption-attachment-5360\" class=\"wp-image-5360 size-medium\" src=\"https:\/\/lbcomunicazione.org\/wp-content\/uploads\/2020\/05\/people-314481_1280-300x199.jpg\" alt=\"\" width=\"300\" height=\"199\" srcset=\"https:\/\/lbcomunicazione.org\/wp-content\/uploads\/2020\/05\/people-314481_1280-300x199.jpg 300w, https:\/\/lbcomunicazione.org\/wp-content\/uploads\/2020\/05\/people-314481_1280-1024x678.jpg 1024w, https:\/\/lbcomunicazione.org\/wp-content\/uploads\/2020\/05\/people-314481_1280-768x508.jpg 768w, https:\/\/lbcomunicazione.org\/wp-content\/uploads\/2020\/05\/people-314481_1280-520x344.jpg 520w, https:\/\/lbcomunicazione.org\/wp-content\/uploads\/2020\/05\/people-314481_1280.jpg 1280w\" sizes=\"auto, (max-width: 300px) 100vw, 300px\" \/><p id=\"caption-attachment-5360\" class=\"wp-caption-text\">Bisogno di sicurezza&#8230;<\/p><\/div>\n<h2><span lang=\"de-DE\">La paura di perdere qualcosa&#8230;<\/span><\/h2>\n<p><span lang=\"de-DE\">Denaro e salute prendono come valori vitali il sopravvento, ma pur di sentirsi sicuri della garanzia che sia l&#8217;uno che l&#8217;altra non vengano a mancare, le persone invocano leggi restrittive pur di avere questa sicurezza.<\/span><\/p>\n<p><span lang=\"de-DE\">Quindi che cos&#8217;\u00e9 che genera la <strong>Dittatura<\/strong> se non la paura di perdere qualcosa che riteniamo fondamentale per la nostra esistenza?<\/span><\/p>\n<p><span lang=\"de-DE\">Ora vorrei riflettere con voi su un punto essenziale: che valore diamo alla libert\u00e1 e alla vita stessa?<\/span><\/p>\n<h2><span lang=\"de-DE\">Prendiamo atto di questo&#8230;<\/span><\/h2>\n<div id=\"attachment_5361\" style=\"width: 310px\" class=\"wp-caption alignright\"><img loading=\"lazy\" decoding=\"async\" aria-describedby=\"caption-attachment-5361\" class=\"wp-image-5361 size-medium\" src=\"https:\/\/lbcomunicazione.org\/wp-content\/uploads\/2020\/05\/demokratie-1536632_1920-300x218.jpg\" alt=\"\" width=\"300\" height=\"218\" srcset=\"https:\/\/lbcomunicazione.org\/wp-content\/uploads\/2020\/05\/demokratie-1536632_1920-300x218.jpg 300w, https:\/\/lbcomunicazione.org\/wp-content\/uploads\/2020\/05\/demokratie-1536632_1920-1024x743.jpg 1024w, https:\/\/lbcomunicazione.org\/wp-content\/uploads\/2020\/05\/demokratie-1536632_1920-768x558.jpg 768w, https:\/\/lbcomunicazione.org\/wp-content\/uploads\/2020\/05\/demokratie-1536632_1920-1536x1115.jpg 1536w, https:\/\/lbcomunicazione.org\/wp-content\/uploads\/2020\/05\/demokratie-1536632_1920-520x378.jpg 520w, https:\/\/lbcomunicazione.org\/wp-content\/uploads\/2020\/05\/demokratie-1536632_1920.jpg 1920w\" sizes=\"auto, (max-width: 300px) 100vw, 300px\" \/><p id=\"caption-attachment-5361\" class=\"wp-caption-text\">Barattare la nostra vita&#8230;<\/p><\/div>\n<h2><span lang=\"de-DE\">\u00a0<\/span><\/h2>\n<p><span lang=\"de-DE\">Siamo sicuri che grazie alle restrizioni la nostra vita ricever\u00e1 da parte nostra il vero valore che le spetta?<\/span><\/p>\n<p><span lang=\"de-DE\">Siamo sicuri che grazie alle restrizioni il nostro lato umano venga riconosciuto come tale con l&#8217;andare del tempo?<\/span><\/p>\n<p><span lang=\"de-DE\">Abbiamo mai pensato cosa veramente ha valore nella nostra vita e lo abbiamo mai veramente difeso?<\/span><\/p>\n<p><span lang=\"de-DE\">Essere pieni di <strong>paura<\/strong> non vuol dire per caso essere manipolabili facilmente?<\/span><\/p>\n<p><span lang=\"de-DE\">Crediamo veramente che la <strong>Dittatura<\/strong> possa nascere senza il nostro consenso?<\/span><\/p>\n<div id=\"attachment_5362\" style=\"width: 310px\" class=\"wp-caption alignleft\"><img loading=\"lazy\" decoding=\"async\" aria-describedby=\"caption-attachment-5362\" class=\"wp-image-5362 size-medium\" src=\"https:\/\/lbcomunicazione.org\/wp-content\/uploads\/2020\/05\/love-2055960_1920-300x200.jpg\" alt=\"\" width=\"300\" height=\"200\" srcset=\"https:\/\/lbcomunicazione.org\/wp-content\/uploads\/2020\/05\/love-2055960_1920-300x200.jpg 300w, https:\/\/lbcomunicazione.org\/wp-content\/uploads\/2020\/05\/love-2055960_1920-1024x683.jpg 1024w, https:\/\/lbcomunicazione.org\/wp-content\/uploads\/2020\/05\/love-2055960_1920-768x512.jpg 768w, https:\/\/lbcomunicazione.org\/wp-content\/uploads\/2020\/05\/love-2055960_1920-1536x1024.jpg 1536w, https:\/\/lbcomunicazione.org\/wp-content\/uploads\/2020\/05\/love-2055960_1920-520x347.jpg 520w, https:\/\/lbcomunicazione.org\/wp-content\/uploads\/2020\/05\/love-2055960_1920.jpg 1920w\" sizes=\"auto, (max-width: 300px) 100vw, 300px\" \/><p id=\"caption-attachment-5362\" class=\"wp-caption-text\">Paura di vivere&#8230;<\/p><\/div>\n<h2><span lang=\"de-DE\">Bambini in cerca di protezione&#8230;<\/span><\/h2>\n<p><span lang=\"de-DE\">Non abbiamo mai pensato che, forse, \u00e9 proprio il desiderio di protezione dovuto a bambini non ancora maturi a far nascere questa <strong>Dittatura<\/strong> che d\u00e1 in qualche modo sicurezza anche se apparente?<\/span><\/p>\n<p><span lang=\"de-DE\">E infine vivere divisi tra persone che hanno maturato l&#8217;importanza di esseri liberi e responsabili, consapevoli del valore reale della vita, decisi a non fare la fine di un robot impaurito che accusa costantemente chi non avendo paura si comporta da essere libero&#8230;e coloro che scelgono di vivere nella <strong>paura<\/strong> perch\u00e9 hanno deciso di non fare quel salto di qualit\u00e1 e di rimanere succubi di un sistema che si ciba proprio della loro<strong> paura<\/strong>&#8230; <\/span><\/p>\n<p><span lang=\"de-DE\">Tutto questo che senso ha?<\/span><\/p>\n<h2><span lang=\"de-DE\">Umanit\u00e1 disumanizzata&#8230;<\/span><\/h2>\n<div id=\"attachment_5357\" style=\"width: 229px\" class=\"wp-caption alignright\"><img loading=\"lazy\" decoding=\"async\" aria-describedby=\"caption-attachment-5357\" class=\"wp-image-5357 size-medium\" src=\"https:\/\/lbcomunicazione.org\/wp-content\/uploads\/2020\/05\/photo_2020-05-26_01-26-07-219x300.jpg\" alt=\"\" width=\"219\" height=\"300\" srcset=\"https:\/\/lbcomunicazione.org\/wp-content\/uploads\/2020\/05\/photo_2020-05-26_01-26-07-219x300.jpg 219w, https:\/\/lbcomunicazione.org\/wp-content\/uploads\/2020\/05\/photo_2020-05-26_01-26-07-520x711.jpg 520w, https:\/\/lbcomunicazione.org\/wp-content\/uploads\/2020\/05\/photo_2020-05-26_01-26-07.jpg 702w\" sizes=\"auto, (max-width: 219px) 100vw, 219px\" \/><p id=\"caption-attachment-5357\" class=\"wp-caption-text\">Vendere la propria umanit\u00e1&#8230;<\/p><\/div>\n<p><span lang=\"de-DE\">Sono sicura che nel cuore di ognuno di noi c&#8217;\u00e9 una grande voglia di essere felici, liberi, umani.<\/span><span lang=\"de-DE\">\u00a0<\/span><\/p>\n<p><span lang=\"de-DE\">La divisione \u00e9 l&#8217;arma che genera la <strong>paura<\/strong>, e la<strong> paura<\/strong> \u00e8 l&#8217;arma che genera la <strong>Dittatura.<\/strong><\/span><\/p>\n<p><span lang=\"de-DE\">La <strong>Dittatura<\/strong> porta a disumanizzare l&#8217;umanit\u00e1, la fa degenerare e la rende succube del dittatore di turno.<\/span><\/p>\n<p><span lang=\"de-DE\">Quando le persone comprenderanno che la vita \u00e9 un dono prezioso e come tale va trattato, capiranno anche che la <strong>paura<\/strong>, soprattutto quando viene generata come strumento di manipolazione da chi lo sa fare molto bene, porta alla morte che non \u00e9 quella fisica, bens\u00ed quella dell&#8217;individuo come essere umano.<\/span><\/p>\n<p><span lang=\"de-DE\">Vendersi, anche se inconsciamente, non fa bene, e il legame con il denaro uccide il dono della vita.<\/span><\/p>\n<p><em><span lang=\"de-DE\">Il dittatore \u00e9 comunque un assetato di potere e un venduto, e le sue prede prendono piano piano le sue sembianze, purtroppo.<\/span><\/em><\/p>\n<p>&nbsp;<\/p>\n<p><span lang=\"de-DE\">Termino con un pensiero di Mahatma Gandhi:<\/span><\/p>\n<p><em>\u201c<span lang=\"de-DE\"><strong>Non appena qualcuno si rende conto che obbedire a leggi ingiuste \u00e8 contrario alla dignit\u00e1 dell&#8217;uomo, nessuna tirannia pu\u00f2 dominarlo<\/strong>.\u201d<\/span><\/em><\/p>\n<p>Altri articoli di Pittrice di parole, clicca <a href=\"https:\/\/lbcomunicazione.org\/index.php\/pittricediparole\/\">QUI<\/a><\/p>\n<p>&nbsp;<\/p>\n<p>&nbsp;<\/p>\n<p>&nbsp;<\/p>\n","protected":false},"excerpt":{"rendered":"<p>I dittatori non servono quando la gente \u00e8 gi\u00e0 china sotto il mantello dorato del benessere. \u00c8 gi\u00e0 disposta a tutto pur di mantenere la propria condizione di privilegio, al prezzo della sua paura, soddisfatta dai&#46;&#46;&#46;<\/p>\n","protected":false},"author":12,"featured_media":5358,"comment_status":"open","ping_status":"closed","sticky":false,"template":"","format":"image","meta":{"footnotes":""},"categories":[181],"tags":[503,304],"class_list":["post-5355","post","type-post","status-publish","format-image","has-post-thumbnail","hentry","category-riflessioni","tag-dittatura","tag-paura","post_format-post-format-image"],"_links":{"self":[{"href":"https:\/\/lbcomunicazione.org\/index.php\/wp-json\/wp\/v2\/posts\/5355","targetHints":{"allow":["GET"]}}],"collection":[{"href":"https:\/\/lbcomunicazione.org\/index.php\/wp-json\/wp\/v2\/posts"}],"about":[{"href":"https:\/\/lbcomunicazione.org\/index.php\/wp-json\/wp\/v2\/types\/post"}],"author":[{"embeddable":true,"href":"https:\/\/lbcomunicazione.org\/index.php\/wp-json\/wp\/v2\/users\/12"}],"replies":[{"embeddable":true,"href":"https:\/\/lbcomunicazione.org\/index.php\/wp-json\/wp\/v2\/comments?post=5355"}],"version-history":[{"count":0,"href":"https:\/\/lbcomunicazione.org\/index.php\/wp-json\/wp\/v2\/posts\/5355\/revisions"}],"wp:featuredmedia":[{"embeddable":true,"href":"https:\/\/lbcomunicazione.org\/index.php\/wp-json\/wp\/v2\/media\/5358"}],"wp:attachment":[{"href":"https:\/\/lbcomunicazione.org\/index.php\/wp-json\/wp\/v2\/media?parent=5355"}],"wp:term":[{"taxonomy":"category","embeddable":true,"href":"https:\/\/lbcomunicazione.org\/index.php\/wp-json\/wp\/v2\/categories?post=5355"},{"taxonomy":"post_tag","embeddable":true,"href":"https:\/\/lbcomunicazione.org\/index.php\/wp-json\/wp\/v2\/tags?post=5355"}],"curies":[{"name":"wp","href":"https:\/\/api.w.org\/{rel}","templated":true}]}}